{"id":113831,"date":"2019-02-21T15:51:39","date_gmt":"2019-02-21T14:51:39","guid":{"rendered":"http:\/\/gazdasagportal.hu\/?p=113831"},"modified":"2019-02-21T15:33:55","modified_gmt":"2019-02-21T14:33:55","slug":"uj-kutatas-fejlesztesi-kozpontot-hoz-letre-a-renault-trucks-lyonban","status":"publish","type":"post","link":"https:\/\/gazdasagportal.hu\/index.php\/uj-kutatas-fejlesztesi-kozpontot-hoz-letre-a-renault-trucks-lyonban\/","title":{"rendered":"\u00daj kutat\u00e1s-fejleszt\u00e9si k\u00f6zpontot hoz l\u00e9tre a renault trucks lyonban"},"content":{"rendered":"<table class=\"m_-8225483450606722909templateContainer\" border=\"0\" width=\"100%\" cellspacing=\"0\" cellpadding=\"0\">\n<tbody>\n<tr>\n<td id=\"m_-8225483450606722909templateBody\" valign=\"top\">\n<table class=\"m_-8225483450606722909mcnTextBlock\" border=\"0\" width=\"100%\" cellspacing=\"0\" cellpadding=\"0\">\n<tbody class=\"m_-8225483450606722909mcnTextBlockOuter\">\n<tr>\n<td class=\"m_-8225483450606722909mcnTextBlockInner\" valign=\"top\">\n<table class=\"m_-8225483450606722909mcnTextContentContainer\" border=\"0\" width=\"100%\" cellspacing=\"0\" cellpadding=\"0\" align=\"left\">\n<tbody>\n<tr>\n<td class=\"m_-8225483450606722909mcnTextContent\" valign=\"top\"><strong>A Renault Trucks, melynek k\u00f6zpontja alap\u00edt\u00e1sa, 1894 \u00f3ta Lyonban tal\u00e1lhat\u00f3, \u00faj, k\u00f6rnyezettudatos kutat\u00e1s-fejleszt\u00e9si k\u00f6zpontot hoz l\u00e9tre 11.300 m2 ter\u00fcleten. A megnyittat\u00e1s\u00e1t 2021-re tervezi a gy\u00e1rt\u00f3.<\/strong><!--more--><\/p>\n<div class=\"ads-in-post1\"><div id=\"gazdasagportal.hu_fullbanner_wideboard\"><\/div>\r\n<\/div>\n<p><strong><em>Az indul\u00f3 \u00f3ri\u00e1si projekt tov\u00e1bb er\u0151s\u00edti a lyoni k\u00f6zpont innov\u00e1ci\u00f3s elismerts\u00e9g\u00e9t, l\u00e9trehozva a Volvo csoport m\u00e1sodik legnagyobb kutat\u00e1s-fejleszt\u00e9si center\u00e9t.<\/em><\/strong><\/td>\n<\/tr>\n<\/tbody>\n<\/table>\n<\/td>\n<\/tr>\n<\/tbody>\n<\/table>\n<table class=\"m_-8225483450606722909mcnTextBlock\" border=\"0\" width=\"100%\" cellspacing=\"0\" cellpadding=\"0\">\n<tbody class=\"m_-8225483450606722909mcnTextBlockOuter\">\n<tr>\n<td class=\"m_-8225483450606722909mcnTextBlockInner\" valign=\"top\">\n<table class=\"m_-8225483450606722909mcnTextContentContainer\" border=\"0\" width=\"100%\" cellspacing=\"0\" cellpadding=\"0\" align=\"left\">\n<tbody>\n<tr>\n<td class=\"m_-8225483450606722909mcnTextContent\" valign=\"top\">A k\u00f6zpont l\u00e9trehoz\u00e1sa a Renault Trucks \u00e9s a Volvo Csoport 5 \u00e9ves beruh\u00e1z\u00e1si terv\u00e9nek egyik legfontosabb eleme, melynek c\u00e9lja, hogy a m\u00e1rka felk\u00e9sz\u00fclhessen a j\u00f6v\u0151ben v\u00e1rhat\u00f3 term\u00e9kfejleszt\u00e9sekre \u00e9s egyetlen optim\u00e1lis helyre koncentr\u00e1lja a szakmai tud\u00e1st.<\/p>\n<p>Az \u00fajszer\u0171 felfog\u00e1sban fel\u00e1ll\u00f3 rendszerben a k\u00fcl\u00f6nb\u00f6z\u0151 ter\u00fcletek szak\u00e9rt\u0151 kutat\u00f3i k\u00e9z a k\u00e9zben egy\u00fctt fognak dolgozni nemcsak a Renault Trucks m\u00e1rka, hanem a csoport m\u00e1s m\u00e1rk\u00e1inak a projektjein is.<\/td>\n<\/tr>\n<\/tbody>\n<\/table>\n<\/td>\n<\/tr>\n<\/tbody>\n<\/table>\n<table class=\"m_-8225483450606722909mcnTextBlock\" border=\"0\" width=\"100%\" cellspacing=\"0\" cellpadding=\"0\">\n<tbody class=\"m_-8225483450606722909mcnTextBlockOuter\">\n<tr>\n<td class=\"m_-8225483450606722909mcnTextBlockInner\" valign=\"top\">\n<table class=\"m_-8225483450606722909mcnTextContentContainer\" border=\"0\" width=\"100%\" cellspacing=\"0\" cellpadding=\"0\" align=\"left\">\n<tbody>\n<tr>\n<td class=\"m_-8225483450606722909mcnTextContent\" valign=\"top\"><em><strong>K\u00f6zels\u00e9g, kommunik\u00e1ci\u00f3 \u00e9s rugalmass\u00e1g: a m\u00e9g hat\u00e9konyabban m\u0171k\u00f6d\u0151 szervezet alappill\u00e9rei<\/strong><\/em><\/p>\n<p>A szinergia \u00e9s az innov\u00e1ci\u00f3, a Renault Trucks \u00e9s a csoport j\u00e1rm\u0171csal\u00e1djainak j\u00f6v\u0151beli sikerei \u00e9rdek\u00e9ben az \u00faj kutat\u00e1s-fejleszt\u00e9si k\u00f6zpont mintegy 1000 szakembert (a Lyoni k\u00f6zpontban tal\u00e1lhat\u00f3 \u00f6sszesen 1400 k\u00f6z\u00fcl) fog foglalkoztatni, \u00e9s ezzel Franciaorsz\u00e1g 10 legnagyobb kutat\u00e1si k\u00f6zpontjainak egyik\u00e9v\u00e9 l\u00e9p el\u0151.<br \/>\n<div class=\"ads-in-post2\"><script async src=\"https:\/\/pagead2.googlesyndication.com\/pagead\/js\/adsbygoogle.js\"><\/script>\r\n<ins class=\"adsbygoogle\"\r\n     style=\"display:block\"\r\n     data-ad-format=\"fluid\"\r\n     data-ad-layout-key=\"-6t+ed+2i-1n-4w\"\r\n     data-ad-client=\"ca-pub-1959107119989764\"\r\n     data-ad-slot=\"4008251320\"><\/ins>\r\n<script>\r\n     (adsbygoogle = window.adsbygoogle || []).push({});\r\n<\/script><\/div><\/td>\n<\/tr>\n<\/tbody>\n<\/table>\n<\/td>\n<\/tr>\n<\/tbody>\n<\/table>\n<\/td>\n<\/tr>\n<tr>\n<td id=\"m_-8225483450606722909templateFooter\" valign=\"top\">\n<table class=\"m_-8225483450606722909mcnCaptionBlock\" border=\"0\" width=\"100%\" cellspacing=\"0\" cellpadding=\"0\">\n<tbody class=\"m_-8225483450606722909mcnCaptionBlockOuter\">\n<tr>\n<td class=\"m_-8225483450606722909mcnCaptionBlockInner\" valign=\"top\">\n<table class=\"m_-8225483450606722909mcnCaptionBottomContent\" border=\"0\" cellspacing=\"0\" cellpadding=\"0\" align=\"left\">\n<tbody>\n<tr>\n<td class=\"m_-8225483450606722909mcnCaptionBottomImageContent\" align=\"center\" valign=\"top\"><img decoding=\"async\" class=\"m_-8225483450606722909mcnImage CToWUd a6T\" tabindex=\"0\" src=\"https:\/\/ci4.googleusercontent.com\/proxy\/zce1wxfda-9KXflX4yyerBfBPnrxogW05xdRsJwEPqsbKyb_GE6DXuYKuQv1wpWVrkrYtL8UNpLV_VbHp__mea8-ukcjoCbOFQZfYw2QknBJB7YvSdWnPT89p2K9l1ZAfURGY4vOXuzHFsqdcT1f_mLUyO9PCs-bSm0=s0-d-e1-ft#https:\/\/gallery.mailchimp.com\/d78f04d469a29d5b8b04c83bd\/images\/9b096909-e98a-4469-9bbd-9196b298e751.jpg\" alt=\"\" width=\"500\" \/><\/td>\n<\/tr>\n<tr>\n<td class=\"m_-8225483450606722909mcnTextContent\" valign=\"top\" width=\"564\"><\/td>\n<\/tr>\n<\/tbody>\n<\/table>\n<\/td>\n<\/tr>\n<\/tbody>\n<\/table>\n<table class=\"m_-8225483450606722909mcnTextBlock\" border=\"0\" width=\"100%\" cellspacing=\"0\" cellpadding=\"0\">\n<tbody class=\"m_-8225483450606722909mcnTextBlockOuter\">\n<tr>\n<td class=\"m_-8225483450606722909mcnTextBlockInner\" valign=\"top\">\n<table class=\"m_-8225483450606722909mcnTextContentContainer\" border=\"0\" width=\"100%\" cellspacing=\"0\" cellpadding=\"0\" align=\"left\">\n<tbody>\n<tr>\n<td class=\"m_-8225483450606722909mcnTextContent\" valign=\"top\">A m\u00e9rn\u00f6k\u00f6k \u00e9s a kutat\u00f3k a beszerz\u00e9si r\u00e9szleggel dolgoznak majd egy\u00fctt a tervek szerint. A c\u00e9l, hogy a r\u00e9szlegek k\u00f6z\u00f6tti inform\u00e1ci\u00f3\u00e1raml\u00e1s k\u00f6nnyebb \u00e9s gyorsabb legyen \u00e9s a j\u00f6v\u0151 kamionjainak fejleszt\u00e9si projektjei sor\u00e1n a j\u00f3v\u00e1hagy\u00e1si \u00e9s v\u00e9gleges\u00edt\u00e9si folyamatok felgyorsulhassanak.<\/p><div id=\"gazda-1190442395\" class=\"gazda-tartalomban gazda-entity-placement\"><script async src=\"https:\/\/pagead2.googlesyndication.com\/pagead\/js\/adsbygoogle.js\"><\/script>\r\n<ins class=\"adsbygoogle\"\r\n     style=\"display:block\"\r\n     data-ad-format=\"fluid\"\r\n     data-ad-layout-key=\"-6t+ed+2i-1n-4w\"\r\n     data-ad-client=\"ca-pub-1959107119989764\"\r\n     data-ad-slot=\"4008251320\"><\/ins>\r\n<script>\r\n     (adsbygoogle = window.adsbygoogle || []).push({});\r\n<\/script><\/div>\n<p>Ez az alapjaiban \u00faj megk\u00f6zel\u00edt\u00e9s kifejez\u00e9sre ker\u00fcl a munkak\u00f6rnyezet kialak\u00edt\u00e1s\u00e1ban is: a h\u00e1romszintes \u00e9p\u00fcletet \u00fagy tervezik, hogy seg\u00edtse a teamek k\u00f6z\u00f6tti kommunik\u00e1ci\u00f3t, mely meghat\u00e1roz\u00f3 jelent\u0151s\u00e9g\u0171 a projektek \u00e9s \u00faj\u00edt\u00e1sok megval\u00f3s\u00edt\u00e1s\u00e1hoz.<\/p>\n<p>Az irod\u00e1k, a nyitott terek, a kreat\u00edv z\u00f3n\u00e1k elhelyez\u00e9se \u00e9s kialak\u00edt\u00e1sa \u00e9s a teljes \u00e9p\u00fclet \u00fagy lett megtervezve, hogy \u00faj\u00edt\u00e1sra \u00e9s tapasztalatcser\u00e9re \u00f6szt\u00f6n\u00f6zz\u00f6n.<\/td>\n<\/tr>\n<\/tbody>\n<\/table>\n<\/td>\n<\/tr>\n<\/tbody>\n<\/table>\n<table class=\"m_-8225483450606722909mcnTextBlock\" border=\"0\" width=\"100%\" cellspacing=\"0\" cellpadding=\"0\">\n<tbody class=\"m_-8225483450606722909mcnTextBlockOuter\">\n<tr>\n<td class=\"m_-8225483450606722909mcnTextBlockInner\" valign=\"top\">\n<table class=\"m_-8225483450606722909mcnTextContentContainer\" border=\"0\" width=\"100%\" cellspacing=\"0\" cellpadding=\"0\" align=\"left\">\n<tbody>\n<tr>\n<td class=\"m_-8225483450606722909mcnTextContent\" valign=\"top\"><em><strong>Eco-design, optim\u00e1lis munkak\u00f6rnyezet \u00e9s k\u00f6lts\u00e9ghat\u00e9konys\u00e1g: 100%-ban helyi, lyoni megval\u00f3s\u00edt\u00e1ssal<\/strong><\/em><\/td>\n<\/tr>\n<\/tbody>\n<\/table>\n<\/td>\n<\/tr>\n<\/tbody>\n<\/table>\n<table class=\"m_-8225483450606722909mcnCaptionBlock\" border=\"0\" width=\"100%\" cellspacing=\"0\" cellpadding=\"0\">\n<tbody class=\"m_-8225483450606722909mcnCaptionBlockOuter\">\n<tr>\n<td class=\"m_-8225483450606722909mcnCaptionBlockInner\" valign=\"top\">\n<table class=\"m_-8225483450606722909mcnCaptionBottomContent\" border=\"0\" cellspacing=\"0\" cellpadding=\"0\" align=\"left\">\n<tbody>\n<tr>\n<td class=\"m_-8225483450606722909mcnCaptionBottomImageContent\" align=\"center\" valign=\"top\"><img decoding=\"async\" class=\"m_-8225483450606722909mcnImage CToWUd a6T\" tabindex=\"0\" src=\"https:\/\/ci6.googleusercontent.com\/proxy\/lXY9NsMHPrG05z1WP3OLHW_FPFCcD6FVAF5OI0XCkvzHrQVhgdqoAPiZyIzkgEpB9WsRLtx6o6A_LpYiEQpD0ScF20rcoydAOUSnKTF2sv2Nu5jXLOlcc0FABK9jOAekma-vLAZDPsS8UZN1_zEJvJS7Rh51PbLfSbg=s0-d-e1-ft#https:\/\/gallery.mailchimp.com\/d78f04d469a29d5b8b04c83bd\/images\/0e6ef9f5-5209-4175-ab78-0d86da63b2ff.jpg\" alt=\"\" width=\"500\" \/><\/td>\n<\/tr>\n<tr>\n<td class=\"m_-8225483450606722909mcnTextContent\" valign=\"top\" width=\"564\"><\/td>\n<\/tr>\n<\/tbody>\n<\/table>\n<\/td>\n<\/tr>\n<\/tbody>\n<\/table>\n<table class=\"m_-8225483450606722909mcnTextBlock\" border=\"0\" width=\"100%\" cellspacing=\"0\" cellpadding=\"0\">\n<tbody class=\"m_-8225483450606722909mcnTextBlockOuter\">\n<tr>\n<td class=\"m_-8225483450606722909mcnTextBlockInner\" valign=\"top\">\n<table class=\"m_-8225483450606722909mcnTextContentContainer\" border=\"0\" width=\"100%\" cellspacing=\"0\" cellpadding=\"0\" align=\"left\">\n<tbody>\n<tr>\n<td class=\"m_-8225483450606722909mcnTextContent\" valign=\"top\">Az \u00faj \u00e9p\u00fclet kivitelez\u0151je az Archigroup v\u00e1llalat, amelyet a k\u00f6rnyezettudatos kialak\u00edt\u00e1s megval\u00f3s\u00edt\u00e1s\u00e1ban a t\u00e9ma k\u00fcls\u0151s szak\u00e9rt\u0151i is seg\u00edtenek. A k\u00f6zpont \u00edgy 25%-kal kevesebb\u00a0energi\u00e1val fog m\u0171k\u00f6dni, mint amit jelenleg a francia szab\u00e1lyoz\u00e1s el\u0151\u00edr a hasonl\u00f3 beruh\u00e1z\u00e1sok sz\u00e1m\u00e1ra. A l\u00e9tes\u00edtm\u00e9nyt a leg\u00fajabb \u00e9s legszigor\u00fabb elv\u00e1r\u00e1sokat t\u00e1maszt\u00f3 HQE szabv\u00e1nyok (High Quality Environmental Certification for Sustainable Buildings) szerint tervezt\u00e9k.<\/p>\n<p>A mintegy 33 milli\u00f3 EURO-s beruh\u00e1z\u00e1s terv\u00e9nek ind\u00edt\u00e1sakor, amikor annak teljes \u00e9letciklus\u00e1val terveztek, nem csak az \u00e9p\u00edt\u00e9si-beszerz\u00e9si k\u00f6lts\u00e9gekkel, de a karbantart\u00e1s, az energia \u00e9s a hullad\u00e9kgazd\u00e1lkod\u00e1s k\u00f6lts\u00e9geit is kalkul\u00e1lt\u00e1k.<\/p>\n<p><em><strong>A k\u00e9t\u00e9ves projekt elindul!<\/strong><\/em><\/p>\n<p>2019. nyar\u00e1n kezdik a kutat\u00e1s-fejleszt\u00e9si k\u00f6zpont \u00e9p\u00edtkez\u00e9si munk\u00e1latait, mely egy a hat\u00e9konys\u00e1g \u00e9s a fenntarthat\u00f3s\u00e1g ir\u00e1ny\u00e1ban elk\u00f6telezett gy\u00e1rt\u00f3 k\u00e9p\u00e9t mutatja majd. A projekt a tervek szerint 2021. els\u0151 f\u00e9l\u00e9v\u00e9ben fejez\u0151dik be.<\/td>\n<\/tr>\n<\/tbody>\n<\/table>\n<\/td>\n<\/tr>\n<\/tbody>\n<\/table>\n<table class=\"m_-8225483450606722909mcnTextBlock\" border=\"0\" width=\"100%\" cellspacing=\"0\" cellpadding=\"0\">\n<tbody class=\"m_-8225483450606722909mcnTextBlockOuter\">\n<tr>\n<td class=\"m_-8225483450606722909mcnTextBlockInner\" valign=\"top\">\n<table class=\"m_-8225483450606722909mcnTextContentContainer\" border=\"0\" width=\"100%\" cellspacing=\"0\" cellpadding=\"0\" align=\"left\">\n<tbody>\n<tr>\n<td class=\"m_-8225483450606722909mcnTextContent\" valign=\"top\"><strong>A Renault Trucksr\u00f3l<\/strong><\/p>\n<p>A t\u00f6bb mint egy \u00e9vsz\u00e1zados francia kamionm\u00e1rka, a Renault Trucks a fuvaroz\u00e1si szakma szerepl\u0151i sz\u00e1m\u00e1ra k\u00edn\u00e1l 2,8 \u00e9s 120 tonna k\u00f6z\u00f6tti \u00f6sszt\u00f6meg\u0171 j\u00e1rm\u0171veket, valamint az \u00e1ruter\u00edt\u00e9s, \u00e9p\u00edt\u0151ipar \u00e9s t\u00e1vols\u00e1gi sz\u00e1ll\u00edt\u00e1s ig\u00e9nyeire szabott szolg\u00e1ltat\u00e1sokat. A Renault Trucks m\u00e1rka robosztus, megb\u00edzhat\u00f3 modelljei az optimaliz\u00e1lt \u00fczemanyag-fogyaszt\u00e1suknak k\u00f6sz\u00f6nhet\u0151en alacsony \u00fczemeltet\u00e9si k\u00f6lts\u00e9get biztos\u00edtanak. A Renault Trucks term\u00e9keit \u00e9s szolg\u00e1ltat\u00e1sait a mintegy 1500 pontb\u00f3l \u00e1ll\u00f3 h\u00e1l\u00f3zat\u00e1n kereszt\u00fcl k\u00edn\u00e1lja \u00fcgyfeleinek vil\u00e1gszerte. A Renault Trucks j\u00e1rm\u0171veinek tervez\u00e9se, \u00f6sszeszerel\u00e9se, valamint a f\u0151 komponensek gy\u00e1rt\u00e1sa is Franciaorsz\u00e1gban t\u00f6rt\u00e9nik.<\/p>\n<p>A Renault Trucks a Volvo Csoport, a vil\u00e1g egyik legnagyobb haszonj\u00e1rm\u0171, aut\u00f3busz, \u00e9p\u00edt\u0151g\u00e9p, ipari motor \u00e9s haj\u00f3motor gy\u00e1rt\u00f3j\u00e1nak a r\u00e9sze. A csoport komplett finansz\u00edroz\u00e1si megold\u00e1sokat is k\u00edn\u00e1l term\u00e9keihez. A Volvo Csoportnak k\u00f6zel 95 000 alkalmazottja van, 18 orsz\u00e1gban vannak gy\u00e1rt\u00f3 \u00fczemei, term\u00e9keit 190 orsz\u00e1gban \u00e9rt\u00e9kes\u00edti. 2017-ben a csoport \u00e1rbev\u00e9tele 35 milli\u00e1rd \u20ac (335 milli\u00e1rd sv\u00e9d korona) volt.<\/td>\n<\/tr>\n<\/tbody>\n<\/table>\n<\/td>\n<\/tr>\n<\/tbody>\n<\/table>\n<\/td>\n<\/tr>\n<\/tbody>\n<\/table>\n","protected":false},"excerpt":{"rendered":"<p>A Renault Trucks, melynek k\u00f6zpontja alap\u00edt\u00e1sa, 1894 \u00f3ta Lyonban tal\u00e1lhat\u00f3, \u00faj, k\u00f6rnyezettudatos kutat\u00e1s-fejleszt\u00e9si k\u00f6zpontot hoz l\u00e9tre 11.300 m2 ter\u00fcleten. A megnyittat\u00e1s\u00e1t 2021-re tervezi a gy\u00e1rt\u00f3.<\/p>\n","protected":false},"author":1,"featured_media":0,"comment_status":"closed","ping_status":"open","sticky":false,"template":"","format":"standard","meta":[],"categories":[8,246],"tags":[],"_links":{"self":[{"href":"https:\/\/gazdasagportal.hu\/index.php\/wp-json\/wp\/v2\/posts\/113831"}],"collection":[{"href":"https:\/\/gazdasagportal.hu\/index.php\/wp-json\/wp\/v2\/posts"}],"about":[{"href":"https:\/\/gazdasagportal.hu\/index.php\/wp-json\/wp\/v2\/types\/post"}],"author":[{"embeddable":true,"href":"https:\/\/gazdasagportal.hu\/index.php\/wp-json\/wp\/v2\/users\/1"}],"replies":[{"embeddable":true,"href":"https:\/\/gazdasagportal.hu\/index.php\/wp-json\/wp\/v2\/comments?post=113831"}],"version-history":[{"count":1,"href":"https:\/\/gazdasagportal.hu\/index.php\/wp-json\/wp\/v2\/posts\/113831\/revisions"}],"predecessor-version":[{"id":113832,"href":"https:\/\/gazdasagportal.hu\/index.php\/wp-json\/wp\/v2\/posts\/113831\/revisions\/113832"}],"wp:attachment":[{"href":"https:\/\/gazdasagportal.hu\/index.php\/wp-json\/wp\/v2\/media?parent=113831"}],"wp:term":[{"taxonomy":"category","embeddable":true,"href":"https:\/\/gazdasagportal.hu\/index.php\/wp-json\/wp\/v2\/categories?post=113831"},{"taxonomy":"post_tag","embeddable":true,"href":"https:\/\/gazdasagportal.hu\/index.php\/wp-json\/wp\/v2\/tags?post=113831"}],"curies":[{"name":"wp","href":"https:\/\/api.w.org\/{rel}","templated":true}]}}