{"id":113828,"date":"2019-02-21T15:27:53","date_gmt":"2019-02-21T14:27:53","guid":{"rendered":"http:\/\/gazdasagportal.hu\/?p=113828"},"modified":"2019-02-21T15:28:16","modified_gmt":"2019-02-21T14:28:16","slug":"a-las-vegas-i-vilagpremier-utan-mar-a-kecskemeti-gyartosoron-az-uj-modell","status":"publish","type":"post","link":"https:\/\/gazdasagportal.hu\/index.php\/a-las-vegas-i-vilagpremier-utan-mar-a-kecskemeti-gyartosoron-az-uj-modell\/","title":{"rendered":"A Las Vegas-i vil\u00e1gpremier ut\u00e1n m\u00e1r a kecskem\u00e9ti gy\u00e1rt\u00f3soron az \u00faj modell"},"content":{"rendered":"<p><strong>Tov\u00e1bbra is a kecskem\u00e9ti Mercedes-Benz gy\u00e1r marad a CLA b\u00f6lcs\u0151je: a 2013-ban piacra dobott CLA Coup\u00e9 nagy sikere ut\u00e1n most a kompaktaut\u00f3-modell m\u00e1sodik gener\u00e1ci\u00f3j\u00e1nak gy\u00e1rt\u00e1sa veszi kezdet\u00e9t, el\u0151dj\u00e9hez hasonl\u00f3an kiz\u00e1r\u00f3lagosan Kecskem\u00e9ten.<\/strong><br \/>\n<!--more--><\/p>\n<div class=\"ads-in-post1\"><div id=\"gazdasagportal.hu_fullbanner_wideboard\"><\/div>\r\n<\/div>\n<ul>\n<li>Kecskem\u00e9ten a Mercedes-Benz CLA Coup\u00e9-val a leg\u00fajabb kompaktaut\u00f3-gener\u00e1ci\u00f3 \u00faj modellje g\u00f6rd\u00fcl le a gy\u00e1rt\u00f3szalagr\u00f3l.<\/li>\n<li>A k\u00fcls\u0151 megjelen\u00e9s\u00e9ben m\u00e9g sportosabb \u00e9s m\u00e9g t\u00f6bb szenved\u00e9lyt sugall\u00f3 \u00faj CLA az MBUX (Mercedes-Benz User Experience) multim\u00e9diarendszerrel magasabb szintre emeli az intuit\u00edv kezel\u00e9si \u00e9lm\u00e9nyt.<\/li>\n<li>Markus Sch\u00e4fer, a Mercedes-Benz Cars termel\u00e9s\u00e9rt \u00e9s ell\u00e1t\u00e1si l\u00e1nc\u00e9rt felel\u0151s igazgat\u00f3tan\u00e1csi tagja: \u201eAz \u00faj CLA Coup\u00e9 sorozatgy\u00e1rt\u00e1s\u00e1nak sikeres elind\u00edt\u00e1sa a Mercedes-Benz-Cars kompaktaut\u00f3-gy\u00e1rt\u00e1si h\u00e1l\u00f3zat\u00e1nak hat\u00e9konys\u00e1g\u00e1t t\u00fckr\u00f6zi.\u201c<\/li>\n<li>Christian Wolff, a Mercedes-Benz Manufacturing Hungary Kft. \u00fcgyvezet\u0151 igazgat\u00f3ja: \u201eCsapatunk \u00e9let\u00e9ben a CLA m\u00e1r \u00f6t \u00e9ve k\u00fcl\u00f6nleges helyet foglal el: t\u00f6bb mint 750.000 els\u0151 gener\u00e1ci\u00f3s CLA \u00e9s CLA Shooting Brake g\u00f6rd\u00fclt le eddig Kecskem\u00e9ten a gy\u00e1rt\u00f3sorokr\u00f3l. Nagy \u00f6r\u00f6m sz\u00e1munkra, hogy mi gy\u00e1rthatjuk az \u00faj CLA-t is a Mercedes-Benz gy\u00e1rak k\u00f6z\u00fcl vil\u00e1gszerte egyed\u00fclik\u00e9nt.\u201c<\/li>\n<\/ul>\n<p>Tov\u00e1bbra is a kecskem\u00e9ti Mercedes-Benz gy\u00e1r marad a CLA b\u00f6lcs\u0151je: a 2013-ban piacra dobott CLA Coup\u00e9 nagy sikere ut\u00e1n most a kompaktaut\u00f3-modell m\u00e1sodik gener\u00e1ci\u00f3j\u00e1nak gy\u00e1rt\u00e1sa veszi kezdet\u00e9t, el\u0151dj\u00e9hez hasonl\u00f3an kiz\u00e1r\u00f3lagosan Kecskem\u00e9ten.<\/p>\n<p>Ezzel a Mercedes-Benz Cars z\u00f6kken\u0151mentesen folytatja azt a tavaly elkezdett sorozatot, amelynek sor\u00e1n 2018-ban rekordid\u0151 alatt az \u00faj kompaktaut\u00f3-csal\u00e1d n\u00e9gy \u00faj modellje g\u00f6rd\u00fclt le sikeresen h\u00e1rom kontinens \u00f6t gy\u00e1rt\u00e1si helysz\u00edn\u00e9n a gy\u00e1rt\u00f3szalagokr\u00f3l: az A-oszt\u00e1ly Rastattban, Kecskem\u00e9ten \u00e9s Uusikaupunkiban (Finnorsz\u00e1gban), az A-oszt\u00e1ly limuzinja Aguascalientes-ben (Mexik\u00f3), az A-oszt\u00e1ly hossz\u00edtott verzi\u00f3ja Pekingben (K\u00edn\u00e1ban), \u00e9s az \u00faj B-oszt\u00e1ly Rastattban. Ezt az egym\u00e1st szorosan k\u00f6vet\u0151 l\u00e9p\u00e9sekb\u0151l \u00e1ll\u00f3 gy\u00e1rt\u00e1sind\u00edt\u00e1si sorozatot a megszokott Mercedes-Benz min\u0151s\u00e9g megtart\u00e1sa mellett t\u00f6bbek k\u00f6z\u00f6tt a n\u00e9metorsz\u00e1gi, rastatti testv\u00e9rgy\u00e1rban tartott tr\u00e9ningek, a folyamatok standardiz\u00e1l\u00e1sa, az ipar 4.0 technol\u00f3gi\u00e1inak alkalmaz\u00e1sa, valamint a Mercedes-Benz Cars vil\u00e1gm\u00e9ret\u0171 kompaktaut\u00f3-gy\u00e1rt\u00e1si h\u00e1l\u00f3zat\u00e1nak r\u00e9sz\u00e9t k\u00e9pez\u0151 telephelyek nagyfok\u00fa rugalmass\u00e1ga tette lehet\u0151v\u00e9.<\/p><div id=\"gazda-144343612\" class=\"gazda-tartalomban gazda-entity-placement\"><script async src=\"https:\/\/pagead2.googlesyndication.com\/pagead\/js\/adsbygoogle.js\"><\/script>\r\n<ins class=\"adsbygoogle\"\r\n     style=\"display:block\"\r\n     data-ad-format=\"fluid\"\r\n     data-ad-layout-key=\"-6t+ed+2i-1n-4w\"\r\n     data-ad-client=\"ca-pub-1959107119989764\"\r\n     data-ad-slot=\"4008251320\"><\/ins>\r\n<script>\r\n     (adsbygoogle = window.adsbygoogle || []).push({});\r\n<\/script><\/div>\n<p>Az \u00faj CLA els\u0151sorban a fiatalabb v\u00e1s\u00e1rl\u00f3i csoportokat k\u00edv\u00e1nja megsz\u00f3l\u00edtani. A CLA Coup\u00e9 vil\u00e1gpremierj\u00e9re \u2013 a Mercedes-Benz j\u00e1rm\u0171vei k\u00f6z\u00fcl els\u0151k\u00e9nt \u2013 a Las Vegas-i Consumer Electronics Show (CES) 2019 keret\u00e9ben ker\u00fclt sor.<\/p>\n<div class=\"ads-in-post2\"><script async src=\"https:\/\/pagead2.googlesyndication.com\/pagead\/js\/adsbygoogle.js\"><\/script>\r\n<ins class=\"adsbygoogle\"\r\n     style=\"display:block\"\r\n     data-ad-format=\"fluid\"\r\n     data-ad-layout-key=\"-6t+ed+2i-1n-4w\"\r\n     data-ad-client=\"ca-pub-1959107119989764\"\r\n     data-ad-slot=\"4008251320\"><\/ins>\r\n<script>\r\n     (adsbygoogle = window.adsbygoogle || []).push({});\r\n<\/script><\/div>\n<a href=\"https:\/\/gazdasagportal.hu\/wp-content\/uploads\/2019\/02\/Mercedes_Benz_CLA_Coupe_Kecskemet_03_20190221.jpg\"><img decoding=\"async\" loading=\"lazy\" class=\"alignleft size-medium wp-image-113829\" src=\"https:\/\/gazdasagportal.hu\/wp-content\/uploads\/2019\/02\/Mercedes_Benz_CLA_Coupe_Kecskemet_03_20190221-300x200.jpg\" alt=\"\" width=\"300\" height=\"200\" srcset=\"https:\/\/gazdasagportal.hu\/wp-content\/uploads\/2019\/02\/Mercedes_Benz_CLA_Coupe_Kecskemet_03_20190221-300x200.jpg 300w, https:\/\/gazdasagportal.hu\/wp-content\/uploads\/2019\/02\/Mercedes_Benz_CLA_Coupe_Kecskemet_03_20190221-768x512.jpg 768w, https:\/\/gazdasagportal.hu\/wp-content\/uploads\/2019\/02\/Mercedes_Benz_CLA_Coupe_Kecskemet_03_20190221-1024x682.jpg 1024w, https:\/\/gazdasagportal.hu\/wp-content\/uploads\/2019\/02\/Mercedes_Benz_CLA_Coupe_Kecskemet_03_20190221.jpg 1400w\" sizes=\"(max-width: 300px) 100vw, 300px\" \/><\/a>\u201eAz \u00faj CLA Coup\u00e9 gy\u00e1rt\u00e1s\u00e1nak elind\u00edt\u00e1sa a Mercedes-Benz Cars kompaktaut\u00f3-gy\u00e1rt\u00e1si h\u00e1l\u00f3zat\u00e1nak hat\u00e9konys\u00e1g\u00e1t t\u00fckr\u00f6zi. M\u00e1r el\u0151dj\u00e9nek sikert\u00f6rt\u00e9nete is szorosan k\u00f6t\u0151d\u00f6tt a kecskem\u00e9ti telephelyhez. Most kezdj\u00fck el \u00edrni ennek a t\u00f6rt\u00e9netnek a k\u00f6vetkez\u0151 fejezet\u00e9t. Ennek sor\u00e1n a gy\u00e1r folyamatosan a legmagasabb technol\u00f3giai sz\u00ednvonalon teljes\u00edt\u201c \u2013 hangs\u00falyozta Markus Sch\u00e4fer, a Mercedes-Benz Cars termel\u00e9s\u00e9rt \u00e9s ell\u00e1t\u00e1si l\u00e1nc\u00e9rt felel\u0151s igazgat\u00f3tan\u00e1csi tagja.<\/p>\n<p><strong>A CLA kiz\u00e1r\u00f3lag Kecskem\u00e9ten k\u00e9sz\u00fcl a vil\u00e1g piacaira<\/strong><\/p>\n<p>\u201eCsapatunk \u00e9let\u00e9ben a CLA m\u00e1r \u00f6t \u00e9ve k\u00fcl\u00f6nleges helyet foglal el: t\u00f6bb mint 750.000 els\u0151 gener\u00e1ci\u00f3s CLA \u00e9s CLA Shooting Brake g\u00f6rd\u00fclt le eddig Kecskem\u00e9ten a gy\u00e1rt\u00f3sorokr\u00f3l. Ez a sz\u00e1m, valamint a most lev\u00e1ltott modellel elnyert nemzetk\u00f6zi min\u0151s\u00e9gi elismer\u00e9sek is munkat\u00e1rsaink cs\u00facsteljes\u00edtm\u00e9ny\u00e9r\u0151l tan\u00faskodnak. Nagy \u00f6r\u00f6m sz\u00e1munkra, hogy az \u00faj CLA-t is mi gy\u00e1rthatjuk, a Mercedes-Benz gy\u00e1rai k\u00f6z\u00fcl vil\u00e1gszerte egyed\u00fclik\u00e9nt\u201c \u2013 mondta Christian Wolff, a Mercedes-Benz Manufacturing Hungary Kft. \u00fcgyvezet\u0151 igazgat\u00f3ja.<\/p>\n<p>A magyarorsz\u00e1gi Mercedes-Benz gy\u00e1r modellpalett\u00e1j\u00e1n a CLA \u00e9s a CLA Shooting Brake mellett 2018 \u00f3ta szerepel az A-oszt\u00e1ly is. Az \u00faj CLA Coup\u00e9-nak k\u00f6sz\u00f6nhet\u0151en a gy\u00e1r megtartja vonz\u00f3 modellk\u00edn\u00e1lat\u00e1t, \u00e9s egyben er\u0151s\u00edti saj\u00e1t szerep\u00e9t a Mercedes-Benz Cars gy\u00e1rt\u00e1si h\u00e1l\u00f3zat\u00e1n bel\u00fcl.<\/p>\n<p><strong>Innovat\u00edv, digit\u00e1lis \u00e9s rugalmas gy\u00e1rt\u00e1s<\/strong><\/p>\n<p>Az \u00faj kompaktaut\u00f3-modellek gy\u00e1rt\u00e1s\u00e1nak elind\u00edt\u00e1s\u00e1t komoly el\u0151k\u00e9sz\u00fcletek el\u0151zt\u00e9k meg a gy\u00e1rt\u00f3helysz\u00ednen. Meg\u00e9p\u00fclt az \u00faj, sz\u00e1mos innovat\u00edv megold\u00e1ssal felszerelt karossz\u00e9ria\u00fczem. \u00cdgy p\u00e9ld\u00e1ul az \u00fajgener\u00e1ci\u00f3s modellekhez k\u00e9sz\u00fcl\u0151 ajt\u00f3k, \u00e9s motorh\u00e1z-, illetve csomagtart\u00f3fedelek gy\u00e1rt\u00e1sa \u00fagynevezett flex-cell\u00e1kban t\u00f6rt\u00e9nik. Ezen cell\u00e1k modul\u00e1ris, cser\u00e9lhet\u0151 elemeinek k\u00f6sz\u00f6nhet\u0151en a lehet\u0151 legr\u00f6videbb id\u0151n bel\u00fcl v\u00e9grehajthat\u00f3 a gy\u00e1rtott modellek k\u00f6z\u00f6tti v\u00e1lt\u00e1s.<\/p>\n<p>A gy\u00e1r a maga innovat\u00edv anyagsz\u00e1ll\u00edt\u00f3 rendszereivel j\u00f3 \u00faton halad a referenciagy\u00e1r-strat\u00e9gia megval\u00f3s\u00edt\u00e1sa fel\u00e9: k\u00fcl\u00f6nb\u00f6z\u0151, kor\u00e1bban teszt\u00fczemben haszn\u00e1lt rendszerek sorozatgy\u00e1rt\u00e1sba t\u00f6rt\u00e9n\u0151 bevezet\u00e9s\u00e9vel jelent\u0151s l\u00e9p\u00e9seket tettek a targoncamentes gy\u00e1rt\u00e1s megval\u00f3s\u00edt\u00e1s\u00e1hoz vezet\u0151 \u00faton, ami a nagyobb hat\u00e9konys\u00e1g mellett egyben a munkabiztons\u00e1got is n\u00f6veli. Az \u00faj kompaktaut\u00f3-gener\u00e1ci\u00f3 ker\u00e9kj\u00e1rati karossz\u00e9riaelemeit p\u00e9ld\u00e1ul az egyes gy\u00e1rt\u00f3berendez\u00e9sek k\u00f6z\u00f6tt vezet\u0151 n\u00e9lk\u00fcli sz\u00e1ll\u00edt\u00f3j\u00e1rm\u0171vekkel mozgatj\u00e1k, amelyek a kecskem\u00e9ti gy\u00e1rban ak\u00e1r eg\u00e9sz nyerskarossz\u00e9ri\u00e1kat is tudnak sz\u00e1ll\u00edtani.<\/p>\n<p>A targoncamentes \u00f6sszeszerel\u0151 \u00fczem koncepci\u00f3j\u00e1t is k\u00f6vetkezetesen viszik v\u00e9gig a magyarorsz\u00e1gi telephelyen, ami \u00fajabb p\u00e9lda az innovat\u00edv gy\u00e1rt\u00e1si \u00e9s ell\u00e1t\u00e1si technol\u00f3gi\u00e1kra, de mindenekel\u0151tt n\u00f6veli a munkabiztons\u00e1got is. A program keret\u00e9ben a targonc\u00e1k fokozatosan elt\u0171nnek a gy\u00e1rt\u00f3csarnokb\u00f3l. Helyett\u00fck speci\u00e1lis g\u00f6rg\u0151s \u00e1llv\u00e1nyokat haszn\u00e1lnak, amelyek seg\u00edts\u00e9g\u00e9vel az anyagokat az alkalmazott g\u00f6ngy\u00f6legt\u0151l f\u00fcggetlen\u00fcl, logisztikai vonatok vagy vezet\u0151 n\u00e9lk\u00fcli sz\u00e1ll\u00edt\u00f3j\u00e1rm\u0171vek seg\u00edts\u00e9g\u00e9vel tov\u00e1bb\u00edtj\u00e1k a gy\u00e1rt\u00f3csarnokba. A telephelyen jelenleg m\u00e1r a szerel\u0151ter\u00fcletek 99 sz\u00e1zal\u00e9ka targoncamentes.<\/p>\n<p>Auton\u00f3m sz\u00e1ll\u00edt\u00f3rendszerek seg\u00edtenek abban, hogy az egyes modellek k\u00fcl\u00f6nb\u00f6z\u0151 felszerelts\u00e9g\u0171 v\u00e1ltozatain\u00e1l egyar\u00e1nt hat\u00e9kony \u00e9s rugalmas lehessen a gy\u00e1rt\u00e1s: ezek a rendszerek pontosan az egyedi j\u00e1rm\u0171re szabott komponenseket \u00e9s alkatr\u00e9szeket sz\u00e1ll\u00edtj\u00e1k a szerel\u0151szalaghoz. Ott pedig k\u00f6ztes t\u00e1rol\u00e1s n\u00e9lk\u00fcl szerelik be azokat.<\/p>\n<p>A kecskem\u00e9ti gy\u00e1r a digit\u00e1lis \u00e1talakul\u00e1s \u00e9s az ipar 4.0 jegy\u00e9ben pap\u00edrmentess\u00e9 v\u00e1lik. Ennek a strat\u00e9giai c\u00e9lkit\u0171z\u00e9snek a jegy\u00e9ben a pap\u00edralap\u00fa dokument\u00e1ci\u00f3t a gy\u00e1rt\u00e1sban fokozatosan a legmodernebb adat\u00e1tviteli- \u00e9s leg\u00fajabb hardvermegold\u00e1sokkal v\u00e1ltj\u00e1k fel. Az \u00e1t\u00e1ll\u00e1s r\u00e9szek\u00e9nt a j\u00f6v\u0151ben a j\u00e1rm\u0171vek gy\u00e1rt\u00f3szalagon haszn\u00e1lt k\u00eds\u00e9r\u0151dokumentumait, \u00e9s a bels\u0151 folyamatok biztos\u00edt\u00e1s\u00e1ra szolg\u00e1l\u00f3 bizonylatokat is pap\u00edrmentesen \u00e1ll\u00edtj\u00e1k majd el\u0151.<\/p>\n<p><strong>Az \u00faj CLA \u2013 \u00e9rzelmekkel teli, sportos \u00e9s intelligens<\/strong><\/p>\n<p>M\u00e1r a CLA els\u0151 gener\u00e1ci\u00f3ja is ikonikusnak sz\u00e1m\u00edtott a formatervez\u00e9s ter\u00e9n. Ennek az ig\u00e9nynek az \u00faj Mercedes-Benz CLA Coup\u00e9 is eleget tesz, \u00e9s az \u00e9rzelmekkel teli, dinamikus formanyelvet sz\u00e1mos technol\u00f3giai \u00faj\u00edt\u00e1ssal egyes\u00edti mag\u00e1ban.<\/p>\n<p>Az MBUX multim\u00e9dia rendszere tavaly \u00fcnnepelte vil\u00e1gpremierj\u00e9t a Las Vegas-i CES keretein bel\u00fcl. Egy \u00e9vre r\u00e1, a kompakt kateg\u00f3ri\u00e1ban els\u0151k\u00e9nt, m\u00e9g magasabb szintre l\u00e9p az MBUX a bels\u0151 t\u00e9r asszisztenssel, mely egy \u00faj, k\u00fcl\u00f6nleges opci\u00f3k\u00e9nt jelenik meg. Az MBUX \u00edgy m\u00e1r nem csup\u00e1n besz\u00e9dvez\u00e9rl\u00e9ssel m\u0171k\u00f6dtethet\u0151, de a mozdulatokat is felismeri. Az innovat\u00edv technol\u00f3gi\u00e1nak k\u00f6sz\u00f6nhet\u0151en sz\u00e1mos k\u00e9nyelmi \u00e9s MBUX-funkci\u00f3 kezel\u00e9se m\u00e9g k\u00f6nnyebb \u00e9s intuit\u00edvabb lett az utasok sz\u00e1m\u00e1ra. A k\u00e9nyelemr\u0151l t\u00f6bbek k\u00f6zt az \u00faj ENERGIZING COACH rendszer szem\u00e9lyre szabott intelligens aj\u00e1nl\u00e1sai gondoskodnak.<\/p>\n<p>Az \u00faj Mercedes-Benz CLA a leg\u00fajabb vezet\u0151i asszisztens rendszereket kapta meg, amelyek az akt\u00edv biztons\u00e1got eddig nem l\u00e1tott szintre emelik a kompakt kateg\u00f3ri\u00e1ban. Egyes funkci\u00f3k egyenesen az S-oszt\u00e1lyb\u00f3l \u00e9rkeztek. A CLA-hoz els\u0151 \u00edzben \u00e9rhet\u0151 el a k\u00fcl\u00f6nb\u00f6z\u0151 forgalmi helyzetek eset\u00e9n a r\u00e9szben auton\u00f3m vezet\u00e9s, amelyet a j\u00e1rm\u0171 k\u00f6rnyezet\u00e9nek lehet\u0151 legpontosabb felt\u00e9rk\u00e9pez\u00e9se tesz lehet\u0151v\u00e9: a jav\u00edtott kamera- \u00e9s radarrendszerek m\u00e1r 500 m\u00e9teres hat\u00f3t\u00e1vols\u00e1gban is m\u0171k\u00f6dnek.<\/p>\n<p>Az \u00faj CLA Coup\u00e9, valamint a CLA Edition 1 2019 m\u00e1jus\u00e1ban ker\u00fclnek kereskedelmi forgalomba.<\/p>\n<p><strong>A kecskem\u00e9ti Mercedes-Benz gy\u00e1rr\u00f3l<\/strong><\/p>\n<p>A kecskem\u00e9ti Mercedes-Benz gy\u00e1r mintegy 4700 munkat\u00e1rsat foglalkoztat. Els\u0151 modellk\u00e9nt 2012-ben a B-oszt\u00e1ly g\u00f6rd\u00fclt le a szalagr\u00f3l Kecskem\u00e9ten. Ezt k\u00f6vette 2013-ban a n\u00e9gyajt\u00f3s kompakt CLA, majd 2015-ben a CLA Shooting Brake. A k\u00e9t ut\u00f3bbi modellt kiz\u00e1r\u00f3lag Kecskem\u00e9ten gy\u00e1rtj\u00e1k az eg\u00e9sz vil\u00e1g piacaira. 2018 m\u00e1jusa \u00f3ta a magyarorsz\u00e1gi gy\u00e1rt\u00f3helysz\u00edn term\u00e9kpalett\u00e1j\u00e1t az \u00faj A-oszt\u00e1ly eg\u00e9sz\u00edti ki.<\/p>\n","protected":false},"excerpt":{"rendered":"<p>Tov\u00e1bbra is a kecskem\u00e9ti Mercedes-Benz gy\u00e1r marad a CLA b\u00f6lcs\u0151je: a 2013-ban piacra dobott CLA Coup\u00e9 nagy sikere ut\u00e1n most a kompaktaut\u00f3-modell m\u00e1sodik gener\u00e1ci\u00f3j\u00e1nak gy\u00e1rt\u00e1sa veszi kezdet\u00e9t, el\u0151dj\u00e9hez hasonl\u00f3an kiz\u00e1r\u00f3lagosan Kecskem\u00e9ten.<\/p>\n","protected":false},"author":1,"featured_media":113829,"comment_status":"closed","ping_status":"open","sticky":false,"template":"","format":"standard","meta":[],"categories":[146,4,19],"tags":[],"_links":{"self":[{"href":"https:\/\/gazdasagportal.hu\/index.php\/wp-json\/wp\/v2\/posts\/113828"}],"collection":[{"href":"https:\/\/gazdasagportal.hu\/index.php\/wp-json\/wp\/v2\/posts"}],"about":[{"href":"https:\/\/gazdasagportal.hu\/index.php\/wp-json\/wp\/v2\/types\/post"}],"author":[{"embeddable":true,"href":"https:\/\/gazdasagportal.hu\/index.php\/wp-json\/wp\/v2\/users\/1"}],"replies":[{"embeddable":true,"href":"https:\/\/gazdasagportal.hu\/index.php\/wp-json\/wp\/v2\/comments?post=113828"}],"version-history":[{"count":1,"href":"https:\/\/gazdasagportal.hu\/index.php\/wp-json\/wp\/v2\/posts\/113828\/revisions"}],"predecessor-version":[{"id":113830,"href":"https:\/\/gazdasagportal.hu\/index.php\/wp-json\/wp\/v2\/posts\/113828\/revisions\/113830"}],"wp:featuredmedia":[{"embeddable":true,"href":"https:\/\/gazdasagportal.hu\/index.php\/wp-json\/wp\/v2\/media\/113829"}],"wp:attachment":[{"href":"https:\/\/gazdasagportal.hu\/index.php\/wp-json\/wp\/v2\/media?parent=113828"}],"wp:term":[{"taxonomy":"category","embeddable":true,"href":"https:\/\/gazdasagportal.hu\/index.php\/wp-json\/wp\/v2\/categories?post=113828"},{"taxonomy":"post_tag","embeddable":true,"href":"https:\/\/gazdasagportal.hu\/index.php\/wp-json\/wp\/v2\/tags?post=113828"}],"curies":[{"name":"wp","href":"https:\/\/api.w.org\/{rel}","templated":true}]}}