{"id":113790,"date":"2019-02-20T11:27:44","date_gmt":"2019-02-20T10:27:44","guid":{"rendered":"http:\/\/gazdasagportal.hu\/?p=113790"},"modified":"2019-02-20T11:27:44","modified_gmt":"2019-02-20T10:27:44","slug":"nemzeti-eszkozkezelo-a-visszavasarlasi-hataridore-figyelmeztetik-az-ugyfeleket","status":"publish","type":"post","link":"https:\/\/gazdasagportal.hu\/index.php\/nemzeti-eszkozkezelo-a-visszavasarlasi-hataridore-figyelmeztetik-az-ugyfeleket\/","title":{"rendered":"Nemzeti Eszk\u00f6zkezel\u0151 &#8211; A visszav\u00e1s\u00e1rl\u00e1si hat\u00e1rid\u0151re figyelmeztetik az \u00fcgyfeleket"},"content":{"rendered":"<p><strong>Az aj\u00e1nlat k\u00e9zhezv\u00e9tel\u00e9t\u0151l sz\u00e1m\u00edtott hatvan napon bel\u00fcl kell v\u00e1laszt adnia a Nemzeti Eszk\u00f6zkezel\u0151 (NET) Zrt. 32 ezer \u00fcgyfel\u00e9nek arra, hogy vissza akarja-e v\u00e1s\u00e1rolni a bankok \u00e1ltal elvett otthon\u00e1t &#8211; k\u00f6z\u00f6lte a nemzeti vagyon kezel\u00e9s\u00e9\u00e9rt felel\u0151s t\u00e1rca n\u00e9lk\u00fcli miniszter az MTI-vel szerd\u00e1n.<\/strong><!--more--><\/p>\n<div class=\"ads-in-post1\"><div id=\"gazdasagportal.hu_fullbanner_wideboard\"><\/div>\r\n<\/div>\n<p>    Azok, akik nem adnak v\u00e1laszt a hat\u00e1rid\u0151ig, elvesz\u00edtik a visszav\u00e1s\u00e1rl\u00e1s lehet\u0151s\u00e9g\u00e9t, \u00e9s a jelenleg fizetett b\u00e9rleti d\u00edjuk 2019. j\u00falius 1-t\u0151l a h\u00e1romszoros\u00e1ra emelkedik &#8211; h\u00edvja fel a figyelmet a k\u00f6zlem\u00e9nyben B\u00e1rtfai-Mager Andrea.<br \/>\n    A NET Zrt. 2011-ben j\u00f6tt l\u00e9tre az otthonv\u00e9delmi akci\u00f3terv alapj\u00e1n a devizahitelesek seg\u00edt\u00e9s\u00e9re, a programban az \u00e1llam megv\u00e1s\u00e1rolta a hitelad\u00f3sok ingatlan\u00e1t, akik azt visszab\u00e9relhett\u00e9k. Most a b\u00e9rl\u0151k ism\u00e9t tulajdonoss\u00e1 v\u00e1lhatnak.<br \/>\n    A NET Zrt. m\u00e1rcius 31-ig minden \u00e9rintettnek megk\u00fcldi azt a t\u00e1j\u00e9koztat\u00f3 levelet, amely szem\u00e9lyre sz\u00f3l\u00f3an tartalmazza az ingatlanra vonatkoz\u00f3 kedvezm\u00e9nyes visszav\u00e1s\u00e1rl\u00e1s felt\u00e9teleit. Az \u00fcgyfelek d\u00f6nthetnek \u00fagy is, hogy nem veszik meg az ingatlant, \u00e9s tov\u00e1bbra is b\u00e9rl\u0151k maradnak v\u00e1ltozatlan b\u00e9rleti d\u00edj mellett.<br \/>\n<div class=\"ads-in-post2\"><script async src=\"https:\/\/pagead2.googlesyndication.com\/pagead\/js\/adsbygoogle.js\"><\/script>\r\n<ins class=\"adsbygoogle\"\r\n     style=\"display:block\"\r\n     data-ad-format=\"fluid\"\r\n     data-ad-layout-key=\"-6t+ed+2i-1n-4w\"\r\n     data-ad-client=\"ca-pub-1959107119989764\"\r\n     data-ad-slot=\"4008251320\"><\/ins>\r\n<script>\r\n     (adsbygoogle = window.adsbygoogle || []).push({});\r\n<\/script><\/div>\n    A k\u00f6zlem\u00e9nye szerint b\u00e1rmelyik lehet\u0151s\u00e9get is v\u00e1lasztj\u00e1k az \u00fcgyfelek, a legfontosabb, hogy arr\u00f3l &#8211; a megfelel\u0151 nyomtatv\u00e1ny al\u00e1\u00edr\u00e1s\u00e1val \u00e9s visszak\u00fcld\u00e9s\u00e9vel &#8211; mindenk\u00e9ppen nyilatkozzanak a t\u00e1j\u00e9koztat\u00f3 \u00e1tv\u00e9tel\u00e9t k\u00f6vet\u0151 60 napon bel\u00fcl.<br \/>\n    A NET Zrt. az \u00e1ltala kifizetett v\u00e9tel\u00e1rb\u00f3l levonja az eddig kifizetett b\u00e9rleti d\u00edjat, \u00e9s ezen a cs\u00f6kkentett \u00e1ron k\u00edn\u00e1lja fel a lak\u00f3knak az ingatlant.<br \/>\n    Egy\u00f6sszeg\u0171 v\u00e1s\u00e1rl\u00e1s eset\u00e9n a v\u00e9tel\u00e1r &#8211; jelz\u00e1logjog, elidegen\u00edt\u00e9si \u00e9s terhel\u00e9si tilalom bejegyz\u00e9se mellett &#8211; tov\u00e1bbi kedvezm\u00e9nnyel cs\u00f6kkenthet\u0151. Ha az ingatlan Budapesten, a f\u0151v\u00e1ros agglomer\u00e1ci\u00f3j\u00e1ban vagy megyei jog\u00fa v\u00e1rosban van, a kedvezm\u00e9ny 15 sz\u00e1zal\u00e9k, m\u00e1s vid\u00e9ki v\u00e1rosban 25 sz\u00e1zal\u00e9k, egy\u00e9b telep\u00fcl\u00e9sen 35 sz\u00e1zal\u00e9k. Az egy\u00f6sszeg\u0171 kedvezm\u00e9nyes aj\u00e1nlattal a b\u00e9rl\u0151k k\u00f6zeli hozz\u00e1tartoz\u00f3i is \u00e9lhetnek.<br \/>\n    Az ingatlan visszav\u00e1s\u00e1rl\u00e1s\u00e1t tov\u00e1bb seg\u00edtik azzal, hogy a tulajdonszerz\u00e9s kapcs\u00e1n felmer\u00fcl\u0151 anyagi \u00e9s elj\u00e1r\u00e1si k\u00f6telezetts\u00e9geket az \u00e1llam viseli. A NET programmal t\u00f6bb mint 36 ezer otthont tudtak megv\u00e9deni, \u00e9s mintegy 154 ezer ember menek\u00fclt meg \u00fagy a t\u00f6bbmilli\u00f3s hiteltartoz\u00e1st\u00f3l, hogy tov\u00e1bbra is az otthon\u00e1ban maradhatott &#8211; olvashat\u00f3 a k\u00f6zlem\u00e9nyben.(MTI)<\/p>\n","protected":false},"excerpt":{"rendered":"<p>Az aj\u00e1nlat k\u00e9zhezv\u00e9tel\u00e9t\u0151l sz\u00e1m\u00edtott hatvan napon bel\u00fcl kell v\u00e1laszt adnia a Nemzeti Eszk\u00f6zkezel\u0151 (NET) Zrt. 32 ezer \u00fcgyfel\u00e9nek arra, hogy vissza akarja-e v\u00e1s\u00e1rolni a bankok \u00e1ltal elvett otthon\u00e1t &#8211; k\u00f6z\u00f6lte a nemzeti vagyon kezel\u00e9s\u00e9\u00e9rt felel\u0151s t\u00e1rca n\u00e9lk\u00fcli miniszter az MTI-vel szerd\u00e1n.<\/p>\n","protected":false},"author":1,"featured_media":0,"comment_status":"closed","ping_status":"open","sticky":false,"template":"","format":"standard","meta":[],"categories":[4],"tags":[],"_links":{"self":[{"href":"https:\/\/gazdasagportal.hu\/index.php\/wp-json\/wp\/v2\/posts\/113790"}],"collection":[{"href":"https:\/\/gazdasagportal.hu\/index.php\/wp-json\/wp\/v2\/posts"}],"about":[{"href":"https:\/\/gazdasagportal.hu\/index.php\/wp-json\/wp\/v2\/types\/post"}],"author":[{"embeddable":true,"href":"https:\/\/gazdasagportal.hu\/index.php\/wp-json\/wp\/v2\/users\/1"}],"replies":[{"embeddable":true,"href":"https:\/\/gazdasagportal.hu\/index.php\/wp-json\/wp\/v2\/comments?post=113790"}],"version-history":[{"count":1,"href":"https:\/\/gazdasagportal.hu\/index.php\/wp-json\/wp\/v2\/posts\/113790\/revisions"}],"predecessor-version":[{"id":113791,"href":"https:\/\/gazdasagportal.hu\/index.php\/wp-json\/wp\/v2\/posts\/113790\/revisions\/113791"}],"wp:attachment":[{"href":"https:\/\/gazdasagportal.hu\/index.php\/wp-json\/wp\/v2\/media?parent=113790"}],"wp:term":[{"taxonomy":"category","embeddable":true,"href":"https:\/\/gazdasagportal.hu\/index.php\/wp-json\/wp\/v2\/categories?post=113790"},{"taxonomy":"post_tag","embeddable":true,"href":"https:\/\/gazdasagportal.hu\/index.php\/wp-json\/wp\/v2\/tags?post=113790"}],"curies":[{"name":"wp","href":"https:\/\/api.w.org\/{rel}","templated":true}]}}