{"id":113788,"date":"2019-02-20T10:35:13","date_gmt":"2019-02-20T09:35:13","guid":{"rendered":"http:\/\/gazdasagportal.hu\/?p=113788"},"modified":"2019-02-20T10:35:13","modified_gmt":"2019-02-20T09:35:13","slug":"itm-varhatoan-1200-iskola-vesz-reszt-a-penz7-temaheten","status":"publish","type":"post","link":"https:\/\/gazdasagportal.hu\/index.php\/itm-varhatoan-1200-iskola-vesz-reszt-a-penz7-temaheten\/","title":{"rendered":"ITM: v\u00e1rhat\u00f3an 1200 iskola vesz r\u00e9szt a P\u00e9nz7 t\u00e9mah\u00e9ten"},"content":{"rendered":"<p><strong>Az id\u00e9n v\u00e1rhat\u00f3an 1200 iskola t\u00f6bb sz\u00e1zezer di\u00e1kkal vesz r\u00e9szt a P\u00e9nz7 elnevez\u00e9s\u0171 t\u00e9mah\u00e9ten, amely sor\u00e1n igyekeznek megismertetni a fiatalokkal a p\u00e9nz \u00e9s a v\u00e1llalkoz\u00e1s vil\u00e1g\u00e1t &#8211; mondta az Innov\u00e1ci\u00f3s \u00e9s Technol\u00f3giai Miniszt\u00e9rium (ITM) gazdas\u00e1gfejleszt\u00e9s\u00e9rt felel\u0151s helyettes \u00e1llamtitk\u00e1ra szerd\u00e1n az M1 aktu\u00e1lis csatorn\u00e1n.<\/strong><!--more--><\/p>\n<div class=\"ads-in-post1\"><div id=\"gazdasagportal.hu_fullbanner_wideboard\"><\/div>\r\n<\/div>\n<p>    Szepesi Bal\u00e1zs azt mondta, Magyarorsz\u00e1gon jelenleg mintegy 500 ezer ember \u00e9l meg saj\u00e1t v\u00e1llalkoz\u00e1s\u00e1b\u00f3l, de az orsz\u00e1gban sz\u00e9lesk\u00f6r\u0171 \u00f3dzkod\u00e1s figyelhet\u0151 meg a saj\u00e1t v\u00e1llalkoz\u00e1s ind\u00edt\u00e1s\u00e1t\u00f3l.<br \/>\n    A febru\u00e1r 25. \u00e9s m\u00e1rcius 1. k\u00f6z\u00f6tt megtartand\u00f3 t\u00e9mah\u00e9t keret\u00e9n bel\u00fcl szeretn\u00e9k arra \u00f6szt\u00f6n\u00f6zni a fiatalokat, hogy ezt a &#8222;szabad \u00e9s felel\u0151ss\u00e9gteljes&#8221; \u00e9letet v\u00e1lassz\u00e1k &#8211; tette hozz\u00e1.<br \/>\n<div class=\"ads-in-post2\"><script async src=\"https:\/\/pagead2.googlesyndication.com\/pagead\/js\/adsbygoogle.js\"><\/script>\r\n<ins class=\"adsbygoogle\"\r\n     style=\"display:block\"\r\n     data-ad-format=\"fluid\"\r\n     data-ad-layout-key=\"-6t+ed+2i-1n-4w\"\r\n     data-ad-client=\"ca-pub-1959107119989764\"\r\n     data-ad-slot=\"4008251320\"><\/ins>\r\n<script>\r\n     (adsbygoogle = window.adsbygoogle || []).push({});\r\n<\/script><\/div>\n    Ismertette, a di\u00e1kok t\u00f6bbek k\u00f6z\u00f6tt r\u00e9szt vehetnek egy h\u00e1rom\u00f3r\u00e1s foglalkoz\u00e1son, ahol el\u0151sz\u00f6r \u00f6sszegy\u0171jtik az \u00e9let\u00fcket jellemz\u0151 probl\u00e9m\u00e1kat, majd azokra kidolgoznak egy v\u00e1llalkoz\u00e1si \u00f6tletet. Ezut\u00e1n egy \u00f6nk\u00e9ntes v\u00e1llalkoz\u00f3 elmondja nekik, hogy a tapasztalatai alapj\u00e1n hogyan lehetne megval\u00f3s\u00edtani az \u00f6tleteiket.(MTI)<\/p>\n","protected":false},"excerpt":{"rendered":"<p>Az id\u00e9n v\u00e1rhat\u00f3an 1200 iskola t\u00f6bb sz\u00e1zezer di\u00e1kkal vesz r\u00e9szt a P\u00e9nz7 elnevez\u00e9s\u0171 t\u00e9mah\u00e9ten, amely sor\u00e1n igyekeznek megismertetni a fiatalokkal a p\u00e9nz \u00e9s a v\u00e1llalkoz\u00e1s vil\u00e1g\u00e1t &#8211; mondta az Innov\u00e1ci\u00f3s \u00e9s Technol\u00f3giai Miniszt\u00e9rium (ITM) gazdas\u00e1gfejleszt\u00e9s\u00e9rt felel\u0151s helyettes \u00e1llamtitk\u00e1ra szerd\u00e1n az M1 aktu\u00e1lis csatorn\u00e1n.<\/p>\n","protected":false},"author":1,"featured_media":0,"comment_status":"closed","ping_status":"open","sticky":false,"template":"","format":"standard","meta":[],"categories":[19],"tags":[],"_links":{"self":[{"href":"https:\/\/gazdasagportal.hu\/index.php\/wp-json\/wp\/v2\/posts\/113788"}],"collection":[{"href":"https:\/\/gazdasagportal.hu\/index.php\/wp-json\/wp\/v2\/posts"}],"about":[{"href":"https:\/\/gazdasagportal.hu\/index.php\/wp-json\/wp\/v2\/types\/post"}],"author":[{"embeddable":true,"href":"https:\/\/gazdasagportal.hu\/index.php\/wp-json\/wp\/v2\/users\/1"}],"replies":[{"embeddable":true,"href":"https:\/\/gazdasagportal.hu\/index.php\/wp-json\/wp\/v2\/comments?post=113788"}],"version-history":[{"count":1,"href":"https:\/\/gazdasagportal.hu\/index.php\/wp-json\/wp\/v2\/posts\/113788\/revisions"}],"predecessor-version":[{"id":113789,"href":"https:\/\/gazdasagportal.hu\/index.php\/wp-json\/wp\/v2\/posts\/113788\/revisions\/113789"}],"wp:attachment":[{"href":"https:\/\/gazdasagportal.hu\/index.php\/wp-json\/wp\/v2\/media?parent=113788"}],"wp:term":[{"taxonomy":"category","embeddable":true,"href":"https:\/\/gazdasagportal.hu\/index.php\/wp-json\/wp\/v2\/categories?post=113788"},{"taxonomy":"post_tag","embeddable":true,"href":"https:\/\/gazdasagportal.hu\/index.php\/wp-json\/wp\/v2\/tags?post=113788"}],"curies":[{"name":"wp","href":"https:\/\/api.w.org\/{rel}","templated":true}]}}