{"id":113751,"date":"2019-02-19T11:21:50","date_gmt":"2019-02-19T10:21:50","guid":{"rendered":"http:\/\/gazdasagportal.hu\/?p=113751"},"modified":"2019-02-19T11:21:50","modified_gmt":"2019-02-19T10:21:50","slug":"megallapodtak-az-eu-intezmenyei-az-uj-nehezgepjarmuvek-szen-dioxid-kibocsatasanak-csokkenteserol","status":"publish","type":"post","link":"https:\/\/gazdasagportal.hu\/index.php\/megallapodtak-az-eu-intezmenyei-az-uj-nehezgepjarmuvek-szen-dioxid-kibocsatasanak-csokkenteserol\/","title":{"rendered":"Meg\u00e1llapodtak az EU int\u00e9zm\u00e9nyei az \u00faj neh\u00e9zg\u00e9pj\u00e1rm\u0171vek sz\u00e9n-dioxid-kibocs\u00e1t\u00e1s\u00e1nak cs\u00f6kkent\u00e9s\u00e9r\u0151l"},"content":{"rendered":"<p><strong>Az \u00faj neh\u00e9zg\u00e9pj\u00e1rm\u0171vek \u00e1tlagos sz\u00e9n-dioxid-kibocs\u00e1t\u00e1s\u00e1t 30 sz\u00e1zal\u00e9kkal kell leszor\u00edtani 2030-ra az idei szinthez k\u00e9pest az Eur\u00f3pai Uni\u00f3 t\u00e1rsjogalkot\u00f3 int\u00e9zm\u00e9nyei k\u00f6z\u00f6tt l\u00e9trej\u00f6tt meg\u00e1llapod\u00e1s \u00e9rtelm\u00e9ben.<\/strong><!--more--><\/p>\n<div class=\"ads-in-post1\"><div id=\"gazdasagportal.hu_fullbanner_wideboard\"><\/div>\r\n<\/div>\n<p>    A m\u00e9g hivatalos j\u00f3v\u00e1hagy\u00e1sra v\u00e1r\u00f3 egyezs\u00e9gr\u0151l az Eur\u00f3pai Bizotts\u00e1g sz\u00e1molt be, hangs\u00falyozva, hogy ez fontos l\u00e9p\u00e9s a k\u00f6zleked\u00e9si szektor moderniz\u00e1l\u00e1sa fel\u00e9, amely elengedhetetlen a kl\u00edmasemlegess\u00e9g j\u00f6v\u0151beli el\u00e9r\u00e9s\u00e9hez.<br \/>\n    A h\u00e9tf\u0151 \u00e9jszaka tet\u0151 al\u00e1 hozott meg\u00e1llapod\u00e1s megfelel a br\u00fcsszeli test\u00fclet eredeti javaslat\u00e1ban szerepl\u0151 sz\u00e1moknak, azaz 2025-re 15 sz\u00e1zal\u00e9kkal, 2030-ra pedig 30 sz\u00e1zal\u00e9kkal kell majd m\u00e9rs\u00e9kelni az \u00faj teheraut\u00f3k \u00e9s buszok \u00e1ltal kibocs\u00e1that\u00f3 sz\u00e9n-dioxid mennyis\u00e9g\u00e9t a 2019-re el\u0151ir\u00e1nyzott \u00e9rt\u00e9khez k\u00e9pest.<br \/>\n<div class=\"ads-in-post2\"><script async src=\"https:\/\/pagead2.googlesyndication.com\/pagead\/js\/adsbygoogle.js\"><\/script>\r\n<ins class=\"adsbygoogle\"\r\n     style=\"display:block\"\r\n     data-ad-format=\"fluid\"\r\n     data-ad-layout-key=\"-6t+ed+2i-1n-4w\"\r\n     data-ad-client=\"ca-pub-1959107119989764\"\r\n     data-ad-slot=\"4008251320\"><\/ins>\r\n<script>\r\n     (adsbygoogle = window.adsbygoogle || []).push({});\r\n<\/script><\/div>\n    Az int\u00e9zm\u00e9nyk\u00f6zi t\u00e1rgyal\u00e1sokon az Eur\u00f3pai Parlament 35 sz\u00e1zal\u00e9kot pr\u00f3b\u00e1lt el\u00e9rni, az uni\u00f3s tagorsz\u00e1gok korm\u00e1nyait t\u00f6m\u00f6r\u00edt\u0151 tan\u00e1cs azonban ebbe nem ment bele.<br \/>\n    Bas Eickhout, az EP z\u00f6ldp\u00e1rti jelent\u0151stev\u0151je ugyan \u00fcdv\u00f6z\u00f6lte az egyezs\u00e9get, sz\u00e9gyenletesnek nevezte, hogy &#8222;k\u00fcl\u00f6n\u00f6sen N\u00e9metorsz\u00e1g \u00e9s n\u00e9h\u00e1ny k\u00f6z\u00e9p-eur\u00f3pai tag\u00e1llam blokkolta az ambici\u00f3zusabb c\u00e9lokat, mivel egyes korm\u00e1nyok m\u00e9g mindig az iparuk \u00e9rdekeit helyezik az emberek \u00e9rdekei el\u00e9&#8221;.<br \/>\n    Az elfogadott \u00e9rt\u00e9kek magasabbak ann\u00e1l, mint amit p\u00e9ld\u00e1ul Berlin szeretett volna. Sz\u00e1mos k\u00f6rnyezetv\u00e9delmi szervezet azonban ezeket sem tartja elegend\u0151nek.<br \/>\n    A c\u00e9lsz\u00e1mok a k\u00fcl\u00f6nb\u00f6z\u0151 v\u00e1llalatok \u00e1ltal legy\u00e1rtott j\u00e1rm\u0171vek \u00e1tlag\u00e1r\u00e1ra vonatkoznak, \u00edgy tov\u00e1bbra is lesznek magasabb kibocs\u00e1t\u00e1s\u00fa modellek, ugyanakkor ezeket z\u00e9r\u00f3- vagy alacsony kibocs\u00e1t\u00e1s\u00faakkal kell majd ellens\u00falyozni.<br \/>\n    A tervezet c\u00e9lja a k\u00f6z\u00fati k\u00f6zleked\u00e9sb\u0151l sz\u00e1rmaz\u00f3 k\u00e1rosanyag-kibocs\u00e1t\u00e1s m\u00e9rs\u00e9kl\u00e9se azon v\u00e1llal\u00e1sok keret\u00e9ben, amelyek alapj\u00e1n az EU-nak a k\u00f6vetkez\u0151 \u00e9vtized v\u00e9g\u00e9ig \u00f6sszess\u00e9g\u00e9ben 40 sz\u00e1zal\u00e9kkal kellene cs\u00f6kkentenie az \u00fcvegh\u00e1zhat\u00e1s\u00fa g\u00e1zok kibocs\u00e1t\u00e1s\u00e1t az 1990-es szinthez k\u00e9pest.<br \/>\n    Az el\u0151zetes meg\u00e1llapod\u00e1st m\u00e9g hivatalosan is meg kell er\u0151s\u00edteni\u00fck az uni\u00f3s t\u00e1rsjogalkot\u00f3 szerveknek, ez v\u00e1rhat\u00f3an a k\u00f6vetkez\u0151 n\u00e9h\u00e1ny h\u00f3napban megt\u00f6rt\u00e9nik.<br \/>\n    Eur\u00f3p\u00e1ban \u00e9vente 400 ezer hal\u00e1leset \u00edrhat\u00f3 a l\u00e9gszennyez\u00e9s sz\u00e1ml\u00e1j\u00e1ra.(MTI)<\/p>\n","protected":false},"excerpt":{"rendered":"<p>Az \u00faj neh\u00e9zg\u00e9pj\u00e1rm\u0171vek \u00e1tlagos sz\u00e9n-dioxid-kibocs\u00e1t\u00e1s\u00e1t 30 sz\u00e1zal\u00e9kkal kell leszor\u00edtani 2030-ra az idei szinthez k\u00e9pest az Eur\u00f3pai Uni\u00f3 t\u00e1rsjogalkot\u00f3 int\u00e9zm\u00e9nyei k\u00f6z\u00f6tt l\u00e9trej\u00f6tt meg\u00e1llapod\u00e1s \u00e9rtelm\u00e9ben.<\/p>\n","protected":false},"author":1,"featured_media":0,"comment_status":"closed","ping_status":"open","sticky":false,"template":"","format":"standard","meta":[],"categories":[12,246],"tags":[],"_links":{"self":[{"href":"https:\/\/gazdasagportal.hu\/index.php\/wp-json\/wp\/v2\/posts\/113751"}],"collection":[{"href":"https:\/\/gazdasagportal.hu\/index.php\/wp-json\/wp\/v2\/posts"}],"about":[{"href":"https:\/\/gazdasagportal.hu\/index.php\/wp-json\/wp\/v2\/types\/post"}],"author":[{"embeddable":true,"href":"https:\/\/gazdasagportal.hu\/index.php\/wp-json\/wp\/v2\/users\/1"}],"replies":[{"embeddable":true,"href":"https:\/\/gazdasagportal.hu\/index.php\/wp-json\/wp\/v2\/comments?post=113751"}],"version-history":[{"count":1,"href":"https:\/\/gazdasagportal.hu\/index.php\/wp-json\/wp\/v2\/posts\/113751\/revisions"}],"predecessor-version":[{"id":113752,"href":"https:\/\/gazdasagportal.hu\/index.php\/wp-json\/wp\/v2\/posts\/113751\/revisions\/113752"}],"wp:attachment":[{"href":"https:\/\/gazdasagportal.hu\/index.php\/wp-json\/wp\/v2\/media?parent=113751"}],"wp:term":[{"taxonomy":"category","embeddable":true,"href":"https:\/\/gazdasagportal.hu\/index.php\/wp-json\/wp\/v2\/categories?post=113751"},{"taxonomy":"post_tag","embeddable":true,"href":"https:\/\/gazdasagportal.hu\/index.php\/wp-json\/wp\/v2\/tags?post=113751"}],"curies":[{"name":"wp","href":"https:\/\/api.w.org\/{rel}","templated":true}]}}