{"id":113749,"date":"2019-02-19T10:46:44","date_gmt":"2019-02-19T09:46:44","guid":{"rendered":"http:\/\/gazdasagportal.hu\/?p=113749"},"modified":"2019-02-19T10:46:44","modified_gmt":"2019-02-19T09:46:44","slug":"elindult-az-elso-minositett-gyakorlatorientalt-innovacios-kepzes-magyarorszagon","status":"publish","type":"post","link":"https:\/\/gazdasagportal.hu\/index.php\/elindult-az-elso-minositett-gyakorlatorientalt-innovacios-kepzes-magyarorszagon\/","title":{"rendered":"Elindult az els\u0151 min\u0151s\u00edtett, gyakorlatorient\u00e1lt innov\u00e1ci\u00f3s k\u00e9pz\u00e9s Magyarorsz\u00e1gon"},"content":{"rendered":"<p><strong>A hi\u00e1nyp\u00f3tl\u00f3 Innov\u00e1ci\u00f3 Menedzsment Akad\u00e9mia r\u00e9v\u00e9n cs\u00f6kkenhet a lemarad\u00e1sunk az eur\u00f3pai v\u00e1llalati innov\u00e1ci\u00f3s t\u00e9rk\u00e9pen.<\/strong><!--more--><\/p>\n<div class=\"ads-in-post1\"><div id=\"gazdasagportal.hu_fullbanner_wideboard\"><\/div>\r\n<\/div>\n<p><strong>\u00a0<\/strong><\/p>\n<p><strong>Sz\u00e1mos c\u00e9g v\u00e9gez \u00fagy kutat\u00e1s-fejleszt\u00e9st, hogy nem is tud r\u00f3la.\u00a0 \u00cdgy a K+F tev\u00e9kenys\u00e9g jelent\u0151s m\u00e9rt\u00e9k\u0171 hat\u00e9konys\u00e1gveszt\u00e9s \u00e9s k\u00f6lts\u00e9gn\u00f6veked\u00e9s mellett zajlik, r\u00e1ad\u00e1sul az ad\u00f3kedvezm\u00e9nyt\u0151l is eleshetnek. Mindeddig nem volt olyan feln\u0151ttoktat\u00e1si program, amely gyakorlatorient\u00e1lt m\u00f3don mutatta volna be az innov\u00e1ci\u00f3 menedzsmentet. M\u00e1r van.<\/strong><\/p>\n<p>&nbsp;<\/p><div id=\"gazda-100167785\" class=\"gazda-tartalomban gazda-entity-placement\"><script async src=\"https:\/\/pagead2.googlesyndication.com\/pagead\/js\/adsbygoogle.js\"><\/script>\r\n<ins class=\"adsbygoogle\"\r\n     style=\"display:block\"\r\n     data-ad-format=\"fluid\"\r\n     data-ad-layout-key=\"-6t+ed+2i-1n-4w\"\r\n     data-ad-client=\"ca-pub-1959107119989764\"\r\n     data-ad-slot=\"4008251320\"><\/ins>\r\n<script>\r\n     (adsbygoogle = window.adsbygoogle || []).push({});\r\n<\/script><\/div>\n<p>Az Innov\u00e1ci\u00f3 Menedzsment Akad\u00e9mia (IMA) az innov\u00e1ci\u00f3 menedzsment fogalm\u00e1nak piaci bevezet\u00e9s\u00e9t t\u0171zte ki c\u00e9lul, \u00e9s a napi \u00fczleti gyakorlatban is j\u00f3l hasznos\u00edthat\u00f3 tud\u00e1sanyagot ny\u00fajt a v\u00e1llalati kutat\u00e1s-fejleszt\u00e9s \u00e9s az innov\u00e1ci\u00f3s projektek ir\u00e1nt \u00e9rdekl\u0151d\u0151 szakemberek sz\u00e1m\u00e1ra.<\/p>\n<p>&nbsp;<\/p>\n<p>Az Akad\u00e9mia szakmai vezet\u0151je, <a href=\"https:\/\/ima-edu.hu\/oktatok\/\" target=\"_blank\" rel=\"noopener\">Kiss J\u00e1nos J\u00f3zsef<\/a> szerint az itt megszerzett tud\u00e1s azonnal megt\u00e9r\u00fcl, m\u00e1r a tervez\u00e9s \u00e9s lebonyol\u00edt\u00e1s min\u0151s\u00e9g\u00e9nek jav\u00edt\u00e1s\u00e1b\u00f3l is sz\u00e1rmazik haszon \u00e9s megtakar\u00edt\u00e1s. A c\u00e9gvezet\u0151k \u00e1ltal nem is ismert, a k\u00e9pz\u00e9s sor\u00e1n megismertetett jelent\u0151s ad\u00f3kedvezm\u00e9nyek pedig m\u00e1r csak a habot jelentik a tort\u00e1n. R\u00f6vid- \u00e9s hossz\u00fat\u00e1v\u00fa hat\u00e9konys\u00e1g javul\u00e1st, megtakar\u00edt\u00e1sokat \u00e9s a szellemi vagyonuk jobb m\u00e9rhet\u0151s\u00e9g\u00e9t \u00e9s n\u00f6veked\u00e9s\u00e9t is \u00e9lvezhetik azok, akik mostant\u00f3l tudatosabban \u00e9p\u00edtik majd c\u00e9g\u00fck innov\u00e1ci\u00f3s tev\u00e9kenys\u00e9g\u00e9t. Az IMA (www.innovacio-menedzsment.hu) a feln\u0151ttk\u00e9pz\u00e9si min\u0151s\u00edt\u00e9s szerint OKJ-s tan\u00fas\u00edtv\u00e1nyt vagy a r\u00e9szben min\u0151s\u00edtett k\u00e9pz\u00e9sekr\u0151l oklevelet ad, de az oktat\u00e1s h\u00e1zhoz is megy, kihelyezett v\u00e1llalati tanfolyamokat is ig\u00e9nybe lehet venni.<\/p>\n<p>&nbsp;<\/p>\n<p><strong>Kinek sz\u00f3l a k\u00e9pz\u00e9s?\u00a0 Milyen szektorokban?<\/strong><\/p>\n<p><strong>\u00a0<\/strong><\/p>\n<p>C\u00e9gvezet\u0151k, kutat\u00e1si igazgat\u00f3k, innov\u00e1ci\u00f3s projektmenedzserek, m\u00e9rn\u00f6k\u00f6k vagy ak\u00e1r sz\u00e1mviteli szakemberek is elsaj\u00e1t\u00edthatj\u00e1k v\u00e9gre az innov\u00e1ci\u00f3 menedzsmenttel kapcsolatos szakmai ismereteket.\u00a0 Az innov\u00e1ci\u00f3s k\u00e9pz\u00e9st minden olyan nemzetgazdas\u00e1gi szektor hasznos\u00edthatja, ahol innovat\u00edv kutat\u00e1s-fejleszt\u00e9s folyik, vagy folyhat majd. Az elm\u00falt \u00e9vtizedekben \u00e1ltal\u00e1ban az IT, az \u00e9lelmiszeripar, a biotechnol\u00f3gia, a gy\u00f3gyszeripar, a vegyipar \u00e9s a g\u00e9pgy\u00e1rt\u00e1s ter\u00fclet\u00e9r\u0151l ker\u00fcltek ki az innov\u00e1ci\u00f3 menedzsment ismeretek megszerz\u00e9se ir\u00e1nt \u00e9rdekl\u0151d\u0151 v\u00e1llalati szakemberek. Az Innov\u00e1ci\u00f3 Menedzsment Akad\u00e9mia aj\u00e1nlott azoknak, akik \u00e1ltal\u00e1nos ismereteket akarnak szerezni az innov\u00e1ci\u00f3menedzsment t\u00e9mak\u00f6r\u00e9ben, de azoknak is, akik csak egy-egy speci\u00e1lis ter\u00fcleten akarj\u00e1k b\u0151v\u00edteni ismereteiket<\/p>\n<div class=\"ads-in-post2\"><script async src=\"https:\/\/pagead2.googlesyndication.com\/pagead\/js\/adsbygoogle.js\"><\/script>\r\n<ins class=\"adsbygoogle\"\r\n     style=\"display:block\"\r\n     data-ad-format=\"fluid\"\r\n     data-ad-layout-key=\"-6t+ed+2i-1n-4w\"\r\n     data-ad-client=\"ca-pub-1959107119989764\"\r\n     data-ad-slot=\"4008251320\"><\/ins>\r\n<script>\r\n     (adsbygoogle = window.adsbygoogle || []).push({});\r\n<\/script><\/div>\n&nbsp;<\/p>\n<p><strong>Milyen form\u00e1ban hasznosulnak a megszerzett ismeretek?<\/strong><\/p>\n<p><strong>\u00a0<\/strong><\/p>\n<p>Az Akad\u00e9mia elindul\u00e1s\u00e1nak kezdem\u00e9nyez\u0151je, a 25 \u00e9ve innov\u00e1ci\u00f3s tan\u00e1csad\u00e1ssal foglalkoz\u00f3 <a href=\"http:\/\/innovacio-menedzsment.hu\/?page_id=91\" target=\"_blank\" rel=\"noopener\">Gl\u00f3sz \u00e9s T\u00e1rsa<\/a> tan\u00e1csad\u00f3 c\u00e9g.\u00a0 A c\u00e9g szak\u00e9rt\u0151je \u00e9s oktat\u00f3ja, <strong>Zsomb\u00f3k Andr\u00e1s<\/strong> a kutat\u00e1s-fejleszt\u00e9si tev\u00e9kenys\u00e9g leggyakoribb megjelen\u00e9si form\u00e1inak az al\u00e1bbiakat tartja a hazai v\u00e1llalati gyakorlatban:<\/p>\n<p>&nbsp;<\/p>\n<ul>\n<li>Term\u00e9kfejleszt\u00e9s: \u00faj term\u00e9kek kifejleszt\u00e9se a term\u00e9kszerkezet b\u0151v\u00edt\u00e9s\u00e9re.<\/li>\n<li>Technol\u00f3giai fejleszt\u00e9s: \u00faj elj\u00e1r\u00e1sok kifejleszt\u00e9se \u00e9s bevezet\u00e9se a v\u00e1llalati m\u0171k\u00f6d\u00e9s b\u00e1rmely ter\u00fclet\u00e9n.<\/li>\n<li>Szolg\u00e1ltat\u00e1sfejleszt\u00e9s: \u00faj szolg\u00e1ltat\u00e1sok kifejleszt\u00e9se a k\u00edn\u00e1lat b\u0151v\u00edt\u00e9s\u00e9re.<\/li>\n<li>Szoftverfejleszt\u00e9s: \u00faj algoritmusok \u00e9s implement\u00e1l\u00e1suk egy\u00fcttes megval\u00f3s\u00edt\u00e1sa.<\/li>\n<li>Ekvivalens megold\u00e1sok bevezet\u00e9se: \u00faj anyagok, alkatr\u00e9szek, r\u00e9szegys\u00e9gek bevezet\u00e9se.<\/li>\n<li>Kutat\u00e1s-fejleszt\u00e9si szolg\u00e1ltat\u00e1sok: megrendel\u00e9s alapj\u00e1n v\u00e9gzett kutat\u00e1s-fejleszt\u00e9si szolg\u00e1ltat\u00e1s ny\u00fajt\u00e1sa, protot\u00edpusok fejleszt\u00e9s\u00e9vel, ipari kutat\u00e1si eredm\u00e9nyek l\u00e9trehoz\u00e1s\u00e1val.<\/li>\n<li>Technol\u00f3giai transzfer lebonyol\u00edt\u00e1sa: v\u00e1s\u00e1rolt kutat\u00e1s-fejleszt\u00e9si eredm\u00e9nyek bevezet\u00e9se \u00e9s alkalmaz\u00e1sa.<\/li>\n<\/ul>\n<p>&nbsp;<\/p>\n<p><strong>Milyen sz\u00e1mszer\u0171s\u00edthet\u0151 el\u0151ny \u00e9rhet\u0151 el az IMA elv\u00e9gz\u00e9s\u00e9vel a szak\u00e9rt\u0151k szerint?<\/strong><\/p>\n<p><strong>\u00a0<\/strong><\/p>\n<p><strong>Kiss J\u00e1nos J\u00f3zsef<\/strong> \u00fagy v\u00e9li, hogy egy 100 milli\u00f3 forint beker\u00fcl\u00e9si k\u00f6lts\u00e9g\u0171 KF projekt eset\u00e9n p\u00e9ld\u00e1ul:<\/p>\n<p>&nbsp;<\/p>\n<ol>\n<li><strong>Hat\u00e9kony projektgener\u00e1l\u00e1ssal<\/strong> 10-15 %-os cs\u00f6kken\u00e9s a projekt beker\u00fcl\u00e9si k\u00f6lts\u00e9g\u00e9ben<\/li>\n<li>Hat\u00e9kony <strong>projektvezet\u00e9ssel<\/strong> \u00e1tlagosan 10-20 %-os megtakar\u00edt\u00e1s a lebonyol\u00edt\u00e1s rendszer\u00e9ben<\/li>\n<li><strong>Aktiv\u00e1l\u00e1s<\/strong> eset\u00e9n 100 milli\u00f3 forint \u00f6sszeg\u0171 vagyonn\u00f6veked\u00e9s, amely \u00e9rt\u00e9khelyesb\u00edt\u00e9ssel n\u00f6vekedhet<\/li>\n<li>Aktiv\u00e1l\u00e1s eset\u00e9n 100 milli\u00f3 forintos eredm\u00e9nyn\u00f6veked\u00e9s<\/li>\n<li>Az ad\u00f3alapok leg\u00e1lis cs\u00f6kkent\u00e9se r\u00e9v\u00e9n 8,82 milli\u00f3 forint<strong> ad\u00f3cs\u00f6kkent\u00e9s<\/strong> (TAO, HIPA)<\/li>\n<li>\u00c1tlagosan 35-60 % vissza nem t\u00e9r\u00edtend\u0151 t\u00e1mogat\u00e1s a c\u00e9lir\u00e1nyos p\u00e1ly\u00e1zatok eset\u00e9n.<\/li>\n<\/ol>\n<p><strong>\u00a0<\/strong><\/p>\n<p><strong>\u00c9s melyek a nem sz\u00e1mszer\u0171s\u00edthet\u0151 hat\u00e1sok?<\/strong><\/p>\n<p><strong>\u00a0<\/strong><\/p>\n<ol>\n<li>A nem megt\u00e9r\u00fcl\u0151 innov\u00e1ci\u00f3s \u00f6tleteket el\u0151re ki lehet szelekt\u00e1lni objekt\u00edv alapon.<\/li>\n<li>A jogi szempontb\u00f3l agg\u00e1lyos innov\u00e1ci\u00f3s \u00f6tleteket objekt\u00edven ki lehet sz\u0171rni.<\/li>\n<li>Megteremt\u0151dnek a projektek val\u00f3s \u00e9rt\u00e9k\u00e9nek nyilv\u00e1ntart\u00e1si-, megt\u00e9r\u00fcl\u00e9s\u00fcknek pedig a sz\u00e1m\u00edt\u00e1si felt\u00e9telei.<\/li>\n<li>Megfelel\u0151 m\u00f3don dokument\u00e1lhat\u00f3 \u00e9s az \u00fczleti c\u00e9lnak megfelel\u0151en lev\u00e9dhet\u0151 lesz a l\u00e9trehozott szellemi alkot\u00e1s.<\/li>\n<li>Az ad\u00f3igazgat\u00e1si elj\u00e1r\u00e1sok sz\u00e1m\u00e1ra \u00e1tl\u00e1that\u00f3 \u00e9s kezelhet\u0151 sz\u00e1mviteli nyilv\u00e1ntart\u00e1s j\u00f6n l\u00e9tre.<\/li>\n<li>A K+F projektek megval\u00f3s\u00edt\u00e1sa j\u00f3l nyomon k\u00f6vethet\u0151, j\u00f3l ir\u00e1ny\u00edthat\u00f3 lesz.<\/li>\n<li>Megteremt\u0151dnek a technol\u00f3giatranszfer (alternat\u00edv hasznos\u00edt\u00e1s) sz\u00fcks\u00e9ges felt\u00e9telei.<\/li>\n<\/ol>\n<p>&nbsp;<\/p>\n<p><strong>Mit tartalmaz a k\u00e9pz\u00e9s, hogyan \u00e9p\u00fcl fel a tananyag?<\/strong><\/p>\n<p><strong>\u00a0<\/strong><\/p>\n<p>Strat\u00e9giai tervez\u00e9s, innov\u00e1ci\u00f3s projektmenedzsment, c\u00e9lir\u00e1nyos sz\u00e1mviteli, p\u00e9nz\u00fcgyi \u00e9s iparjogv\u00e9delmi ismeretek egy fed\u00e9l alatt. Egy szakmai egys\u00e9g 3-5 modulb\u00f3l \u00e1ll, amelyek \u00f6sszes\u00edtve egy-egy k\u00e9pz\u00e9si napot ig\u00e9nyelnek a hallgat\u00f3kt\u00f3l. Minden szakmai egys\u00e9g elm\u00e9leti \u00e9s gyakorlati oktat\u00e1sb\u00f3l, valamint esettanulm\u00e1nyokra \u00e9p\u00fcl\u0151 projektfeladatok megold\u00e1s\u00e1b\u00f3l \u00e1ll.. Az oktat\u00e1s r\u00e9sztvev\u0151i a megszerzett egyed\u00fcl\u00e1ll\u00f3 tud\u00e1s mellett \u00e9rt\u00e9kes kapcsolatrendszerrel is gyarapodnak, ami seg\u00edti \u00e9rv\u00e9nyes\u00fcl\u00e9s\u00fcket ezen a speci\u00e1lis ter\u00fcleten.<\/p>\n","protected":false},"excerpt":{"rendered":"<p>A hi\u00e1nyp\u00f3tl\u00f3 Innov\u00e1ci\u00f3 Menedzsment Akad\u00e9mia r\u00e9v\u00e9n cs\u00f6kkenhet a lemarad\u00e1sunk az eur\u00f3pai v\u00e1llalati innov\u00e1ci\u00f3s t\u00e9rk\u00e9pen.<\/p>\n","protected":false},"author":1,"featured_media":0,"comment_status":"closed","ping_status":"open","sticky":false,"template":"","format":"standard","meta":[],"categories":[4],"tags":[],"_links":{"self":[{"href":"https:\/\/gazdasagportal.hu\/index.php\/wp-json\/wp\/v2\/posts\/113749"}],"collection":[{"href":"https:\/\/gazdasagportal.hu\/index.php\/wp-json\/wp\/v2\/posts"}],"about":[{"href":"https:\/\/gazdasagportal.hu\/index.php\/wp-json\/wp\/v2\/types\/post"}],"author":[{"embeddable":true,"href":"https:\/\/gazdasagportal.hu\/index.php\/wp-json\/wp\/v2\/users\/1"}],"replies":[{"embeddable":true,"href":"https:\/\/gazdasagportal.hu\/index.php\/wp-json\/wp\/v2\/comments?post=113749"}],"version-history":[{"count":1,"href":"https:\/\/gazdasagportal.hu\/index.php\/wp-json\/wp\/v2\/posts\/113749\/revisions"}],"predecessor-version":[{"id":113750,"href":"https:\/\/gazdasagportal.hu\/index.php\/wp-json\/wp\/v2\/posts\/113749\/revisions\/113750"}],"wp:attachment":[{"href":"https:\/\/gazdasagportal.hu\/index.php\/wp-json\/wp\/v2\/media?parent=113749"}],"wp:term":[{"taxonomy":"category","embeddable":true,"href":"https:\/\/gazdasagportal.hu\/index.php\/wp-json\/wp\/v2\/categories?post=113749"},{"taxonomy":"post_tag","embeddable":true,"href":"https:\/\/gazdasagportal.hu\/index.php\/wp-json\/wp\/v2\/tags?post=113749"}],"curies":[{"name":"wp","href":"https:\/\/api.w.org\/{rel}","templated":true}]}}