{"id":113697,"date":"2019-02-17T10:36:25","date_gmt":"2019-02-17T09:36:25","guid":{"rendered":"http:\/\/gazdasagportal.hu\/?p=113697"},"modified":"2019-02-17T10:36:25","modified_gmt":"2019-02-17T09:36:25","slug":"biztonsagpolitikai-szakerto-torekenyebb-lett-a-vilag-biztonsagpolitikai-helyzete","status":"publish","type":"post","link":"https:\/\/gazdasagportal.hu\/index.php\/biztonsagpolitikai-szakerto-torekenyebb-lett-a-vilag-biztonsagpolitikai-helyzete\/","title":{"rendered":"Biztons\u00e1gpolitikai szak\u00e9rt\u0151: t\u00f6r\u00e9kenyebb lett a vil\u00e1g biztons\u00e1gpolitikai helyzete"},"content":{"rendered":"<p><strong>A kor\u00e1bbi k\u00e9tp\u00f3lus\u00fa vil\u00e1grendszer megsz\u0171n\u00e9se ut\u00e1n most t\u00f6bb orsz\u00e1g is rendelkezik komoly katonai potenci\u00e1llal, a vil\u00e1g t\u00f6bbp\u00f3lus\u00fav\u00e1 v\u00e1lt, ez\u00e9rt biztons\u00e1gi helyzete sokkal t\u00f6r\u00e9kenyebb lett &#8211; mondta Horv\u00e1th J\u00f3zsef biztons\u00e1gpolitikai szak\u00e9rt\u0151 az M1 aktu\u00e1lis csatorna m\u0171sor\u00e1n vas\u00e1rnap.<\/strong><!--more--><\/p>\n<div class=\"ads-in-post1\"><div id=\"gazdasagportal.hu_fullbanner_wideboard\"><\/div>\r\n<\/div>\n<p>    Kifejtette: az Amerikai Egyes\u00fclt \u00c1llamok \u00e9s a mag\u00e1ra tal\u00e1l\u00f3 Oroszorsz\u00e1g mellett megjelent \u00faj kih\u00edv\u00f3k\u00e9nt K\u00edna, de sz\u00e1m\u00edt\u00e1sba kell venni p\u00e9ld\u00e1ul T\u00f6r\u00f6korsz\u00e1got vagy Ir\u00e1nt is.<br \/>\n    A h\u00e9ten megrendezett 55. M\u00fcncheni Biztons\u00e1gpolitikai Konferenci\u00e1n (MSC) elhangzottakkal kapcsolatban a szak\u00e9rt\u0151 jelezte azt is: N\u00e9metorsz\u00e1g helyzete &#8222;tudathasad\u00e1sos&#8221;, Angela Merkel n\u00e9met kancell\u00e1r besz\u00e9d\u00e9ben Eur\u00f3pa ellenfelei, de partnerei k\u00f6z\u00f6tt is eml\u00edtette Oroszorsz\u00e1got, a n\u00e9met-orosz energetikai egy\u00fcttm\u0171k\u00f6d\u00e9s ugyanis t\u00f6bb \u00e9vtizedre tekint vissza.<br \/>\n<div class=\"ads-in-post2\"><script async src=\"https:\/\/pagead2.googlesyndication.com\/pagead\/js\/adsbygoogle.js\"><\/script>\r\n<ins class=\"adsbygoogle\"\r\n     style=\"display:block\"\r\n     data-ad-format=\"fluid\"\r\n     data-ad-layout-key=\"-6t+ed+2i-1n-4w\"\r\n     data-ad-client=\"ca-pub-1959107119989764\"\r\n     data-ad-slot=\"4008251320\"><\/ins>\r\n<script>\r\n     (adsbygoogle = window.adsbygoogle || []).push({});\r\n<\/script><\/div>\n    Horv\u00e1th J\u00f3zsef kit\u00e9rt arra is, hogy a n\u00e9met kancell\u00e1r m\u00e9ltatlan helyzetbe ker\u00fcl, saj\u00e1t p\u00e1rtja is elkezdte beismerni, hogy rossz volt a 2015-\u00f6s d\u00f6nt\u00e9s a migr\u00e1nsok minden korl\u00e1toz\u00e1s n\u00e9lk\u00fcli befogad\u00e1s\u00e1r\u00f3l. A d\u00f6nt\u00e9s olyan &#8222;politikai f\u00f6ldindul\u00e1st ind\u00edtott el, ami maga al\u00e1 fogja temetni Angela Merkelt&#8221; &#8211; fogalmazott a szak\u00e9rt\u0151.(MTI)<\/p>\n","protected":false},"excerpt":{"rendered":"<p>A kor\u00e1bbi k\u00e9tp\u00f3lus\u00fa vil\u00e1grendszer megsz\u0171n\u00e9se ut\u00e1n most t\u00f6bb orsz\u00e1g is rendelkezik komoly katonai potenci\u00e1llal, a vil\u00e1g t\u00f6bbp\u00f3lus\u00fav\u00e1 v\u00e1lt, ez\u00e9rt biztons\u00e1gi helyzete sokkal t\u00f6r\u00e9kenyebb lett &#8211; mondta Horv\u00e1th J\u00f3zsef biztons\u00e1gpolitikai szak\u00e9rt\u0151 az M1 aktu\u00e1lis csatorna m\u0171sor\u00e1n vas\u00e1rnap.<\/p>\n","protected":false},"author":1001003,"featured_media":0,"comment_status":"closed","ping_status":"open","sticky":false,"template":"","format":"standard","meta":[],"categories":[4,12],"tags":[],"_links":{"self":[{"href":"https:\/\/gazdasagportal.hu\/index.php\/wp-json\/wp\/v2\/posts\/113697"}],"collection":[{"href":"https:\/\/gazdasagportal.hu\/index.php\/wp-json\/wp\/v2\/posts"}],"about":[{"href":"https:\/\/gazdasagportal.hu\/index.php\/wp-json\/wp\/v2\/types\/post"}],"author":[{"embeddable":true,"href":"https:\/\/gazdasagportal.hu\/index.php\/wp-json\/wp\/v2\/users\/1001003"}],"replies":[{"embeddable":true,"href":"https:\/\/gazdasagportal.hu\/index.php\/wp-json\/wp\/v2\/comments?post=113697"}],"version-history":[{"count":1,"href":"https:\/\/gazdasagportal.hu\/index.php\/wp-json\/wp\/v2\/posts\/113697\/revisions"}],"predecessor-version":[{"id":113698,"href":"https:\/\/gazdasagportal.hu\/index.php\/wp-json\/wp\/v2\/posts\/113697\/revisions\/113698"}],"wp:attachment":[{"href":"https:\/\/gazdasagportal.hu\/index.php\/wp-json\/wp\/v2\/media?parent=113697"}],"wp:term":[{"taxonomy":"category","embeddable":true,"href":"https:\/\/gazdasagportal.hu\/index.php\/wp-json\/wp\/v2\/categories?post=113697"},{"taxonomy":"post_tag","embeddable":true,"href":"https:\/\/gazdasagportal.hu\/index.php\/wp-json\/wp\/v2\/tags?post=113697"}],"curies":[{"name":"wp","href":"https:\/\/api.w.org\/{rel}","templated":true}]}}