{"id":113687,"date":"2019-02-16T12:28:29","date_gmt":"2019-02-16T11:28:29","guid":{"rendered":"http:\/\/gazdasagportal.hu\/?p=113687"},"modified":"2019-02-16T09:30:38","modified_gmt":"2019-02-16T08:30:38","slug":"venezuelai-valsag-az-amerikai-kulugy-megerositette-hogy-katonai-repulogeppel-segelyt-szallit","status":"publish","type":"post","link":"https:\/\/gazdasagportal.hu\/index.php\/venezuelai-valsag-az-amerikai-kulugy-megerositette-hogy-katonai-repulogeppel-segelyt-szallit\/","title":{"rendered":"Venezuelai v\u00e1ls\u00e1g &#8211; Az amerikai k\u00fcl\u00fcgy meger\u0151s\u00edtette, hogy katonai rep\u00fcl\u0151g\u00e9ppel seg\u00e9lyt sz\u00e1ll\u00edt"},"content":{"rendered":"<p><strong>Katonai rep\u00fcl\u0151g\u00e9ppel sz\u00e1ll\u00edt seg\u00e9lyt a venezuelai-kolumbiai hat\u00e1r kolumbiai oldal\u00e1ra az Egyes\u00fclt \u00c1llamok &#8211; er\u0151s\u00edtette meg p\u00e9ntek este a washingtoni k\u00fcl\u00fcgyminiszt\u00e9rium.<\/strong><!--more--><\/p>\n<div class=\"ads-in-post1\"><div id=\"gazdasagportal.hu_fullbanner_wideboard\"><\/div>\r\n<\/div>\n<p>    A t\u00e1rca k\u00f6zlem\u00e9nye szerint a seg\u00e9lysz\u00e1ll\u00edtm\u00e1nyt a v\u00e9delmi miniszt\u00e9riummal k\u00f6z\u00f6sen juttatj\u00e1k el a kolumbiai Cucuta v\u00e1ros\u00e1ba. A katonai sz\u00e1ll\u00edt\u00f3g\u00e9pen jelen lesznek az Egyes\u00fclt \u00c1llamok Nemzetk\u00f6zi Fejleszt\u00e9si \u00dcgyn\u00f6ks\u00e9g\u00e9nek (USAID) munkat\u00e1rsai is.<br \/>\n    A dokumentum azokat a d\u00e9lut\u00e1n megjelent sajt\u00f3h\u00edreket er\u0151s\u00edtette meg, amelyek azt \u00e1ll\u00edtott\u00e1k, hogy az amerikai korm\u00e1nyzat mintegy 200 tonn\u00e1nyi seg\u00e9lyt sz\u00e1ll\u00edt a kolumbiai-venezuelai hat\u00e1rhoz. A floridai Miamib\u00f3l \u00fatnak ind\u00edtott sz\u00e1ll\u00edtm\u00e1ny \u00e9lelmiszereket \u00e9s gy\u00f3gyszereket tartalmaz.<br \/>\n<div class=\"ads-in-post2\"><script async src=\"https:\/\/pagead2.googlesyndication.com\/pagead\/js\/adsbygoogle.js\"><\/script>\r\n<ins class=\"adsbygoogle\"\r\n     style=\"display:block\"\r\n     data-ad-format=\"fluid\"\r\n     data-ad-layout-key=\"-6t+ed+2i-1n-4w\"\r\n     data-ad-client=\"ca-pub-1959107119989764\"\r\n     data-ad-slot=\"4008251320\"><\/ins>\r\n<script>\r\n     (adsbygoogle = window.adsbygoogle || []).push({});\r\n<\/script><\/div>\n    A kolumbiai kisv\u00e1rosban m\u00e1r t\u00f6bb konvojnyi seg\u00e9lysz\u00e1ll\u00edtm\u00e1ny v\u00e1rakozik. Nicol\u00e1s Maduro venezuelai eln\u00f6k nem hajland\u00f3 megnyitni el\u0151tt\u00fck a hat\u00e1rt, arra hivatkozva, hogy orsz\u00e1g\u00e1ban nincs gazdas\u00e1gi v\u00e1ls\u00e1g, ezt csak Venezuela ellens\u00e9gei tal\u00e1lj\u00e1k ki. Az \u00e1llamf\u0151 ugyanakkor d\u00e9lut\u00e1n m\u00e1r azt mondta, hogy a seg\u00e9lysz\u00e1ll\u00edtm\u00e1nyok romlott \u00e9lelmiszert tartalmaznak.<br \/>\n    Elliott Abrams, a k\u00fcl\u00fcgyminiszt\u00e9rium venezuelai k\u00fcl\u00f6nmegb\u00edzottja a m\u00falt h\u00e9ten k\u00f6z\u00f6lte: Washington egyeztet a venezuelai ellenz\u00e9k k\u00e9pvisel\u0151ivel a seg\u00e9lysz\u00e1ll\u00edtm\u00e1nyokr\u00f3l, de az amerikai f\u00e9l semmik\u00e9ppen nem akarja er\u0151szakkal az orsz\u00e1gba juttatni a seg\u00e9lyeket.(MTI)<\/p>\n","protected":false},"excerpt":{"rendered":"<p>Katonai rep\u00fcl\u0151g\u00e9ppel sz\u00e1ll\u00edt seg\u00e9lyt a venezuelai-kolumbiai hat\u00e1r kolumbiai oldal\u00e1ra az Egyes\u00fclt \u00c1llamok &#8211; er\u0151s\u00edtette meg p\u00e9ntek este a washingtoni k\u00fcl\u00fcgyminiszt\u00e9rium.<\/p>\n","protected":false},"author":1001003,"featured_media":0,"comment_status":"closed","ping_status":"open","sticky":false,"template":"","format":"standard","meta":[],"categories":[13],"tags":[],"_links":{"self":[{"href":"https:\/\/gazdasagportal.hu\/index.php\/wp-json\/wp\/v2\/posts\/113687"}],"collection":[{"href":"https:\/\/gazdasagportal.hu\/index.php\/wp-json\/wp\/v2\/posts"}],"about":[{"href":"https:\/\/gazdasagportal.hu\/index.php\/wp-json\/wp\/v2\/types\/post"}],"author":[{"embeddable":true,"href":"https:\/\/gazdasagportal.hu\/index.php\/wp-json\/wp\/v2\/users\/1001003"}],"replies":[{"embeddable":true,"href":"https:\/\/gazdasagportal.hu\/index.php\/wp-json\/wp\/v2\/comments?post=113687"}],"version-history":[{"count":1,"href":"https:\/\/gazdasagportal.hu\/index.php\/wp-json\/wp\/v2\/posts\/113687\/revisions"}],"predecessor-version":[{"id":113688,"href":"https:\/\/gazdasagportal.hu\/index.php\/wp-json\/wp\/v2\/posts\/113687\/revisions\/113688"}],"wp:attachment":[{"href":"https:\/\/gazdasagportal.hu\/index.php\/wp-json\/wp\/v2\/media?parent=113687"}],"wp:term":[{"taxonomy":"category","embeddable":true,"href":"https:\/\/gazdasagportal.hu\/index.php\/wp-json\/wp\/v2\/categories?post=113687"},{"taxonomy":"post_tag","embeddable":true,"href":"https:\/\/gazdasagportal.hu\/index.php\/wp-json\/wp\/v2\/tags?post=113687"}],"curies":[{"name":"wp","href":"https:\/\/api.w.org\/{rel}","templated":true}]}}