{"id":113660,"date":"2019-02-15T13:08:49","date_gmt":"2019-02-15T12:08:49","guid":{"rendered":"http:\/\/gazdasagportal.hu\/?p=113660"},"modified":"2019-02-15T13:08:49","modified_gmt":"2019-02-15T12:08:49","slug":"a-fiatal-felnottek-orulnek-a-csoknak-epitkezni-azonban-nem-akarnak-egy-felmeres-szerint","status":"publish","type":"post","link":"https:\/\/gazdasagportal.hu\/index.php\/a-fiatal-felnottek-orulnek-a-csoknak-epitkezni-azonban-nem-akarnak-egy-felmeres-szerint\/","title":{"rendered":"A fiatal feln\u0151ttek \u00f6r\u00fclnek a csoknak, \u00e9p\u00edtkezni azonban nem akarnak egy felm\u00e9r\u00e9s szerint"},"content":{"rendered":"<p><strong>A magyar fiatal feln\u0151ttek k\u00f6zel fele szerint a csal\u00e1di otthonteremt\u00e9si kedvezm\u00e9ny (csok) n\u00f6veli az \u00e9p\u00edt\u00e9si kedvet, azonban csup\u00e1n a megk\u00e9rdezettek 15 sz\u00e1zal\u00e9ka v\u00e1gna bele az otthonteremt\u00e9sbe a k\u00f6vetkez\u0151 \u00f6t \u00e9vben &#8211; der\u00fcl ki a Berger H\u00e1zak Zrt. \u00e9s a Pulzus k\u00f6zv\u00e9lem\u00e9nykutat\u00f3 k\u00f6z\u00f6s felm\u00e9r\u00e9s\u00e9b\u0151l.<\/strong><!--more--><\/p>\n<div class=\"ads-in-post1\"><div id=\"gazdasagportal.hu_fullbanner_wideboard\"><\/div>\r\n<\/div>\n<p>    A reprezentat\u00edv felm\u00e9r\u00e9st 25-45 \u00e9ves magyar fiatalok k\u00f6r\u00e9ben, 1000 ember bevon\u00e1s\u00e1val v\u00e9gezt\u00e9k.<br \/>\n    A v\u00e1laszad\u00f3k a csok mellett az \u00faj lak\u00e1sok \u00e9p\u00edt\u00e9s\u00e9hez adott m\u00e1sik \u00e1llami \u00f6szt\u00f6nz\u0151t, az \u00e1fa-kedvezm\u00e9nyt is pozit\u00edvumk\u00e9nt \u00e9rt\u00e9kelik &#8211; \u00e1ll a k\u00f6zlem\u00e9nyben. Felid\u00e9zt\u00e9k, hogy a korm\u00e1ny tavalyi d\u00f6nt\u00e9se \u00e9rtelm\u00e9ben 2023. december 31-ig tov\u00e1bbra is a kedvezm\u00e9nyes, 5 sz\u00e1zal\u00e9kos \u00e1fakulcs alkalmazhat\u00f3 azon \u00faj lak\u00f3ingatlanok \u00e9rt\u00e9kes\u00edt\u00e9sekor, amelyek 2018. november 1-j\u00e9n v\u00e9gleges \u00e9p\u00edt\u00e9si enged\u00e9llyel rendelkeztek.<br \/>\n<div class=\"ads-in-post2\"><script async src=\"https:\/\/pagead2.googlesyndication.com\/pagead\/js\/adsbygoogle.js\"><\/script>\r\n<ins class=\"adsbygoogle\"\r\n     style=\"display:block\"\r\n     data-ad-format=\"fluid\"\r\n     data-ad-layout-key=\"-6t+ed+2i-1n-4w\"\r\n     data-ad-client=\"ca-pub-1959107119989764\"\r\n     data-ad-slot=\"4008251320\"><\/ins>\r\n<script>\r\n     (adsbygoogle = window.adsbygoogle || []).push({});\r\n<\/script><\/div>\n    Beregsz\u00e1szi P\u00e1l, a Berger H\u00e1zak Zrt. \u00fcgyvezet\u0151 igazgat\u00f3ja szerint a visszafogott \u00e9p\u00edtkez\u00e9si kedv eset\u00e9ben nyom\u00f3s ok lehet a t\u00fal szoros hat\u00e1rid\u0151, hiszen azok, akik tavaly novemberig nem rendelkeztek \u00e9rv\u00e9nyes \u00e9p\u00edt\u00e9si enged\u00e9llyel, a jelenlegi kedvezm\u00e9nyes, 5 sz\u00e1zal\u00e9kos lak\u00e1s\u00e1f\u00e1t m\u00e1r csak akkor vehetik ig\u00e9nybe, ha az \u00e9p\u00edtkez\u00e9s teljes eg\u00e9sze befejez\u0151dik ez \u00e9v v\u00e9g\u00e9ig. \u00dagy v\u00e9lte, egy most indul\u00f3 \u00e9p\u00edtkez\u00e9s eset\u00e9ben erre a hagyom\u00e1nyos technol\u00f3gi\u00e1val m\u00e1r nincs es\u00e9ly.<br \/>\n    K\u00e9szh\u00e1zas technol\u00f3gi\u00e1val ugyanakkor a teljes folyamat &#8211; tervez\u00e9ssel \u00e9s a banki \u00fcgyint\u00e9z\u00e9ssel egy\u00fctt &#8211; 8-9 h\u00f3napot vesz csak ig\u00e9nybe &#8211; tette hozz\u00e1.<br \/>\n    A Berger H\u00e1zak Zrt.-nek &#8211; a c\u00e9g honlapj\u00e1n tal\u00e1lhat\u00f3 t\u00e1j\u00e9koztat\u00e1s szerint &#8211; az el\u0151dje a t\u00f6bb mint t\u00edz \u00e9ves m\u00faltra visszatekint\u0151 Beregsz\u00e1szi-Trade Kft., amelynek a nev\u00e9hez gerendah\u00e1zak \u00e9p\u00edt\u00e9se k\u00f6thet\u0151. A Berger H\u00e1zak Zrt. k\u00e9szh\u00e1zelemek el\u0151\u00e1ll\u00edt\u00e1s\u00e1val foglalkozik, a szerkezeti elemek (a falak \u00e9s tet\u0151elemek) a c\u00e9g polg\u00e1ri gy\u00e1rt\u00f3\u00fczem\u00e9ben k\u00e9sz\u00fclnek el.(MTI)<\/p>\n","protected":false},"excerpt":{"rendered":"<p>A magyar fiatal feln\u0151ttek k\u00f6zel fele szerint a csal\u00e1di otthonteremt\u00e9si kedvezm\u00e9ny (csok) n\u00f6veli az \u00e9p\u00edt\u00e9si kedvet, azonban csup\u00e1n a megk\u00e9rdezettek 15 sz\u00e1zal\u00e9ka v\u00e1gna bele az otthonteremt\u00e9sbe a k\u00f6vetkez\u0151 \u00f6t \u00e9vben &#8211; der\u00fcl ki a Berger H\u00e1zak Zrt. \u00e9s a Pulzus k\u00f6zv\u00e9lem\u00e9nykutat\u00f3 k\u00f6z\u00f6s felm\u00e9r\u00e9s\u00e9b\u0151l.<\/p>\n","protected":false},"author":1,"featured_media":0,"comment_status":"closed","ping_status":"open","sticky":false,"template":"","format":"standard","meta":[],"categories":[4,19],"tags":[],"_links":{"self":[{"href":"https:\/\/gazdasagportal.hu\/index.php\/wp-json\/wp\/v2\/posts\/113660"}],"collection":[{"href":"https:\/\/gazdasagportal.hu\/index.php\/wp-json\/wp\/v2\/posts"}],"about":[{"href":"https:\/\/gazdasagportal.hu\/index.php\/wp-json\/wp\/v2\/types\/post"}],"author":[{"embeddable":true,"href":"https:\/\/gazdasagportal.hu\/index.php\/wp-json\/wp\/v2\/users\/1"}],"replies":[{"embeddable":true,"href":"https:\/\/gazdasagportal.hu\/index.php\/wp-json\/wp\/v2\/comments?post=113660"}],"version-history":[{"count":1,"href":"https:\/\/gazdasagportal.hu\/index.php\/wp-json\/wp\/v2\/posts\/113660\/revisions"}],"predecessor-version":[{"id":113661,"href":"https:\/\/gazdasagportal.hu\/index.php\/wp-json\/wp\/v2\/posts\/113660\/revisions\/113661"}],"wp:attachment":[{"href":"https:\/\/gazdasagportal.hu\/index.php\/wp-json\/wp\/v2\/media?parent=113660"}],"wp:term":[{"taxonomy":"category","embeddable":true,"href":"https:\/\/gazdasagportal.hu\/index.php\/wp-json\/wp\/v2\/categories?post=113660"},{"taxonomy":"post_tag","embeddable":true,"href":"https:\/\/gazdasagportal.hu\/index.php\/wp-json\/wp\/v2\/tags?post=113660"}],"curies":[{"name":"wp","href":"https:\/\/api.w.org\/{rel}","templated":true}]}}