{"id":113654,"date":"2019-02-15T11:59:22","date_gmt":"2019-02-15T10:59:22","guid":{"rendered":"http:\/\/gazdasagportal.hu\/?p=113654"},"modified":"2019-02-15T11:59:22","modified_gmt":"2019-02-15T10:59:22","slug":"hamarosan-elerheti-a-10-ezer-milliard-forintot-a-magyar-autoipar-eves-teljesitmenye","status":"publish","type":"post","link":"https:\/\/gazdasagportal.hu\/index.php\/hamarosan-elerheti-a-10-ezer-milliard-forintot-a-magyar-autoipar-eves-teljesitmenye\/","title":{"rendered":"Hamarosan el\u00e9rheti a 10 ezer milli\u00e1rd forintot a magyar aut\u00f3ipar \u00e9ves teljes\u00edtm\u00e9nye"},"content":{"rendered":"<p><strong>A nemsok\u00e1ra kezd\u0151d\u0151 \u00e9s a tervezett fejleszt\u00e9seknek k\u00f6sz\u00f6nhet\u0151en a magyar aut\u00f3ipar \u00e9ves termel\u00e9si \u00e9rt\u00e9ke hamarosan el\u00e9rheti a 10 ezer milli\u00e1rd forintot &#8211; jelentette ki a k\u00fclgazdas\u00e1gi \u00e9s k\u00fcl\u00fcgyminiszter az Enmech Hungary Kft. beruh\u00e1z\u00e1s\u00e1t bejelent\u0151 p\u00e9nteki sajt\u00f3t\u00e1j\u00e9koztat\u00f3n Budapesten.<\/strong><!--more--><\/p>\n<div class=\"ads-in-post1\"><div id=\"gazdasagportal.hu_fullbanner_wideboard\"><\/div>\r\n<\/div>\n<p>    Szijj\u00e1rt\u00f3 P\u00e9ter k\u00f6z\u00f6lte, hogy az aut\u00f3ipari alkatr\u00e9szgy\u00e1rt\u00f3 Enmech Hungary Kft. 6,4 milli\u00e1rd forint \u00e9rt\u00e9kben b\u0151v\u00edti p\u00e9celi \u00fczem\u00e9t, a beruh\u00e1z\u00e1st a korm\u00e1ny 641 milli\u00f3 forint vissza nem t\u00e9r\u00edtend\u0151 t\u00e1mogat\u00e1ssal seg\u00edti.<br \/>\n    Kulcsfontoss\u00e1g\u00fanak nevezte az ehhez hasonl\u00f3 beruh\u00e1z\u00e1sokat, a m\u00e1sodik \u00e9s harmadik k\u00f6r\u00f6s besz\u00e1ll\u00edt\u00f3k magyarorsz\u00e1gi fejleszt\u00e9seit. A Enmech gy\u00e1rb\u0151v\u00edt\u00e9se az\u00e9rt is k\u00fcl\u00f6n\u00f6sen jelent\u0151s, mert az \u00f6nvezet\u0151 aut\u00f3k \u00e9s az elektromobilit\u00e1s piac\u00e1n er\u0151s\u00edti a magyar aut\u00f3ipar poz\u00edci\u00f3it &#8211; hangs\u00falyozta.<br \/>\n    Az \u00e1gazat tavaly csaknem 8500 milli\u00e1rd forintot termelt \u00e9s 172 ezer munkav\u00e1llal\u00f3t foglalkoztatott Magyarorsz\u00e1gon &#8211; mondta a miniszter.<br \/>\n<div class=\"ads-in-post2\"><script async src=\"https:\/\/pagead2.googlesyndication.com\/pagead\/js\/adsbygoogle.js\"><\/script>\r\n<ins class=\"adsbygoogle\"\r\n     style=\"display:block\"\r\n     data-ad-format=\"fluid\"\r\n     data-ad-layout-key=\"-6t+ed+2i-1n-4w\"\r\n     data-ad-client=\"ca-pub-1959107119989764\"\r\n     data-ad-slot=\"4008251320\"><\/ins>\r\n<script>\r\n     (adsbygoogle = window.adsbygoogle || []).push({});\r\n<\/script><\/div>\n    A jap\u00e1n tulajdon\u00fa v\u00e1llalat beruh\u00e1z\u00e1sa alkalm\u00e1b\u00f3l Szijj\u00e1rt\u00f3 P\u00e9ter megjegyezte, hogy a k\u00e9t orsz\u00e1g gazdas\u00e1gi kapcsolatainak fejl\u0151d\u00e9se m\u00e9lt\u00f3 a diplom\u00e1ciai kapcsolatfelv\u00e9tel 150-ik \u00e9vfordul\u00f3j\u00e1hoz. A t\u00e1vol-keleti szigetorsz\u00e1g a magyar \u00e9lelmiszeripar egyik legfontosabb v\u00e1s\u00e1rl\u00f3ja \u00e9s a legnagyobb \u00e1zsiai befektet\u0151, a Magyarorsz\u00e1gon m\u0171k\u00f6d\u0151 160 jap\u00e1n v\u00e1llalat 27 ezer munkahelyet teremtett, a k\u00e9t orsz\u00e1g kereskedelmi forgalm\u00e1nak \u00e9rt\u00e9ke tavaly el\u00e9rte a 2,5 milli\u00e1rd doll\u00e1rt.<br \/>\n    A miniszter \u00fcdv\u00f6z\u00f6lte, hogy Jap\u00e1n \u00e9s az EU szabadkereskedelmi egyezm\u00e9ny\u00e9vel l\u00e9trej\u00f6tt a vil\u00e1g legnagyobb, csaknem 635 milli\u00f3s l\u00e9leksz\u00e1m\u00fa piaca, hiszen &#8211; mint mondta &#8211; az elm\u00falt \u00e9vek fejleszt\u00e9seinek k\u00f6sz\u00f6nhet\u0151en a magyar v\u00e1llalatok nemzetk\u00f6zi szinten is versenyk\u00e9pesek. Magyarorsz\u00e1g \u00e9s K\u00f6z\u00e9p-Eur\u00f3pa a kontinens n\u00f6veked\u00e9s\u00e9nek motorja, ez\u00e9rt nem v\u00e9letlen, hogy a cs\u00facstechnol\u00f3gi\u00e1t fejleszt\u0151 t\u00e1vol-keleti c\u00e9gek egyre t\u00f6bb beruh\u00e1z\u00e1st hoznak ide &#8211; tette hozz\u00e1.<br \/>\n    Az Emnech anyav\u00e1llalat\u00e1nak eur\u00f3pai vezet\u0151je k\u00f6z\u00f6lte, hogy az \u00faj \u00fczem termel\u00e9se okt\u00f3berben indulhat el. Wolfgang Bochtler, a Mektec Europe GmbH. vez\u00e9rigazgat\u00f3ja hozz\u00e1tette, hogy a Pest megyei \u00fczem t\u00f6bbek k\u00f6z\u00f6tt akkumul\u00e1torokhoz \u00e9s \u00f6nvezet\u0151 aut\u00f3k szenzoraihoz k\u00e9sz\u00edt majd alkatr\u00e9szeket \u00e9s fejleszt\u00e9si feladatokban is sz\u00e1m\u00edt a magyar munkav\u00e1llal\u00f3kra. A v\u00e1llalatcsoport vil\u00e1gszerte 21 ezer embert foglalkoztat, forgalma el\u00e9ri 3,2 milli\u00e1rd doll\u00e1rt \u00e9vente, vil\u00e1gszerte 18 gy\u00e1rat \u00fczemeltet.<br \/>\n    Sz\u0171cs Lajos, a t\u00e9rs\u00e9g orsz\u00e1ggy\u0171l\u00e9si k\u00e9pvisel\u0151je (Fidesz) k\u00f6z\u00f6lte, hogy a k\u00f6zleked\u00e9si \u00f6sszek\u00f6ttet\u00e9sek fejleszt\u00e9se er\u0151s\u00edtheti a k\u00f6rny\u00e9k t\u0151kevonz\u00f3 k\u00e9pess\u00e9g\u00e9t, gazdas\u00e1gfejleszt\u00e9si szempontb\u00f3l Budapest d\u00e9li r\u00e9sze \u00e9s a k\u00f6zeli telep\u00fcl\u00e9sek az orsz\u00e1g kiemelt ter\u00fcletei k\u00f6z\u00e9 tartoznak.<br \/>\n    Az Enmech Hungary Kft. a nyilv\u00e1nos c\u00e9gadatok szerint 2017-ben 12 milli\u00e1rd forintot meghalad\u00f3 bev\u00e9telt \u00e9rt el bel- \u00e9s k\u00fclf\u00f6ldi \u00e9rt\u00e9kes\u00edt\u00e9sekb\u0151l, ad\u00f3zott eredm\u00e9nye t\u00f6bb mint 214 milli\u00f3 forint volt.<br \/>\n(MTI)<\/p>\n","protected":false},"excerpt":{"rendered":"<p>A nemsok\u00e1ra kezd\u0151d\u0151 \u00e9s a tervezett fejleszt\u00e9seknek k\u00f6sz\u00f6nhet\u0151en a magyar aut\u00f3ipar \u00e9ves termel\u00e9si \u00e9rt\u00e9ke hamarosan el\u00e9rheti a 10 ezer milli\u00e1rd forintot &#8211; jelentette ki a k\u00fclgazdas\u00e1gi \u00e9s k\u00fcl\u00fcgyminiszter az Enmech Hungary Kft. beruh\u00e1z\u00e1s\u00e1t bejelent\u0151 p\u00e9nteki sajt\u00f3t\u00e1j\u00e9koztat\u00f3n Budapesten.<\/p>\n","protected":false},"author":1,"featured_media":0,"comment_status":"closed","ping_status":"open","sticky":false,"template":"","format":"standard","meta":[],"categories":[19],"tags":[],"_links":{"self":[{"href":"https:\/\/gazdasagportal.hu\/index.php\/wp-json\/wp\/v2\/posts\/113654"}],"collection":[{"href":"https:\/\/gazdasagportal.hu\/index.php\/wp-json\/wp\/v2\/posts"}],"about":[{"href":"https:\/\/gazdasagportal.hu\/index.php\/wp-json\/wp\/v2\/types\/post"}],"author":[{"embeddable":true,"href":"https:\/\/gazdasagportal.hu\/index.php\/wp-json\/wp\/v2\/users\/1"}],"replies":[{"embeddable":true,"href":"https:\/\/gazdasagportal.hu\/index.php\/wp-json\/wp\/v2\/comments?post=113654"}],"version-history":[{"count":1,"href":"https:\/\/gazdasagportal.hu\/index.php\/wp-json\/wp\/v2\/posts\/113654\/revisions"}],"predecessor-version":[{"id":113655,"href":"https:\/\/gazdasagportal.hu\/index.php\/wp-json\/wp\/v2\/posts\/113654\/revisions\/113655"}],"wp:attachment":[{"href":"https:\/\/gazdasagportal.hu\/index.php\/wp-json\/wp\/v2\/media?parent=113654"}],"wp:term":[{"taxonomy":"category","embeddable":true,"href":"https:\/\/gazdasagportal.hu\/index.php\/wp-json\/wp\/v2\/categories?post=113654"},{"taxonomy":"post_tag","embeddable":true,"href":"https:\/\/gazdasagportal.hu\/index.php\/wp-json\/wp\/v2\/tags?post=113654"}],"curies":[{"name":"wp","href":"https:\/\/api.w.org\/{rel}","templated":true}]}}