{"id":113605,"date":"2019-02-14T12:11:40","date_gmt":"2019-02-14T11:11:40","guid":{"rendered":"http:\/\/gazdasagportal.hu\/?p=113605"},"modified":"2019-02-14T12:11:40","modified_gmt":"2019-02-14T11:11:40","slug":"negy-eves-melypontra-csokkent-a-negyedik-negyedevben-az-euroovezeti-gdp-novekedes","status":"publish","type":"post","link":"https:\/\/gazdasagportal.hu\/index.php\/negy-eves-melypontra-csokkent-a-negyedik-negyedevben-az-euroovezeti-gdp-novekedes\/","title":{"rendered":"N\u00e9gy \u00e9ves m\u00e9lypontra cs\u00f6kkent a negyedik negyed\u00e9vben az eur\u00f3\u00f6vezeti GDP-n\u00f6veked\u00e9s"},"content":{"rendered":"<p><strong>A tavalyi negyedik negyed\u00e9vben n\u00e9gy \u00e9ves m\u00e9lypontra esett vissza az eur\u00f3\u00f6vezetben a gazdas\u00e1gi n\u00f6veked\u00e9s az el\u0151z\u0151 negyed\u00e9vihez k\u00e9pest az Eur\u00f3pai Uni\u00f3 statisztikai hivatala, az Eurostat cs\u00fct\u00f6rt\u00f6k\u00f6n kiadott el\u0151zetes adatai szerint. Magyarorsz\u00e1g GDP-n\u00f6veked\u00e9se viszont az eur\u00f3pai \u00e9lbolyban volt.<\/strong><!--more--><\/p>\n<div class=\"ads-in-post1\"><div id=\"gazdasagportal.hu_fullbanner_wideboard\"><\/div>\r\n<\/div>\n<p>    A 2018-as negyedik negyed\u00e9vben az eur\u00f3\u00f6vezet 19 tag\u00e1llam\u00e1ban \u00e9s az Eur\u00f3pai Uni\u00f3 28 tag\u00e1llam\u00e1ban egyar\u00e1nt 0,2 sz\u00e1zal\u00e9kkal n\u0151tt a brutt\u00f3 hazai term\u00e9k (GDP) szezon\u00e1lis kiigaz\u00edt\u00e1ssal az el\u0151z\u0151 negyed\u00e9vhez k\u00e9pest.<br \/>\n    A negyedik negyed\u00e9vben el\u00e9rt 0,2 sz\u00e1zal\u00e9kos negyed\u00e9ves GDP-n\u00f6veked\u00e9s 2014 m\u00e1sodik negyed\u00e9ve \u00f3ta a legalacsonyabb.<br \/>\n    \u00c9ves b\u00e1zison az eur\u00f3\u00f6vezetben 1,2 sz\u00e1zal\u00e9kkal, az EU-ban 1,4 sz\u00e1zal\u00e9kkal n\u0151tt a GDP a harmadik negyed\u00e9vi 1,6 \u00e9s 1,8 sz\u00e1zal\u00e9kos \u00e9ves n\u00f6veked\u00e9s ut\u00e1n.<br \/>\n    Tavaly az eg\u00e9sz \u00e9vben az eur\u00f3\u00f6vezetben 1,8 sz\u00e1zal\u00e9kkal, az Eur\u00f3pai Uni\u00f3ban 1,9 sz\u00e1zal\u00e9kkal n\u0151tt a GDP a 2017-eshez k\u00e9pest. Az \u00e9ves GDP-n\u00f6veked\u00e9s mindk\u00e9t r\u00e9gi\u00f3ban 2,4 sz\u00e1zal\u00e9k volt 2017-ben.<br \/>\n    Magyarorsz\u00e1gon az Eurostat adatai szerint a 2018-as negyedik negyed\u00e9vben 1,1 sz\u00e1zal\u00e9kkal n\u0151tt negyed\u00e9ves \u00e9s 4,8 sz\u00e1zal\u00e9kkal \u00e9ves b\u00e1zison a GDP. A harmadik negyed\u00e9vben 1,3 sz\u00e1zal\u00e9k volt a negyed\u00e9ves \u00e9s 5,1 sz\u00e1zal\u00e9k az \u00e9ves GDP-n\u00f6veked\u00e9s Magyarorsz\u00e1gon.<br \/>\n<div class=\"ads-in-post2\"><script async src=\"https:\/\/pagead2.googlesyndication.com\/pagead\/js\/adsbygoogle.js\"><\/script>\r\n<ins class=\"adsbygoogle\"\r\n     style=\"display:block\"\r\n     data-ad-format=\"fluid\"\r\n     data-ad-layout-key=\"-6t+ed+2i-1n-4w\"\r\n     data-ad-client=\"ca-pub-1959107119989764\"\r\n     data-ad-slot=\"4008251320\"><\/ins>\r\n<script>\r\n     (adsbygoogle = window.adsbygoogle || []).push({});\r\n<\/script><\/div>\n    A m\u00e1r rendelkez\u00e9sre \u00e1ll\u00f3 adatok alapj\u00e1n a magyarorsz\u00e1gi 4,8 sz\u00e1zal\u00e9kos negyedik negyed\u00e9vi \u00e9ves n\u00f6veked\u00e9sn\u00e9l nagyobb n\u00f6veked\u00e9si \u00fctemet, 5,5 sz\u00e1zal\u00e9kosat csak Lettorsz\u00e1g \u00e9rt el. A lengyel n\u00f6veked\u00e9s 4,6 sz\u00e1zal\u00e9k, a rom\u00e1niai \u00e9s a szlov\u00e1k 4,0 sz\u00e1zal\u00e9k volt.<br \/>\n    Magas \u00e9ves GDP-n\u00f6veked\u00e9si \u00fctemet \u00e9rhetett m\u00e9g el Szlov\u00e9nia, \u00cdrorsz\u00e1g \u00e9s M\u00e1lta is, de m\u00e9g nem \u00e1llnak rendelkez\u00e9sre a negyedik negyed\u00e9vi adatok. A harmadik negyed\u00e9vben a szlov\u00e9n \u00e9s az \u00edrorsz\u00e1gi gazdas\u00e1g \u00e9vi 5,0 sz\u00e1zal\u00e9kkal, a m\u00e1ltai 7,9 sz\u00e1zal\u00e9kkal n\u00f6vekedett.<br \/>\n    A n\u00e9met gazdas\u00e1g negyed\u00e9ves b\u00e1zison nulla n\u00f6veked\u00e9st \u00e9rt el a negyedik negyed\u00e9vben a harmadik negyed\u00e9vi 0,2 sz\u00e1zal\u00e9kos negyed\u00e9ves cs\u00f6kken\u00e9s ut\u00e1n. A n\u00e9met \u00e9ves n\u00f6veked\u00e9si \u00fctem 0,6 sz\u00e1zal\u00e9kra esett vissza a negyedik negyed\u00e9vben a harmadik negyed\u00e9vi 1,2 sz\u00e1zal\u00e9kr\u00f3l.<br \/>\n    Az olasz gazdas\u00e1g statisztikailag recesszi\u00f3ba s\u00fcllyedt, miut\u00e1n k\u00e9t egym\u00e1st k\u00f6vet\u0151 negyed\u00e9vben is cs\u00f6kkent a gazdas\u00e1g teljes\u00edtm\u00e9nye. A harmadik negyed\u00e9vi 0,1 sz\u00e1zal\u00e9k ut\u00e1n a negyedik negyed\u00e9vben 0,2 sz\u00e1zal\u00e9kkal cs\u00f6kkent az olasz brutt\u00f3 hazai term\u00e9k. Az \u00e9ves GDP-n\u00f6veked\u00e9s a harmadik negyed\u00e9vi 0,6 sz\u00e1zal\u00e9k ut\u00e1n a negyedikben 0,1 sz\u00e1zal\u00e9k lett Olaszorsz\u00e1gban.(MTI)<\/p>\n","protected":false},"excerpt":{"rendered":"<p>A tavalyi negyedik negyed\u00e9vben n\u00e9gy \u00e9ves m\u00e9lypontra esett vissza az eur\u00f3\u00f6vezetben a gazdas\u00e1gi n\u00f6veked\u00e9s az el\u0151z\u0151 negyed\u00e9vihez k\u00e9pest az Eur\u00f3pai Uni\u00f3 statisztikai hivatala, az Eurostat cs\u00fct\u00f6rt\u00f6k\u00f6n kiadott el\u0151zetes adatai szerint. Magyarorsz\u00e1g GDP-n\u00f6veked\u00e9se viszont az eur\u00f3pai \u00e9lbolyban volt.<\/p>\n","protected":false},"author":1,"featured_media":0,"comment_status":"closed","ping_status":"open","sticky":false,"template":"","format":"standard","meta":[],"categories":[246],"tags":[],"_links":{"self":[{"href":"https:\/\/gazdasagportal.hu\/index.php\/wp-json\/wp\/v2\/posts\/113605"}],"collection":[{"href":"https:\/\/gazdasagportal.hu\/index.php\/wp-json\/wp\/v2\/posts"}],"about":[{"href":"https:\/\/gazdasagportal.hu\/index.php\/wp-json\/wp\/v2\/types\/post"}],"author":[{"embeddable":true,"href":"https:\/\/gazdasagportal.hu\/index.php\/wp-json\/wp\/v2\/users\/1"}],"replies":[{"embeddable":true,"href":"https:\/\/gazdasagportal.hu\/index.php\/wp-json\/wp\/v2\/comments?post=113605"}],"version-history":[{"count":1,"href":"https:\/\/gazdasagportal.hu\/index.php\/wp-json\/wp\/v2\/posts\/113605\/revisions"}],"predecessor-version":[{"id":113606,"href":"https:\/\/gazdasagportal.hu\/index.php\/wp-json\/wp\/v2\/posts\/113605\/revisions\/113606"}],"wp:attachment":[{"href":"https:\/\/gazdasagportal.hu\/index.php\/wp-json\/wp\/v2\/media?parent=113605"}],"wp:term":[{"taxonomy":"category","embeddable":true,"href":"https:\/\/gazdasagportal.hu\/index.php\/wp-json\/wp\/v2\/categories?post=113605"},{"taxonomy":"post_tag","embeddable":true,"href":"https:\/\/gazdasagportal.hu\/index.php\/wp-json\/wp\/v2\/tags?post=113605"}],"curies":[{"name":"wp","href":"https:\/\/api.w.org\/{rel}","templated":true}]}}