{"id":113603,"date":"2019-02-14T11:26:56","date_gmt":"2019-02-14T10:26:56","guid":{"rendered":"http:\/\/gazdasagportal.hu\/?p=113603"},"modified":"2019-02-14T11:26:56","modified_gmt":"2019-02-14T10:26:56","slug":"a-commerzbank-a-vartnal-jobb-negyedevet-zart","status":"publish","type":"post","link":"https:\/\/gazdasagportal.hu\/index.php\/a-commerzbank-a-vartnal-jobb-negyedevet-zart\/","title":{"rendered":"A Commerzbank a v\u00e1rtn\u00e1l jobb negyed\u00e9vet z\u00e1rt"},"content":{"rendered":"<p><strong>A Commerzbank  ad\u00f3zott eredm\u00e9nye a tavalyi utols\u00f3 h\u00e1rom h\u00f3napban 51 sz\u00e1zal\u00e9kkal haladta meg az egy \u00e9vvel kor\u00e1bbit, ami fel\u00fclm\u00falta a szak\u00e9rt\u0151i v\u00e1rakoz\u00e1sokat.<\/strong><!--more--><\/p>\n<div class=\"ads-in-post1\"><div id=\"gazdasagportal.hu_fullbanner_wideboard\"><\/div>\r\n<\/div>\n<p>    N\u00e9metorsz\u00e1g m\u00e1sodik legnagyobb bankja cs\u00fct\u00f6rt\u00f6k\u00f6n azt k\u00f6z\u00f6lte, hogy a december v\u00e9g\u00e9vel z\u00e1r\u00f3dott h\u00e1rom h\u00f3napban az ad\u00f3zott eredm\u00e9nye 113 milli\u00f3 eur\u00f3 lett az egy \u00e9vvel kor\u00e1bbi 75 milli\u00f3 eur\u00f3 ut\u00e1n. Szak\u00e9rt\u0151k v\u00e1rakoz\u00e1s\u00e1nak az \u00e1tlag\u00e1ban szer\u00e9nyebb, 75,7 milli\u00f3 eur\u00f3 szerepelt.<br \/>\n<div class=\"ads-in-post2\"><script async src=\"https:\/\/pagead2.googlesyndication.com\/pagead\/js\/adsbygoogle.js\"><\/script>\r\n<ins class=\"adsbygoogle\"\r\n     style=\"display:block\"\r\n     data-ad-format=\"fluid\"\r\n     data-ad-layout-key=\"-6t+ed+2i-1n-4w\"\r\n     data-ad-client=\"ca-pub-1959107119989764\"\r\n     data-ad-slot=\"4008251320\"><\/ins>\r\n<script>\r\n     (adsbygoogle = window.adsbygoogle || []).push({});\r\n<\/script><\/div>\n    A Commerzbank tavalyi ad\u00f3zott eredm\u00e9nye 865 milli\u00f3 eur\u00f3ra ugrott az egy \u00e9vvel kor\u00e1bbi 128 milli\u00f3 eur\u00f3r\u00f3l. A m\u0171k\u00f6d\u00e9si eredm\u00e9nye pedig 1,149 milli\u00e1rd eur\u00f3r\u00f3l 1,245 milli\u00e1rd eur\u00f3ra emelkedett.<br \/>\n    A bank tavalyi bev\u00e9tele 8,570 milli\u00e1rd eur\u00f3ra m\u00e9rs\u00e9kl\u0151d\u00f6tt a 2017. \u00e9vi 8,764 milli\u00e1rd eur\u00f3r\u00f3l.<br \/>\n    A p\u00e9nzint\u00e9zet els\u0151dleges alapvet\u0151 t\u0151kemegfelel\u00e9si mutat\u00f3ja (CET1) 12,9 sz\u00e1zal\u00e9k volt a m\u00falt \u00e9v v\u00e9g\u00e9n a tavaly szeptember v\u00e9gi 13,2 sz\u00e1zal\u00e9k \u00e9s a tavaly janu\u00e1r eleji 13,3 sz\u00e1zal\u00e9k ut\u00e1n.(MTI)<\/p>\n","protected":false},"excerpt":{"rendered":"<p>A Commerzbank ad\u00f3zott eredm\u00e9nye a tavalyi utols\u00f3 h\u00e1rom h\u00f3napban 51 sz\u00e1zal\u00e9kkal haladta meg az egy \u00e9vvel kor\u00e1bbit, ami fel\u00fclm\u00falta a szak\u00e9rt\u0151i v\u00e1rakoz\u00e1sokat.<\/p>\n","protected":false},"author":1,"featured_media":0,"comment_status":"closed","ping_status":"open","sticky":false,"template":"","format":"standard","meta":[],"categories":[8],"tags":[],"_links":{"self":[{"href":"https:\/\/gazdasagportal.hu\/index.php\/wp-json\/wp\/v2\/posts\/113603"}],"collection":[{"href":"https:\/\/gazdasagportal.hu\/index.php\/wp-json\/wp\/v2\/posts"}],"about":[{"href":"https:\/\/gazdasagportal.hu\/index.php\/wp-json\/wp\/v2\/types\/post"}],"author":[{"embeddable":true,"href":"https:\/\/gazdasagportal.hu\/index.php\/wp-json\/wp\/v2\/users\/1"}],"replies":[{"embeddable":true,"href":"https:\/\/gazdasagportal.hu\/index.php\/wp-json\/wp\/v2\/comments?post=113603"}],"version-history":[{"count":1,"href":"https:\/\/gazdasagportal.hu\/index.php\/wp-json\/wp\/v2\/posts\/113603\/revisions"}],"predecessor-version":[{"id":113604,"href":"https:\/\/gazdasagportal.hu\/index.php\/wp-json\/wp\/v2\/posts\/113603\/revisions\/113604"}],"wp:attachment":[{"href":"https:\/\/gazdasagportal.hu\/index.php\/wp-json\/wp\/v2\/media?parent=113603"}],"wp:term":[{"taxonomy":"category","embeddable":true,"href":"https:\/\/gazdasagportal.hu\/index.php\/wp-json\/wp\/v2\/categories?post=113603"},{"taxonomy":"post_tag","embeddable":true,"href":"https:\/\/gazdasagportal.hu\/index.php\/wp-json\/wp\/v2\/tags?post=113603"}],"curies":[{"name":"wp","href":"https:\/\/api.w.org\/{rel}","templated":true}]}}