{"id":113553,"date":"2019-02-12T17:59:25","date_gmt":"2019-02-12T16:59:25","guid":{"rendered":"http:\/\/gazdasagportal.hu\/?p=113553"},"modified":"2019-02-12T17:59:25","modified_gmt":"2019-02-12T16:59:25","slug":"a-4ig-900-millios-megbizashoz-jutott-a-mav-egyik-projektjeben","status":"publish","type":"post","link":"https:\/\/gazdasagportal.hu\/index.php\/a-4ig-900-millios-megbizashoz-jutott-a-mav-egyik-projektjeben\/","title":{"rendered":"A 4iG 900 milli\u00f3s megb\u00edz\u00e1shoz jutott a M\u00c1V egyik projektj\u00e9ben"},"content":{"rendered":"<p><strong>A 4iG 900 milli\u00f3s megb\u00edz\u00e1shoz jutott a M\u00c1V INKA2 projektj\u00e9ben &#8211; tette k\u00f6zz\u00e9 a t\u00e1rsas\u00e1g kedden, a B\u00c9T honlapj\u00e1n.<\/strong><!--more--><\/p>\n<div class=\"ads-in-post1\"><div id=\"gazdasagportal.hu_fullbanner_wideboard\"><\/div>\r\n<\/div>\n<p>    A 4iG Nyrt. ny\u00edlt k\u00f6zbeszerz\u00e9si elj\u00e1r\u00e1s eredm\u00e9nyek\u00e9nt k\u00f6t\u00f6tt szerz\u0151d\u00e9st a DXC Technology Magyarorsz\u00e1g Kft.-vel, a projekt  f\u0151v\u00e1llalkoz\u00f3j\u00e1val a M\u00c1V INKA2 projektj\u00e9nek keret\u00e9ben g\u00f6rd\u00fcl\u0151 \u00e1llom\u00e1ny-, \u00e9s hum\u00e1n er\u0151forr\u00e1s tervez\u00e9si \u00e9s vez\u00e9nyl\u00e9si rendszer, tov\u00e1bb\u00e1 adatt\u00e1rh\u00e1z \u00e9s riporting rendszer megval\u00f3s\u00edt\u00e1s\u00e1ra.<br \/>\n<div class=\"ads-in-post2\"><script async src=\"https:\/\/pagead2.googlesyndication.com\/pagead\/js\/adsbygoogle.js\"><\/script>\r\n<ins class=\"adsbygoogle\"\r\n     style=\"display:block\"\r\n     data-ad-format=\"fluid\"\r\n     data-ad-layout-key=\"-6t+ed+2i-1n-4w\"\r\n     data-ad-client=\"ca-pub-1959107119989764\"\r\n     data-ad-slot=\"4008251320\"><\/ins>\r\n<script>\r\n     (adsbygoogle = window.adsbygoogle || []).push({});\r\n<\/script><\/div>\n    Az IT-v\u00e1llalat k\u00f6zlem\u00e9nye szerint a projekt c\u00e9lja a M\u00c1V hat\u00e9konyabb m\u0171k\u00f6d\u00e9s\u00e9nek biztos\u00edt\u00e1sa, informatikai alkalmaz\u00e1sainak konszolid\u00e1ci\u00f3ja. A szerz\u0151d\u00e9s \u00e9rt\u00e9ke 900 milli\u00f3 forint plusz \u00e1fa.<br \/>\n    A projekt eur\u00f3pai uni\u00f3s forr\u00e1sb\u00f3l val\u00f3sul meg.<br \/>\n    A 4iG Nyrt. pap\u00edrjait a B\u00c9T standard kateg\u00f3ri\u00e1j\u00e1ban jegyzik, az elm\u00falt egy \u00e9vben legalacsonyabb \u00e1ruk 195 forint, a legmagasabb 2280 forint volt, a legut\u00f3bbi keresked\u00e9si napon 1990 forinton z\u00e1rtak.(MTI)<\/p>\n","protected":false},"excerpt":{"rendered":"<p>A 4iG 900 milli\u00f3s megb\u00edz\u00e1shoz jutott a M\u00c1V INKA2 projektj\u00e9ben &#8211; tette k\u00f6zz\u00e9 a t\u00e1rsas\u00e1g kedden, a B\u00c9T honlapj\u00e1n.<\/p>\n","protected":false},"author":1,"featured_media":0,"comment_status":"closed","ping_status":"open","sticky":false,"template":"","format":"standard","meta":[],"categories":[7],"tags":[],"_links":{"self":[{"href":"https:\/\/gazdasagportal.hu\/index.php\/wp-json\/wp\/v2\/posts\/113553"}],"collection":[{"href":"https:\/\/gazdasagportal.hu\/index.php\/wp-json\/wp\/v2\/posts"}],"about":[{"href":"https:\/\/gazdasagportal.hu\/index.php\/wp-json\/wp\/v2\/types\/post"}],"author":[{"embeddable":true,"href":"https:\/\/gazdasagportal.hu\/index.php\/wp-json\/wp\/v2\/users\/1"}],"replies":[{"embeddable":true,"href":"https:\/\/gazdasagportal.hu\/index.php\/wp-json\/wp\/v2\/comments?post=113553"}],"version-history":[{"count":1,"href":"https:\/\/gazdasagportal.hu\/index.php\/wp-json\/wp\/v2\/posts\/113553\/revisions"}],"predecessor-version":[{"id":113554,"href":"https:\/\/gazdasagportal.hu\/index.php\/wp-json\/wp\/v2\/posts\/113553\/revisions\/113554"}],"wp:attachment":[{"href":"https:\/\/gazdasagportal.hu\/index.php\/wp-json\/wp\/v2\/media?parent=113553"}],"wp:term":[{"taxonomy":"category","embeddable":true,"href":"https:\/\/gazdasagportal.hu\/index.php\/wp-json\/wp\/v2\/categories?post=113553"},{"taxonomy":"post_tag","embeddable":true,"href":"https:\/\/gazdasagportal.hu\/index.php\/wp-json\/wp\/v2\/tags?post=113553"}],"curies":[{"name":"wp","href":"https:\/\/api.w.org\/{rel}","templated":true}]}}