{"id":113551,"date":"2019-02-12T16:31:01","date_gmt":"2019-02-12T15:31:01","guid":{"rendered":"http:\/\/gazdasagportal.hu\/?p=113551"},"modified":"2019-02-12T16:31:01","modified_gmt":"2019-02-12T15:31:01","slug":"a-brexit-lehetseges-hatasai-a-nemzetkozi-adozas-teruleten","status":"publish","type":"post","link":"https:\/\/gazdasagportal.hu\/index.php\/a-brexit-lehetseges-hatasai-a-nemzetkozi-adozas-teruleten\/","title":{"rendered":"A Brexit lehets\u00e9ges hat\u00e1sai a nemzetk\u00f6zi ad\u00f3z\u00e1s ter\u00fclet\u00e9n"},"content":{"rendered":"<p><strong>M\u00edg a brit parlament als\u00f3h\u00e1za elutas\u00edtotta a Brexit m\u00f3dj\u00e1r\u00f3l sz\u00f3l\u00f3 meg\u00e1llapod\u00e1si javaslatot, az Eur\u00f3pai Uni\u00f3 nem mutat t\u00fal nagy hajland\u00f3s\u00e1got a Theresa May \u00e1ltal javasolt meg\u00e1llapod\u00e1s \u00fajb\u00f3li t\u00e1rgyal\u00e1s\u00e1ra, \u00edgy a meg\u00e1llapod\u00e1s n\u00e9lk\u00fcli Brexit lehet\u0151s\u00e9ge napr\u00f3l napra val\u00f3sz\u00edn\u0171bb. A meg\u00e1llapod\u00e1s n\u00e9lk\u00fcli Brexit sz\u00e1mos nyitott k\u00e9rd\u00e9st \u00e9s bizonytalans\u00e1got eredm\u00e9nyezhet. Az al\u00e1bbiakban n\u00e9h\u00e1ny, a hat\u00e1ron \u00e1tny\u00fal\u00f3 t\u0151kebefektet\u00e9seket \u00e9s c\u00e9gcsoporton bel\u00fcli \u00e1tszervez\u00e9seket \u00e9rint\u0151 ad\u00f3z\u00e1si t\u00e9m\u00e1val foglalkozunk.<\/strong><!--more--><\/p>\n<div class=\"ads-in-post1\"><div id=\"gazdasagportal.hu_fullbanner_wideboard\"><\/div>\r\n<\/div>\n<p>\u201eA kil\u00e9p\u00e9s jelleg\u00e9t\u0151l f\u00fcggetlen\u00fcl a jelenleg hat\u00e1lyos kett\u0151s j\u00f6vedelemad\u00f3ztat\u00e1s elker\u00fcl\u00e9s\u00e9r\u0151l sz\u00f3l\u00f3 k\u00e9toldal\u00fa egyezm\u00e9nyek tov\u00e1bbra is \u00e9rv\u00e9nyesek \u00e9s alkalmazand\u00f3ak maradnak. Az egyezm\u00e9nyek rendelkez\u00e9sei &#8211; \u00edgy a Magyarorsz\u00e1g \u00e9s az Egyes\u00fclt Kir\u00e1lys\u00e1g k\u00f6z\u00f6tt a j\u00f6vedelemad\u00f3kat \u00e9rint\u0151 kett\u0151s ad\u00f3z\u00e1s elleni egyezm\u00e9ny rendelkez\u00e9sei is &#8211; egy viszonylag kisz\u00e1m\u00edthat\u00f3 keretet biztos\u00edtanak az egyezm\u00e9ny \u00e1ltal lefedett ter\u00fcleteken. Tov\u00e1bb\u00e1, az Egyes\u00fclt Kir\u00e1lys\u00e1gban letelepedett t\u00e1rsas\u00e1gok magyarorsz\u00e1gi t\u0151kebefektet\u00e9seib\u0151l, illetve az egy\u00e9b form\u00e1ban Magyarorsz\u00e1gr\u00f3l sz\u00e1rmaz\u00f3 j\u00f6vedelmeinek magyar ad\u00f3terhel\u00e9se sem v\u00e1ltozik\u201d \u2013 mondta P\u00f3czak Ferenc, a Deloitte Magyarorsz\u00e1g nemzetk\u00f6zi ad\u00f3csoportj\u00e1nak vezet\u0151je.<\/p>\n<div class=\"ads-in-post2\"><script async src=\"https:\/\/pagead2.googlesyndication.com\/pagead\/js\/adsbygoogle.js\"><\/script>\r\n<ins class=\"adsbygoogle\"\r\n     style=\"display:block\"\r\n     data-ad-format=\"fluid\"\r\n     data-ad-layout-key=\"-6t+ed+2i-1n-4w\"\r\n     data-ad-client=\"ca-pub-1959107119989764\"\r\n     data-ad-slot=\"4008251320\"><\/ins>\r\n<script>\r\n     (adsbygoogle = window.adsbygoogle || []).push({});\r\n<\/script><\/div>\nUgyanakkor a hat\u00e1rokon \u00e1tny\u00fal\u00f3 t\u00e1rsas\u00e1gi jogi egyes\u00fcl\u00e9sek tekintet\u00e9ben a Brexit ut\u00e1ni jogk\u00f6rnyezetre vonatkoz\u00f3an egyel\u0151re m\u00e9g bizonytalan, hogy milyen \u00e1tmeneti rendelkez\u00e9seket vezet majd be ak\u00e1r a kil\u00e9p\u00e9si meg\u00e1llapod\u00e1s, ak\u00e1r az Eur\u00f3pai Uni\u00f3 ir\u00e1nyelvek form\u00e1j\u00e1ban. \u201eK\u00fcl\u00f6n \u00e1tmeneti meg\u00e1llapod\u00e1s hi\u00e1ny\u00e1ban nem lesznek k\u00f6zvetlen\u00fcl alkalmazhat\u00f3ak az EU ir\u00e1nyelvek, illetve azok nemzeti megfelel\u0151i, amelyek c\u00e9lja az EU-n bel\u00fcli \u00e1talakul\u00e1sok egys\u00e9ges jogi \u00e9s ad\u00f3z\u00e1si meg\u00edt\u00e9l\u00e9se. Ennek megfelel\u0151en a Magyarorsz\u00e1got \u00e9s az Egyes\u00fclt Kir\u00e1lys\u00e1got \u00e9rint\u0151 hat\u00e1ron \u00e1tny\u00fal\u00f3 egyes\u00fcl\u00e9sek eset\u00e9ben k\u00e9rd\u00e9sess\u00e9 v\u00e1lhat az ilyen egyes\u00fcl\u00e9sek jogi megval\u00f3s\u00edthat\u00f3s\u00e1ga, illetve megsz\u0171nhet a t\u00e1rsas\u00e1gi ad\u00f3r\u00f3l sz\u00f3l\u00f3 t\u00f6rv\u00e9ny \u00e1ltal meghat\u00e1rozott kedvezm\u00e9nyezett \u00e1talakul\u00e1sok ad\u00f3semleges kezel\u00e9s\u00e9nek lehet\u0151s\u00e9ge is\u201d \u2013 tette hozz\u00e1 Kocsis Gabriella, a Deloitte ad\u00f3oszt\u00e1ly\u00e1nak szenior menedzsere.<\/p>\n<p>A Brexit v\u00e1rhat\u00f3an \u00e9rinteni fogja a magyarorsz\u00e1gi sz\u00e9khely\u0171 t\u00e1rsas\u00e1gok brit fi\u00f3ktelepeinek, valamint a brit t\u00e1rsas\u00e1gok magyarorsz\u00e1gi fi\u00f3ktelepeinek a m\u0171k\u00f6d\u00e9s\u00e9t is. Magyarorsz\u00e1g eset\u00e9ben p\u00e9ld\u00e1ul jelenleg csak az EU-s sz\u00e9khely\u0171 t\u00e1rsas\u00e1gok fi\u00f3ktelepei mentes\u00fclnek automatikusan a magyarorsz\u00e1gi besz\u00e1mol\u00f3jukra vonatkoz\u00f3 k\u00f6zz\u00e9t\u00e9teli, let\u00e9tbe helyez\u00e9si \u00e9s k\u00f6nyvvizsg\u00e1lati k\u00f6telezetts\u00e9g al\u00f3l. A Brexit ut\u00e1n egy brit t\u00e1rsas\u00e1g fi\u00f3ktelepe m\u00e1r csak akkor mentes\u00fclhet ezen k\u00f6telezetts\u00e9gek al\u00f3l, ha az Egyes\u00fclt Kir\u00e1lys\u00e1gban \u00e9rv\u00e9nyes let\u00e9tbe helyez\u00e9si, k\u00f6zz\u00e9t\u00e9teli \u00e9s k\u00f6nyvvizsg\u00e1lati k\u00f6telezetts\u00e9gek tov\u00e1bbra is \u00f6sszhangban lesznek az EU vonatkoz\u00f3 el\u0151\u00edr\u00e1saival.<\/p><div id=\"gazda-3002782136\" class=\"gazda-tartalomban gazda-entity-placement\"><script async src=\"https:\/\/pagead2.googlesyndication.com\/pagead\/js\/adsbygoogle.js\"><\/script>\r\n<ins class=\"adsbygoogle\"\r\n     style=\"display:block\"\r\n     data-ad-format=\"fluid\"\r\n     data-ad-layout-key=\"-6t+ed+2i-1n-4w\"\r\n     data-ad-client=\"ca-pub-1959107119989764\"\r\n     data-ad-slot=\"4008251320\"><\/ins>\r\n<script>\r\n     (adsbygoogle = window.adsbygoogle || []).push({});\r\n<\/script><\/div>\n<p>&nbsp;<\/p>\n<p><strong>A Deloitte-r\u00f3l<\/strong><\/p>\n<p>A Deloitte sz\u00e1mos ipar\u00e1gban ny\u00fajt k\u00f6nyvvizsg\u00e1lati, valamint ad\u00f3- \u00e9s egy\u00e9b tan\u00e1csad\u00e1si, tov\u00e1bb\u00e1 jogi szolg\u00e1ltat\u00e1sokat (\u00fcgyfeleinknek egy\u00fcttm\u0171k\u00f6d\u0151 \u00fcgyv\u00e9di irod\u00e1nk, a Deloitte Legal Erd\u0151s \u00e9s T\u00e1rsai \u00dcgyv\u00e9di Iroda ny\u00fajtja a jogi tan\u00e1csad\u00e1si szolg\u00e1ltat\u00e1sokat) \u00e1llami \u00e9s mag\u00e1nc\u00e9gek r\u00e9sz\u00e9re egyar\u00e1nt. T\u00f6bb mint 150 orsz\u00e1gban jelen l\u00e9v\u0151 h\u00e1l\u00f3zat\u00e1n kereszt\u00fcl a Deloitte vil\u00e1gsz\u00ednvonal\u00fa szak\u00e9rtelm\u00e9vel \u00e9s min\u0151s\u00e9gi szolg\u00e1ltat\u00e1saival seg\u00edti \u00fcgyfeleit abban, hogy megfeleljenek az el\u0151tt\u00fck \u00e1ll\u00f3 \u00fczleti kih\u00edv\u00e1soknak. A Deloitte mintegy 225 000 szak\u00e9rt\u0151je egyt\u0151l egyig arra t\u00f6rekszik, hogy a kiv\u00e1l\u00f3s\u00e1g m\u00e9rc\u00e9j\u00e9v\u00e9 v\u00e1ljon.<\/p>\n<p>A Deloitte n\u00e9v az Egyes\u00fclt Kir\u00e1lys\u00e1gban \u201ccompany limited by guarantee\u201d form\u00e1ban alap\u00edtott Deloitte Touche Tohmatsu Limited t\u00e1rsas\u00e1gra \u00e9s tagv\u00e1llalatainak h\u00e1l\u00f3zat\u00e1ra utal, melyek mindegyike \u00f6n\u00e1ll\u00f3, egym\u00e1st\u00f3l elk\u00fcl\u00f6n\u00fcl\u0151 jogi szem\u00e9ly. A Deloitte Touche Tohmatsu Limited \u00e9s tagv\u00e1llalatai jogi strukt\u00far\u00e1j\u00e1nak r\u00e9szletes bemutat\u00e1s\u00e1t a k\u00f6vetkez\u0151 link alatt tal\u00e1lja: www.deloitte.com\/hu\/magunkrol.<\/p>\n<p>&nbsp;<\/p>\n","protected":false},"excerpt":{"rendered":"<p>M\u00edg a brit parlament als\u00f3h\u00e1za elutas\u00edtotta a Brexit m\u00f3dj\u00e1r\u00f3l sz\u00f3l\u00f3 meg\u00e1llapod\u00e1si javaslatot, az Eur\u00f3pai Uni\u00f3 nem mutat t\u00fal nagy hajland\u00f3s\u00e1got a Theresa May \u00e1ltal javasolt meg\u00e1llapod\u00e1s \u00fajb\u00f3li t\u00e1rgyal\u00e1s\u00e1ra, \u00edgy a meg\u00e1llapod\u00e1s n\u00e9lk\u00fcli Brexit lehet\u0151s\u00e9ge napr\u00f3l napra val\u00f3sz\u00edn\u0171bb. A meg\u00e1llapod\u00e1s n\u00e9lk\u00fcli Brexit sz\u00e1mos nyitott k\u00e9rd\u00e9st \u00e9s bizonytalans\u00e1got eredm\u00e9nyezhet. Az al\u00e1bbiakban n\u00e9h\u00e1ny, a hat\u00e1ron \u00e1tny\u00fal\u00f3 t\u0151kebefektet\u00e9seket \u00e9s &#8230;<\/p>\n","protected":false},"author":1,"featured_media":0,"comment_status":"closed","ping_status":"open","sticky":false,"template":"","format":"standard","meta":[],"categories":[12,246],"tags":[],"_links":{"self":[{"href":"https:\/\/gazdasagportal.hu\/index.php\/wp-json\/wp\/v2\/posts\/113551"}],"collection":[{"href":"https:\/\/gazdasagportal.hu\/index.php\/wp-json\/wp\/v2\/posts"}],"about":[{"href":"https:\/\/gazdasagportal.hu\/index.php\/wp-json\/wp\/v2\/types\/post"}],"author":[{"embeddable":true,"href":"https:\/\/gazdasagportal.hu\/index.php\/wp-json\/wp\/v2\/users\/1"}],"replies":[{"embeddable":true,"href":"https:\/\/gazdasagportal.hu\/index.php\/wp-json\/wp\/v2\/comments?post=113551"}],"version-history":[{"count":1,"href":"https:\/\/gazdasagportal.hu\/index.php\/wp-json\/wp\/v2\/posts\/113551\/revisions"}],"predecessor-version":[{"id":113552,"href":"https:\/\/gazdasagportal.hu\/index.php\/wp-json\/wp\/v2\/posts\/113551\/revisions\/113552"}],"wp:attachment":[{"href":"https:\/\/gazdasagportal.hu\/index.php\/wp-json\/wp\/v2\/media?parent=113551"}],"wp:term":[{"taxonomy":"category","embeddable":true,"href":"https:\/\/gazdasagportal.hu\/index.php\/wp-json\/wp\/v2\/categories?post=113551"},{"taxonomy":"post_tag","embeddable":true,"href":"https:\/\/gazdasagportal.hu\/index.php\/wp-json\/wp\/v2\/tags?post=113551"}],"curies":[{"name":"wp","href":"https:\/\/api.w.org\/{rel}","templated":true}]}}