{"id":113541,"date":"2019-02-12T11:38:59","date_gmt":"2019-02-12T10:38:59","guid":{"rendered":"http:\/\/gazdasagportal.hu\/?p=113541"},"modified":"2019-02-12T11:38:59","modified_gmt":"2019-02-12T10:38:59","slug":"140-ezer-diakot-erint-es-90-milliard-forintba-kerulhet-a-kulfoldi-nyelvi-kurzus","status":"publish","type":"post","link":"https:\/\/gazdasagportal.hu\/index.php\/140-ezer-diakot-erint-es-90-milliard-forintba-kerulhet-a-kulfoldi-nyelvi-kurzus\/","title":{"rendered":"140 ezer di\u00e1kot \u00e9rint \u00e9s 90 milli\u00e1rd forintba ker\u00fclhet a k\u00fclf\u00f6ldi nyelvi kurzus"},"content":{"rendered":"<p><strong>\u00c9vente 140 ezer di\u00e1kot \u00e9rint \u00e9s 90 milli\u00e1rd forintba ker\u00fclhet a 9. \u00e9s a 11. \u00e9vfolyamra j\u00e1r\u00f3 tanul\u00f3k k\u00e9tszer k\u00e9thetes k\u00fclf\u00f6ldi nyelvi kurzusa &#8211; k\u00f6z\u00f6lte az emberi er\u0151forr\u00e1sok minisztere kedden budapesti sajt\u00f3t\u00e1j\u00e9koztat\u00f3n.<\/strong><!--more--><\/p>\n<div class=\"ads-in-post1\"><div id=\"gazdasagportal.hu_fullbanner_wideboard\"><\/div>\r\n<\/div>\n<p>    K\u00e1sler Mikl\u00f3s azt mondta: a k\u00e9tszer k\u00e9thetes, nyelvi k\u00f6rnyezetben tanul\u00e1s re\u00e1lis lehet\u0151s\u00e9get biztos\u00edt a di\u00e1koknak arra, hogy haszn\u00e1lhat\u00f3 nyelvtud\u00e1sra tegyenek szert.<br \/>\n    A miniszter kit\u00e9rt arra: felm\u00e9r\u00e9sek szerint 2017-ben Magyarorsz\u00e1gon az emberek 45 sz\u00e1zal\u00e9ka besz\u00e9lt egy idegen nyelvet a saj\u00e1t meg\u00edt\u00e9l\u00e9se szerint, m\u00edg 10 \u00e9vvel kor\u00e1bban ez az ar\u00e1ny 25 sz\u00e1zal\u00e9k volt. Az elm\u00falt t\u00edz \u00e9vben teh\u00e1t javult a magyar emberek idegennyelv-ismerete, azonban m\u00e9g mindig messze elmarad a k\u00f6rnyez\u0151 orsz\u00e1gokban \u00e9l\u0151k\u00e9t\u0151l.<br \/>\n    Megjegyezte: a magyar nyelv &#8222;egyed\u00fcl\u00e1ll\u00f3&#8221;, &#8222;nincsenek rokon nyelvek a k\u00f6rnyezet\u00fcnkben&#8221;, ez\u00e9rt &#8222;nek\u00fcnk az idegen nyelvek elsaj\u00e1t\u00edt\u00e1sa nagy neh\u00e9zs\u00e9get okoz&#8221;.<br \/>\n<div class=\"ads-in-post2\"><script async src=\"https:\/\/pagead2.googlesyndication.com\/pagead\/js\/adsbygoogle.js\"><\/script>\r\n<ins class=\"adsbygoogle\"\r\n     style=\"display:block\"\r\n     data-ad-format=\"fluid\"\r\n     data-ad-layout-key=\"-6t+ed+2i-1n-4w\"\r\n     data-ad-client=\"ca-pub-1959107119989764\"\r\n     data-ad-slot=\"4008251320\"><\/ins>\r\n<script>\r\n     (adsbygoogle = window.adsbygoogle || []).push({});\r\n<\/script><\/div>\n    A nyelvoktat\u00e1ssal foglalkoz\u00f3 szakemberek \u00fagy l\u00e1tj\u00e1k, hogy a nyelvtanul\u00e1s folyam\u00e1n a 9. \u00e9s 11. \u00e9vfolyamon c\u00e9lszer\u0171 nyelvi k\u00f6rnyezetben gyakorlatot szerezni. Ez alapj\u00e1n sz\u00fcletett a korm\u00e1ny d\u00f6nt\u00e9se a k\u00e9tszer k\u00e9thetes kurzusr\u00f3l &#8211; tette hozz\u00e1 K\u00e1sler Mikl\u00f3s.<br \/>\n    B\u00f3dis J\u00f3zsef, az Emberi Er\u0151forr\u00e1sok Miniszt\u00e9rium\u00e1nak (Emmi) oktat\u00e1s\u00e9rt felel\u0151s \u00e1llamtitk\u00e1ra elmondta: a program r\u00e9szleteit m\u00e9g nem dolgozt\u00e1k ki, de p\u00e1ly\u00e1zati rendszert terveznek, amelyben csoportos iskolai \u00e9s egy\u00e9ni p\u00e1ly\u00e1z\u00e1sra is lesz majd lehet\u0151s\u00e9g.<br \/>\n    K\u00f6z\u00f6lte: az iskolai csoportok kiutaz\u00e1s\u00e1n\u00e1l szempont, hogy a di\u00e1kokat csal\u00e1dokn\u00e1l sz\u00e1ll\u00e1solj\u00e1k el, hogy min\u00e9l t\u00f6bb lehet\u0151s\u00e9g\u00fck legyen idegen nyelven kommunik\u00e1lni.<br \/>\n    Az \u00e1llamtitk\u00e1r besz\u00e9lt arr\u00f3l is: a program eredm\u00e9nyess\u00e9g\u00e9hez az is sz\u00fcks\u00e9ges, hogy &#8222;az itthon foly\u00f3 nyelvi k\u00e9pz\u00e9seket tartalmilag, m\u00f3dszertanilag olyan helyzetbe hozz\u00e1k, hogy a gyerekek kell\u0151 felk\u00e9sz\u00fclts\u00e9ggel tudj\u00e1k kihaszn\u00e1lni a k\u00e9tszer k\u00e9thetes&#8221; kurzust.<br \/>\n    Mint mondta, a k\u00f6z\u00e9pfok\u00fa nyelvvizsga megszerz\u00e9s\u00e9hez nagyj\u00e1b\u00f3l 900 \u00f3ra nyelvtanul\u00e1s sz\u00fcks\u00e9ges, ezt a di\u00e1kok a k\u00f6zoktat\u00e1sban megkapj\u00e1k, &#8222;m\u00e9gis el vagyunk maradva az eur\u00f3pai \u00e1tlagt\u00f3l&#8221;. Az eredm\u00e9nyek jav\u00edt\u00e1s\u00e1hoz teh\u00e1t nem az \u00f3rasz\u00e1mot, hanem a tanul\u00e1s hat\u00e9konys\u00e1g\u00e1t kell n\u00f6velni, \u00e9s ebben \u00f3ri\u00e1si felel\u0151ss\u00e9ge van az idegen nyelvet tan\u00edt\u00f3 tan\u00e1roknak.<br \/>\n    A program, amelyet Orb\u00e1n Viktor minisztereln\u00f6k vas\u00e1rnapi \u00e9v\u00e9rt\u00e9kel\u0151 besz\u00e9d\u00e9ben jelentett be, a 2020\/2021-es tan\u00e9vt\u0151l indul a kiosztott h\u00e1tt\u00e9ranyag szerint.(MTI)<\/p>\n","protected":false},"excerpt":{"rendered":"<p>\u00c9vente 140 ezer di\u00e1kot \u00e9rint \u00e9s 90 milli\u00e1rd forintba ker\u00fclhet a 9. \u00e9s a 11. \u00e9vfolyamra j\u00e1r\u00f3 tanul\u00f3k k\u00e9tszer k\u00e9thetes k\u00fclf\u00f6ldi nyelvi kurzusa &#8211; k\u00f6z\u00f6lte az emberi er\u0151forr\u00e1sok minisztere kedden budapesti sajt\u00f3t\u00e1j\u00e9koztat\u00f3n.<\/p>\n","protected":false},"author":1,"featured_media":0,"comment_status":"closed","ping_status":"open","sticky":false,"template":"","format":"standard","meta":[],"categories":[4,19],"tags":[],"_links":{"self":[{"href":"https:\/\/gazdasagportal.hu\/index.php\/wp-json\/wp\/v2\/posts\/113541"}],"collection":[{"href":"https:\/\/gazdasagportal.hu\/index.php\/wp-json\/wp\/v2\/posts"}],"about":[{"href":"https:\/\/gazdasagportal.hu\/index.php\/wp-json\/wp\/v2\/types\/post"}],"author":[{"embeddable":true,"href":"https:\/\/gazdasagportal.hu\/index.php\/wp-json\/wp\/v2\/users\/1"}],"replies":[{"embeddable":true,"href":"https:\/\/gazdasagportal.hu\/index.php\/wp-json\/wp\/v2\/comments?post=113541"}],"version-history":[{"count":1,"href":"https:\/\/gazdasagportal.hu\/index.php\/wp-json\/wp\/v2\/posts\/113541\/revisions"}],"predecessor-version":[{"id":113542,"href":"https:\/\/gazdasagportal.hu\/index.php\/wp-json\/wp\/v2\/posts\/113541\/revisions\/113542"}],"wp:attachment":[{"href":"https:\/\/gazdasagportal.hu\/index.php\/wp-json\/wp\/v2\/media?parent=113541"}],"wp:term":[{"taxonomy":"category","embeddable":true,"href":"https:\/\/gazdasagportal.hu\/index.php\/wp-json\/wp\/v2\/categories?post=113541"},{"taxonomy":"post_tag","embeddable":true,"href":"https:\/\/gazdasagportal.hu\/index.php\/wp-json\/wp\/v2\/tags?post=113541"}],"curies":[{"name":"wp","href":"https:\/\/api.w.org\/{rel}","templated":true}]}}