{"id":113517,"date":"2019-02-11T13:41:18","date_gmt":"2019-02-11T12:41:18","guid":{"rendered":"http:\/\/gazdasagportal.hu\/?p=113517"},"modified":"2019-02-11T13:41:18","modified_gmt":"2019-02-11T12:41:18","slug":"juliustol-veheto-igenybe-a-gyermekvallalasi-tamogatas-es-a-kamattamogatott-hitel-hasznalt-lakasokra","status":"publish","type":"post","link":"https:\/\/gazdasagportal.hu\/index.php\/juliustol-veheto-igenybe-a-gyermekvallalasi-tamogatas-es-a-kamattamogatott-hitel-hasznalt-lakasokra\/","title":{"rendered":"J\u00faliust\u00f3l vehet\u0151 ig\u00e9nybe a gyermekv\u00e1llal\u00e1si t\u00e1mogat\u00e1s \u00e9s a kamatt\u00e1mogatott hitel haszn\u00e1lt lak\u00e1sokra"},"content":{"rendered":"<p><strong>J\u00falius elsej\u00e9t\u0151l lehet ig\u00e9nyelni a csal\u00e1di otthonteremt\u00e9si kedvezm\u00e9ny (csok) kamatt\u00e1mogatott hitel\u00e9t haszn\u00e1lt lak\u00e1s v\u00e1s\u00e1rl\u00e1s\u00e1hoz is, valamint a j\u00falius elseje ut\u00e1n sz\u00fcletett gyerekek ut\u00e1n ig\u00e9nyelhet\u0151 a gyerekv\u00e1llal\u00e1si t\u00e1mogat\u00e1s &#8211; jelentette be az Emberi Er\u0151forr\u00e1sok Miniszt\u00e9rium\u00e1nak csal\u00e1d- \u00e9s ifj\u00fas\u00e1g\u00fcgy\u00e9rt felel\u0151s \u00e1llamtitk\u00e1ra h\u00e9tf\u0151n Budapesten, sajt\u00f3t\u00e1j\u00e9koztat\u00f3n.<\/strong><!--more--><\/p>\n<div class=\"ads-in-post1\"><div id=\"gazdasagportal.hu_fullbanner_wideboard\"><\/div>\r\n<\/div>\n<p>    Nov\u00e1k Katalin a fiatal h\u00e1zasok gyermekv\u00e1llal\u00e1si t\u00e1mogat\u00e1s\u00e1r\u00f3l elmondta, azt minden \u00faj gyermeket v\u00e1llal\u00f3 18 \u00e9s 40 \u00e9v k\u00f6z\u00f6tti n\u0151 ig\u00e9nyelheti, aki els\u0151 h\u00e1zass\u00e1g\u00e1ban \u00e9l, \u00e9s legal\u00e1bb h\u00e1rom \u00e9v munkaviszonnyal rendelkezik. Legfeljebb 10 milli\u00f3 forint kamatmentes, szabad felhaszn\u00e1l\u00e1s\u00fa hitel vehet\u0151 fel, \u00e9s j\u00faliust\u00f3l sz\u00e1m\u00edtva h\u00e1rom \u00e9vig \u00e1ll majd nyitva ez a lehet\u0151s\u00e9g.<br \/>\n    A t\u00f6rleszt\u00e9st az els\u0151, a 2019. j\u00falius 1-je ut\u00e1n sz\u00fcletett gyermek \u00e9rkez\u00e9sekor h\u00e1rom \u00e9vre felf\u00fcggesztik, a m\u00e1sodik gyermek \u00e9rkez\u00e9sekor \u00fajb\u00f3l h\u00e1rom \u00e9vre felf\u00fcggesztik \u00e9s a t\u0151ketartoz\u00e1s 30 sz\u00e1zal\u00e9k\u00e1t is elengedik, a harmadik gyermekn\u00e9l pedig a k\u00f6lcs\u00f6n tov\u00e1bbi r\u00e9sz\u00e9t teljes eg\u00e9sz\u00e9ben elengedik, \u00edgy ak\u00e1r vissza nem t\u00e9r\u00edtend\u0151 t\u00e1mogat\u00e1ss\u00e1 is v\u00e1lhat ez a lehet\u0151s\u00e9g &#8211; ismertette.<br \/>\n    Megjegyezte, ha a maxim\u00e1lis 10 milli\u00f3 forintos \u00f6sszeget veszik fel a sz\u00fcl\u0151k, akkor a havi t\u00f6rleszt\u0151r\u00e9szlet 50 ezer forint lesz, 20 \u00e9ves futamid\u0151vel.<br \/>\n    Hangs\u00falyozta, a t\u00e1mogat\u00e1st azok is ig\u00e9nybe vehetik, akik m\u00e1r h\u00e1zasok \u00e9s m\u00e1r van gyermek\u00fck, de csak tov\u00e1bbi gyermek ut\u00e1n k\u00e9rhet\u0151 a k\u00f6lcs\u00f6n.<br \/>\n<div class=\"ads-in-post2\"><script async src=\"https:\/\/pagead2.googlesyndication.com\/pagead\/js\/adsbygoogle.js\"><\/script>\r\n<ins class=\"adsbygoogle\"\r\n     style=\"display:block\"\r\n     data-ad-format=\"fluid\"\r\n     data-ad-layout-key=\"-6t+ed+2i-1n-4w\"\r\n     data-ad-client=\"ca-pub-1959107119989764\"\r\n     data-ad-slot=\"4008251320\"><\/ins>\r\n<script>\r\n     (adsbygoogle = window.adsbygoogle || []).push({});\r\n<\/script><\/div>\n    Nov\u00e1k Katalin k\u00f6z\u00f6lte, a csok mell\u00e9 kaphat\u00f3 kedvezm\u00e9nyes hitel m\u00e1r haszn\u00e1lt lak\u00e1sokra is felvehet\u0151v\u00e9 v\u00e1lik, vagyis a k\u00e9tgyermekes csal\u00e1dok 10 milli\u00f3, a h\u00e1rom- \u00e9s a t\u00f6bbgyermekes csal\u00e1dok 15 milli\u00f3 forint kamatt\u00e1mogatott k\u00f6lcs\u00f6nt vehetnek m\u00e1r ig\u00e9nybe haszn\u00e1lt lak\u00e1s vagy h\u00e1z v\u00e1s\u00e1rl\u00e1s\u00e1ra.<br \/>\n    Ezzel kapcsolatban elmondta azt is, hogy a haszn\u00e1lt ingatlanok v\u00e1s\u00e1rl\u00e1s\u00e1ra vonatkoz\u00f3an elt\u00f6rlik a 35 milli\u00f3 forintos \u00e9rt\u00e9khat\u00e1rt, amely kor\u00e1bban a csok felv\u00e9tel\u00e9nek a felt\u00e9tele volt.<br \/>\n    A jelz\u00e1loghitelek egy r\u00e9sz\u00e9nek \u00e1tv\u00e1llal\u00e1sa \u00fagy v\u00e1ltozik, hogy m\u00e1r a m\u00e1sodik gyermek sz\u00fclet\u00e9sekor egymilli\u00f3 forintot, a harmadik gyermekn\u00e9l 4 milli\u00f3 forintot, minden tov\u00e1bbi gyerek sz\u00fclet\u00e9sekor \u00fajabb egy-egymilli\u00f3 forintot v\u00e1llalnak \u00e1t &#8211; k\u00f6z\u00f6lte az \u00e1llamtitk\u00e1r, hozz\u00e1t\u00e9ve: fontos tudni, hogy ez a lehet\u0151s\u00e9g a kamatt\u00e1mogatott csok-hitelek eset\u00e9n is \u00e9rv\u00e9nyes.<br \/>\n    Nov\u00e1k Katalin k\u00f6z\u00f6lte, a legal\u00e1bb n\u00e9gygyerekes n\u0151k szja-mentess\u00e9g\u00e9t v\u00e1rhat\u00f3an a j\u00f6v\u0151 \u00e9vt\u0151l vezetik be, \u00e9s ez nemcsak a 18 \u00e9v alatti gyerekek eset\u00e9n \u00e9rv\u00e9nyes, hanem a feln\u0151tt gyerekek ut\u00e1n is, eg\u00e9szen a nyugd\u00edjig. Az ad\u00f3mentess\u00e9g kiz\u00e1r\u00f3lag a munk\u00e1b\u00f3l sz\u00e1rmaz\u00f3 j\u00f6vedelemre igaz, teh\u00e1t p\u00e9ld\u00e1ul az osztal\u00e9kb\u00f3l sz\u00e1rmaz\u00f3ra nem lehet ig\u00e9nybe venni &#8211; mutatott r\u00e1.<br \/>\n    A nagysz\u00fcl\u0151i gyedr\u0151l elmondta, csak m\u00e9g akt\u00edv, teh\u00e1t dolgoz\u00f3 nagysz\u00fcl\u0151k vehetik ig\u00e9nybe, nyugd\u00edjasok nem, \u00e9s a gyed extra nem terjed ki r\u00e1, teh\u00e1t ha a nagysz\u00fcl\u0151 visszamegy dolgozni, akkor a gyed foly\u00f3s\u00edt\u00e1sa megsz\u0171nik.<br \/>\n    Sz\u00f3lt arr\u00f3l is, hogy felm\u00e9rt\u00e9k a b\u00f6lcs\u0151dei ell\u00e1t\u00e1sra vonatkoz\u00f3 ig\u00e9nyeket, \u00e9s azt l\u00e1tt\u00e1k, hogy 70 ezer f\u00e9r\u0151helyre lenne sz\u00fcks\u00e9g. Ez\u00e9rt a tervek szerint a jelenlegi 50 ezerr\u0151l 2020-ig 60 ezerre, 2022-ig pedig 70 ezerre b\u0151v\u00edtik a f\u00e9r\u0151helyek sz\u00e1m\u00e1t.<br \/>\n    Az \u00e1llamtitk\u00e1r elmondta, elindul a nagycsal\u00e1dosok aut\u00f3v\u00e1s\u00e1rl\u00e1si programja: a korm\u00e1ny legal\u00e1bb h\u00e9tszem\u00e9lyes \u00faj aut\u00f3 v\u00e1s\u00e1rl\u00e1s\u00e1t t\u00e1mogatja a legal\u00e1bb h\u00e1rom gyermeket nevel\u0151 csal\u00e1dok eset\u00e9ben 2,5 milli\u00f3 forint vissza nem t\u00e9r\u00edtend\u0151 t\u00e1mogat\u00e1ssal, amely az aut\u00f3 \u00e1r\u00e1nak maximum 50 sz\u00e1zal\u00e9k\u00e1t teheti ki. Ezt nem ut\u00f3lag t\u00e9r\u00edtik vissza, hanem m\u00e1r ennyivel kevesebbet kell eleve kifizetni.<br \/>\n    Kiemelte, az int\u00e9zked\u00e9sek k\u00f6lts\u00e9gvet\u00e9si fedezete biztos\u00edtott, j\u00f6v\u0151re nagys\u00e1grendileg 150 milli\u00e1rd forintot ford\u00edtanak ezekre, id\u00e9n pedig \u00e9rtelemszer\u0171en ennek fel\u00e9t, de ez azon is m\u00falik, mennyien veszik ig\u00e9nybe a lehet\u0151s\u00e9geket.<br \/>\n    Nov\u00e1k Katalin azt is hangoztatta, hogy a csal\u00e1dt\u00e1mogat\u00e1sok b\u0151v\u00edt\u00e9se nem lez\u00e1rt folyamat, tov\u00e1bb folytatj\u00e1k a munk\u00e1t.<br \/>\n    \u00dagy fogalmazott, 2010 \u00f3ta a korm\u00e1ny csal\u00e1dbar\u00e1t orsz\u00e1got \u00e9p\u00edt, \u00e9s minden d\u00f6nt\u00e9se arr\u00f3l sz\u00f3l, hogy k\u00f6nnyebb legyen gyereket v\u00e1llalni \u00e9s nevelni Magyarorsz\u00e1gon. Ez\u00e9rt folytatnak csal\u00e1dk\u00f6zpont\u00fa korm\u00e1nyz\u00e1st, \u00e9s ez\u00e9rt n\u00f6velt\u00e9k a csal\u00e1doknak j\u00e1r\u00f3 t\u00e1mogat\u00e1sokat a k\u00e9tszeresre 2010 \u00f3ta.<br \/>\n    K\u00f6zben l\u00e1that\u00f3k az int\u00e9zked\u00e9sek eredm\u00e9nyei is, nemcsak demogr\u00e1fiai \u00e9rtelemben, hanem abban is, hogy jobban \u00e9lnek a gyereket nevel\u0151k &#8211; tette hozz\u00e1.<br \/>\n    Eml\u00e9keztetett, 20 \u00e9ve nem volt olyan magas a gyerekv\u00e1llal\u00e1si kedv, mint tavaly, \u00e9s 20 \u00e9ve nem k\u00f6t\u00f6ttek annyi h\u00e1zass\u00e1got, mint 2018-ban, amikor t\u00f6bb mint 100 ezer fiatal mondott igent egym\u00e1sra.(MTI)<\/p>\n","protected":false},"excerpt":{"rendered":"<p>J\u00falius elsej\u00e9t\u0151l lehet ig\u00e9nyelni a csal\u00e1di otthonteremt\u00e9si kedvezm\u00e9ny (csok) kamatt\u00e1mogatott hitel\u00e9t haszn\u00e1lt lak\u00e1s v\u00e1s\u00e1rl\u00e1s\u00e1hoz is, valamint a j\u00falius elseje ut\u00e1n sz\u00fcletett gyerekek ut\u00e1n ig\u00e9nyelhet\u0151 a gyerekv\u00e1llal\u00e1si t\u00e1mogat\u00e1s &#8211; jelentette be az Emberi Er\u0151forr\u00e1sok Miniszt\u00e9rium\u00e1nak csal\u00e1d- \u00e9s ifj\u00fas\u00e1g\u00fcgy\u00e9rt felel\u0151s \u00e1llamtitk\u00e1ra h\u00e9tf\u0151n Budapesten, sajt\u00f3t\u00e1j\u00e9koztat\u00f3n.<\/p>\n","protected":false},"author":1,"featured_media":0,"comment_status":"closed","ping_status":"open","sticky":false,"template":"","format":"standard","meta":[],"categories":[4,19],"tags":[],"_links":{"self":[{"href":"https:\/\/gazdasagportal.hu\/index.php\/wp-json\/wp\/v2\/posts\/113517"}],"collection":[{"href":"https:\/\/gazdasagportal.hu\/index.php\/wp-json\/wp\/v2\/posts"}],"about":[{"href":"https:\/\/gazdasagportal.hu\/index.php\/wp-json\/wp\/v2\/types\/post"}],"author":[{"embeddable":true,"href":"https:\/\/gazdasagportal.hu\/index.php\/wp-json\/wp\/v2\/users\/1"}],"replies":[{"embeddable":true,"href":"https:\/\/gazdasagportal.hu\/index.php\/wp-json\/wp\/v2\/comments?post=113517"}],"version-history":[{"count":1,"href":"https:\/\/gazdasagportal.hu\/index.php\/wp-json\/wp\/v2\/posts\/113517\/revisions"}],"predecessor-version":[{"id":113518,"href":"https:\/\/gazdasagportal.hu\/index.php\/wp-json\/wp\/v2\/posts\/113517\/revisions\/113518"}],"wp:attachment":[{"href":"https:\/\/gazdasagportal.hu\/index.php\/wp-json\/wp\/v2\/media?parent=113517"}],"wp:term":[{"taxonomy":"category","embeddable":true,"href":"https:\/\/gazdasagportal.hu\/index.php\/wp-json\/wp\/v2\/categories?post=113517"},{"taxonomy":"post_tag","embeddable":true,"href":"https:\/\/gazdasagportal.hu\/index.php\/wp-json\/wp\/v2\/tags?post=113517"}],"curies":[{"name":"wp","href":"https:\/\/api.w.org\/{rel}","templated":true}]}}