{"id":113513,"date":"2019-02-11T11:37:20","date_gmt":"2019-02-11T10:37:20","guid":{"rendered":"http:\/\/gazdasagportal.hu\/?p=113513"},"modified":"2019-02-11T11:37:20","modified_gmt":"2019-02-11T10:37:20","slug":"hitelminosites-a-heten-kezdodik-a-magyar-allamados-osztalyzatok-idei-hitelminositoi-vizsgalatsorozata","status":"publish","type":"post","link":"https:\/\/gazdasagportal.hu\/index.php\/hitelminosites-a-heten-kezdodik-a-magyar-allamados-osztalyzatok-idei-hitelminositoi-vizsgalatsorozata\/","title":{"rendered":"Hitelmin\u0151s\u00edt\u00e9s &#8211; A h\u00e9ten kezd\u0151dik a magyar \u00e1llamad\u00f3s-oszt\u00e1lyzatok idei hitelmin\u0151s\u00edt\u0151i vizsg\u00e1latsorozata"},"content":{"rendered":"<p><strong>A h\u00e9ten kezd\u0151dik a magyar \u00e1llamad\u00f3s-oszt\u00e1lyzatok idei hitelmin\u0151s\u00edt\u0151i vizsg\u00e1latsorozata. A h\u00e1rom piacvezet\u0151 nemzetk\u00f6zi hitelmin\u0151s\u00edt\u0151 \u00f6sszesen hat fel\u00fclvizsg\u00e1latot tervez 2019-ben.<\/strong><!--more--><\/p>\n<div class=\"ads-in-post1\"><div id=\"gazdasagportal.hu_fullbanner_wideboard\"><\/div>\r\n<\/div>\n<p>    Az idei menetrendek alapj\u00e1n el\u0151sz\u00f6r a Standard &#038; Poor&#8217;s p\u00e9nz\u00fcgyi szolg\u00e1ltat\u00f3 glob\u00e1lis min\u0151s\u00edt\u00e9si r\u00e9szlege (S&#038;P Global Ratings) vizsg\u00e1lja a magyar szuver\u00e9n besorol\u00e1sokat. A c\u00e9g Magyarorsz\u00e1g els\u0151 \u00e9rt\u00e9kel\u00e9si id\u0151pontj\u00e1t febru\u00e1r 15-\u00e9re t\u0171zte ki, ezut\u00e1n augusztus 16-\u00e1n veszi napirendre ism\u00e9t a magyar ad\u00f3soszt\u00e1lyzatokat.<br \/>\n    A kialakult gyakorlatnak megfelel\u0151en az S&#038;P v\u00e1rhat\u00f3an p\u00e9ntek \u00e9jjel, az eur\u00f3pai \u00e9s a f\u0151 amerikai piacok z\u00e1r\u00e1sa ut\u00e1n jelenti be d\u00f6nt\u00e9s\u00e9t Londonban.<br \/>\n    A Fitch Ratings febru\u00e1r 22-\u00e9n v\u00e9gzi el a magyar szuver\u00e9n besorol\u00e1sok els\u0151 \u00e9rt\u00e9kel\u00e9s\u00e9t, a m\u00e1sodik fel\u00fclvizsg\u00e1latot pedig az S&#038;P m\u00e1sodik id\u0151pontj\u00e1val azonos napra t\u0171zte ki.<br \/>\n    A Moody&#8217;s Investors Service ugyancsak k\u00e9t id\u0151pontot jel\u00f6lt ki: m\u00e1jus 3-\u00e1t \u00e9s okt\u00f3ber 25-\u00e9t.<br \/>\n    A h\u00e1rom glob\u00e1lis hitelmin\u0151s\u00edt\u0151 mindegyike a befektet\u00e9sre aj\u00e1nlott s\u00e1vban &#8211; a Fitch Ratings \u00e9s az S&#038;P Global Ratings &#8222;BBB m\u00ednusz&#8221;, a Moody&#8217;s Investors Service ugyanennek megfelel\u0151 &#8222;Baa3&#8221; oszt\u00e1lyzattal, vagyis a befektet\u00e9si aj\u00e1nl\u00e1s\u00fa kateg\u00f3ria alapszintj\u00e9n &#8211; tartja nyilv\u00e1n Magyarorsz\u00e1got.<br \/>\n<div class=\"ads-in-post2\"><script async src=\"https:\/\/pagead2.googlesyndication.com\/pagead\/js\/adsbygoogle.js\"><\/script>\r\n<ins class=\"adsbygoogle\"\r\n     style=\"display:block\"\r\n     data-ad-format=\"fluid\"\r\n     data-ad-layout-key=\"-6t+ed+2i-1n-4w\"\r\n     data-ad-client=\"ca-pub-1959107119989764\"\r\n     data-ad-slot=\"4008251320\"><\/ins>\r\n<script>\r\n     (adsbygoogle = window.adsbygoogle || []).push({});\r\n<\/script><\/div>\n    A Fitch Ratings \u00e9s az S&#038;P egyar\u00e1nt felmin\u0151s\u00edt\u00e9s lehet\u0151s\u00e9g\u00e9re utal\u00f3 pozit\u00edv kil\u00e1t\u00e1st tart \u00e9rv\u00e9nyben a magyar szuver\u00e9n ad\u00f3soszt\u00e1lyzatra, a Moody&#8217;s magyar \u00e1llamad\u00f3s-besorol\u00e1s\u00e1nak kil\u00e1t\u00e1sa stabil.<br \/>\n    A Fitch a t\u00e9rs\u00e9g szuver\u00e9n ad\u00f3smin\u0151s\u00e9gi mutat\u00f3ir\u00f3l \u00f6ssze\u00e1ll\u00edtott, 2019-re sz\u00f3l\u00f3, Londonban ismertetett \u00e9ves helyzet\u00e9rt\u00e9kel\u00e9s\u00e9ben egyenes utal\u00e1st tett arra, hogy az id\u00e9n t\u00f6bb k\u00f6z\u00e9p- \u00e9s kelet-eur\u00f3pai orsz\u00e1g ad\u00f3smin\u0151s\u00edt\u00e9se javulhat.<br \/>\n    A c\u00e9g felid\u00e9zte, hogy a k\u00f6z\u00e9p- \u00e9s kelet-eur\u00f3pai r\u00e9gi\u00f3ban Magyarorsz\u00e1ggal egy\u00fctt h\u00e9t \u00e1llamad\u00f3st tart nyilv\u00e1n pozit\u00edv besorol\u00e1si kil\u00e1t\u00e1ssal, \u00e9s mivel e pozit\u00edv kil\u00e1t\u00e1sok m\u00e1r 2017 \u00f3ta \u00e9rv\u00e9nyben vannak, ad\u00f3soszt\u00e1lyzatukr\u00f3l a Fitch val\u00f3sz\u00edn\u0171leg id\u00e9n d\u00f6nt\u00e9sre jut.<br \/>\n    A Fitch Ratings megfogalmaz\u00e1sa szerint a pozit\u00edv \u00e9s a negat\u00edv oszt\u00e1lyzati kil\u00e1t\u00e1sok 7:1 ar\u00e1ny\u00fa region\u00e1lis megoszl\u00e1sa &#8222;felfel\u00e9 hat\u00f3 min\u0151s\u00edt\u00e9si lend\u00fcletet ad&#8221; a t\u00e9rs\u00e9gnek 2019-ben.<br \/>\n    A c\u00e9g a t\u00e1gabb felt\u00f6rekv\u0151 eur\u00f3pai t\u00e9rs\u00e9gben T\u00f6r\u00f6korsz\u00e1gra tart \u00e9rv\u00e9nyben negat\u00edv kil\u00e1t\u00e1st.<br \/>\n    A Moody&#8217;s minap Londonban bemutatott leg\u00fajabb \u00e1tfog\u00f3 t\u00e9rs\u00e9gi helyzet\u00e9rt\u00e9kel\u00e9s\u00e9ben azt \u00e1llap\u00edtotta meg, hogy K\u00f6z\u00e9p- \u00e9s Kelet-Eur\u00f3pa EU-gazdas\u00e1gai \u00e1ltal\u00e1noss\u00e1gban stabil hitelk\u00e9pess\u00e9gi helyzetben kezdt\u00e9k a 2019-es \u00e9vet, de sz\u00e1molniuk kell azzal, hogy a k\u00fcls\u0151 k\u00f6rnyezet az id\u00e9n kedvez\u0151tlenebb lesz a tavalyin\u00e1l.<br \/>\n    A hitelmin\u0151s\u00edt\u0151 az eur\u00f3\u00f6vezetben a tavalyi 2,1 sz\u00e1zal\u00e9kr\u00f3l 1,9 sz\u00e1zal\u00e9kra lassul\u00f3 idei n\u00f6veked\u00e9ssel sz\u00e1mol, \u00e9s v\u00e1rakoz\u00e1sa szerint ezt a lassul\u00e1st a keleti EU-gazdas\u00e1gok is meg\u00e9rzik.<br \/>\n    A Moody&#8217;s tanulm\u00e1nya szerint ugyanakkor a c\u00e9g \u00e1ltal vizsg\u00e1lt nyolc keleti EU-tag\u00e1llam, k\u00f6zt\u00fck Magyarorsz\u00e1g gazdas\u00e1ga a v\u00e1rhat\u00f3 lassul\u00e1s ellen\u00e9re az id\u00e9n is az Eur\u00f3pai Uni\u00f3 \u00e1tlag\u00e1t meghalad\u00f3 \u00fctemben n\u00f6vekszik.<br \/>\n    A Moody&#8217;s a magyar gazdas\u00e1gban 3,4 sz\u00e1zal\u00e9kos n\u00f6veked\u00e9st v\u00e1r az id\u00e9n a 2018 eg\u00e9sz\u00e9re \u00e1ltala becs\u00fclt 4,3 sz\u00e1zal\u00e9kos GDP-b\u0151v\u00fcl\u00e9s ut\u00e1n.(MTI)<\/p>\n","protected":false},"excerpt":{"rendered":"<p>A h\u00e9ten kezd\u0151dik a magyar \u00e1llamad\u00f3s-oszt\u00e1lyzatok idei hitelmin\u0151s\u00edt\u0151i vizsg\u00e1latsorozata. A h\u00e1rom piacvezet\u0151 nemzetk\u00f6zi hitelmin\u0151s\u00edt\u0151 \u00f6sszesen hat fel\u00fclvizsg\u00e1latot tervez 2019-ben.<\/p>\n","protected":false},"author":1,"featured_media":67955,"comment_status":"closed","ping_status":"open","sticky":false,"template":"","format":"standard","meta":[],"categories":[146,4,19],"tags":[],"_links":{"self":[{"href":"https:\/\/gazdasagportal.hu\/index.php\/wp-json\/wp\/v2\/posts\/113513"}],"collection":[{"href":"https:\/\/gazdasagportal.hu\/index.php\/wp-json\/wp\/v2\/posts"}],"about":[{"href":"https:\/\/gazdasagportal.hu\/index.php\/wp-json\/wp\/v2\/types\/post"}],"author":[{"embeddable":true,"href":"https:\/\/gazdasagportal.hu\/index.php\/wp-json\/wp\/v2\/users\/1"}],"replies":[{"embeddable":true,"href":"https:\/\/gazdasagportal.hu\/index.php\/wp-json\/wp\/v2\/comments?post=113513"}],"version-history":[{"count":1,"href":"https:\/\/gazdasagportal.hu\/index.php\/wp-json\/wp\/v2\/posts\/113513\/revisions"}],"predecessor-version":[{"id":113514,"href":"https:\/\/gazdasagportal.hu\/index.php\/wp-json\/wp\/v2\/posts\/113513\/revisions\/113514"}],"wp:featuredmedia":[{"embeddable":true,"href":"https:\/\/gazdasagportal.hu\/index.php\/wp-json\/wp\/v2\/media\/67955"}],"wp:attachment":[{"href":"https:\/\/gazdasagportal.hu\/index.php\/wp-json\/wp\/v2\/media?parent=113513"}],"wp:term":[{"taxonomy":"category","embeddable":true,"href":"https:\/\/gazdasagportal.hu\/index.php\/wp-json\/wp\/v2\/categories?post=113513"},{"taxonomy":"post_tag","embeddable":true,"href":"https:\/\/gazdasagportal.hu\/index.php\/wp-json\/wp\/v2\/tags?post=113513"}],"curies":[{"name":"wp","href":"https:\/\/api.w.org\/{rel}","templated":true}]}}