{"id":113509,"date":"2019-02-11T10:15:29","date_gmt":"2019-02-11T09:15:29","guid":{"rendered":"http:\/\/gazdasagportal.hu\/?p=113509"},"modified":"2019-02-11T10:15:29","modified_gmt":"2019-02-11T09:15:29","slug":"brexit-sok-ceg-koltozik-at-nagy-britanniabol-hollandiaba","status":"publish","type":"post","link":"https:\/\/gazdasagportal.hu\/index.php\/brexit-sok-ceg-koltozik-at-nagy-britanniabol-hollandiaba\/","title":{"rendered":"Brexit &#8211; Sok c\u00e9g k\u00f6lt\u00f6zik \u00e1t Nagy-Britanni\u00e1b\u00f3l Hollandi\u00e1ba"},"content":{"rendered":"<p><strong>A Brexit miatt sz\u00e1mos c\u00e9g tette m\u00e1r \u00e1t k\u00f6zpontj\u00e1t Nagy-Britanni\u00e1b\u00f3l Hollandi\u00e1ba \u00e9s id\u00e9n tov\u00e1bb n\u0151het ezek sz\u00e1ma.<\/strong><!--more--><\/p>\n<div class=\"ads-in-post1\"><div id=\"gazdasagportal.hu_fullbanner_wideboard\"><\/div>\r\n<\/div>\n<p>    A holland gazdas\u00e1gi miniszt\u00e9rium azt k\u00f6z\u00f6lte, hogy jelenleg 250 v\u00e1llalattal, d\u00f6nt\u0151 r\u00e9szben brit, valamint amerikai \u00e9s \u00e1zsiai c\u00e9gekkel folytat egyeztet\u00e9st k\u00f6zpontjaik \u00e1thelyez\u00e9s\u00e9r\u0151l Nagy-Britanni\u00e1b\u00f3l.<br \/>\n    Hollandi\u00e1ba els\u0151sorban p\u00e9nz\u00fcgyi, rekl\u00e1mipari,  biotechnol\u00f3giai, eg\u00e9szs\u00e9g\u00fcgyi \u00e9s logisztikai c\u00e9gek tervezik az \u00e1ttelep\u00fcl\u00e9st.<br \/>\n<div class=\"ads-in-post2\"><script async src=\"https:\/\/pagead2.googlesyndication.com\/pagead\/js\/adsbygoogle.js\"><\/script>\r\n<ins class=\"adsbygoogle\"\r\n     style=\"display:block\"\r\n     data-ad-format=\"fluid\"\r\n     data-ad-layout-key=\"-6t+ed+2i-1n-4w\"\r\n     data-ad-client=\"ca-pub-1959107119989764\"\r\n     data-ad-slot=\"4008251320\"><\/ins>\r\n<script>\r\n     (adsbygoogle = window.adsbygoogle || []).push({});\r\n<\/script><\/div>\n    A holland gazdas\u00e1gi miniszt\u00e9rium kimutat\u00e1sa szerint tavaly 42 v\u00e1llalat helyezte \u00e1t sz\u00e9khely\u00e9t Hollandi\u00e1ba Nagy-Britanni\u00e1b\u00f3l, ahol ezzel 1923 munkahely megsz\u0171nt.<br \/>\n    A brit EU-tags\u00e1g a tervek szerint m\u00e1rcius 29-\u00e9n sz\u0171nik meg.(MTI)<\/p>\n","protected":false},"excerpt":{"rendered":"<p>A Brexit miatt sz\u00e1mos c\u00e9g tette m\u00e1r \u00e1t k\u00f6zpontj\u00e1t Nagy-Britanni\u00e1b\u00f3l Hollandi\u00e1ba \u00e9s id\u00e9n tov\u00e1bb n\u0151het ezek sz\u00e1ma.<\/p>\n","protected":false},"author":1,"featured_media":0,"comment_status":"closed","ping_status":"open","sticky":false,"template":"","format":"standard","meta":[],"categories":[12,246],"tags":[],"_links":{"self":[{"href":"https:\/\/gazdasagportal.hu\/index.php\/wp-json\/wp\/v2\/posts\/113509"}],"collection":[{"href":"https:\/\/gazdasagportal.hu\/index.php\/wp-json\/wp\/v2\/posts"}],"about":[{"href":"https:\/\/gazdasagportal.hu\/index.php\/wp-json\/wp\/v2\/types\/post"}],"author":[{"embeddable":true,"href":"https:\/\/gazdasagportal.hu\/index.php\/wp-json\/wp\/v2\/users\/1"}],"replies":[{"embeddable":true,"href":"https:\/\/gazdasagportal.hu\/index.php\/wp-json\/wp\/v2\/comments?post=113509"}],"version-history":[{"count":1,"href":"https:\/\/gazdasagportal.hu\/index.php\/wp-json\/wp\/v2\/posts\/113509\/revisions"}],"predecessor-version":[{"id":113510,"href":"https:\/\/gazdasagportal.hu\/index.php\/wp-json\/wp\/v2\/posts\/113509\/revisions\/113510"}],"wp:attachment":[{"href":"https:\/\/gazdasagportal.hu\/index.php\/wp-json\/wp\/v2\/media?parent=113509"}],"wp:term":[{"taxonomy":"category","embeddable":true,"href":"https:\/\/gazdasagportal.hu\/index.php\/wp-json\/wp\/v2\/categories?post=113509"},{"taxonomy":"post_tag","embeddable":true,"href":"https:\/\/gazdasagportal.hu\/index.php\/wp-json\/wp\/v2\/tags?post=113509"}],"curies":[{"name":"wp","href":"https:\/\/api.w.org\/{rel}","templated":true}]}}