{"id":113489,"date":"2019-02-10T11:16:21","date_gmt":"2019-02-10T10:16:21","guid":{"rendered":"http:\/\/gazdasagportal.hu\/?p=113489"},"modified":"2019-02-10T11:16:21","modified_gmt":"2019-02-10T10:16:21","slug":"heti-makronaptar-gdp-adatok-is-varhatok-a-jovo-heten","status":"publish","type":"post","link":"https:\/\/gazdasagportal.hu\/index.php\/heti-makronaptar-gdp-adatok-is-varhatok-a-jovo-heten\/","title":{"rendered":"Heti makronapt\u00e1r &#8211; GDP-adatok is v\u00e1rhat\u00f3k a j\u00f6v\u0151 h\u00e9ten"},"content":{"rendered":"<p><strong>A j\u00f6v\u0151 h\u00e9ten a tavalyi negyedik negyed\u00e9ves GDP-re (brutt\u00f3 hazai term\u00e9k) vonatkoz\u00f3 els\u0151 becsl\u00e9se mellett a janu\u00e1ri infl\u00e1ci\u00f3s, a tavaly decemberi \u00e9p\u00edt\u0151ipari, \u00e9s a m\u00e1sodik becsl\u00e9se alapj\u00e1n az ipari termel\u00e9s tavalyi \u00e9s 2018 decemberi adatait is k\u00f6zli a K\u00f6zponti Statisztikai Hivatal (KSH). Megjelenik a turizmus 2018-as teljes\u00edtm\u00e9ny\u00e9r\u0151l sz\u00f3l\u00f3 statisztika is.<\/strong><!--more--><\/p>\n<div class=\"ads-in-post1\"><div id=\"gazdasagportal.hu_fullbanner_wideboard\"><\/div>\r\n<\/div>\n<p>    Kedden a fogyaszt\u00f3i \u00e1rak janu\u00e1ri adat\u00e1t \u00e9s a kereskedelmi sz\u00e1ll\u00e1shelyek tavaly decemberi \u00e9s eg\u00e9sz \u00e9ves forgalmi statisztik\u00e1it k\u00f6zli a K\u00f6zponti Statisztikai Hivatal (KSH). Tavaly a fogyaszt\u00f3i \u00e1rak \u00e1tlagosan 2,8 sz\u00e1zal\u00e9kkal voltak magasabbak, mint egy \u00e9vvel azel\u0151tt, amikor 2,4 sz\u00e1zal\u00e9kos volt az \u00e9ves infl\u00e1ci\u00f3. Decemberben \u00e1tlagosan 2,7 sz\u00e1zal\u00e9kkal emelkedtek az \u00e1rak, azaz tov\u00e1bb lassult az infl\u00e1ci\u00f3 az okt\u00f3beri 3,8, \u00e9s a novemberi 3,1 sz\u00e1zal\u00e9kos \u00fctemr\u0151l.<br \/>\n    Tavaly novemberben a vend\u00e9g\u00e9jszak\u00e1k sz\u00e1ma \u00f6sszesen 3,7 sz\u00e1zal\u00e9kkal haladta meg az egy \u00e9vvel kor\u00e1bbit. A kereskedelmi sz\u00e1ll\u00e1shelyek \u00f6sszes brutt\u00f3 \u00e1rbev\u00e9tele foly\u00f3 \u00e1ron 7,1 sz\u00e1zal\u00e9kkal (37,447 milli\u00e1rd forintra) n\u0151tt, ezen bel\u00fcl a sz\u00e1ll\u00e1sd\u00edjbev\u00e9tel 6,8 sz\u00e1zal\u00e9kkal (20,395 milli\u00e1rd forintra) emelkedett. Az \u00e9v els\u0151 11 h\u00f3napj\u00e1ban a kereskedelmi sz\u00e1ll\u00e1shelyek 5,5 sz\u00e1zal\u00e9kkal t\u00f6bb, \u00f6sszesen 11,7 milli\u00f3 vend\u00e9get \u00e9s 4,0 sz\u00e1zal\u00e9kkal t\u00f6bb, 29,0 milli\u00f3 vend\u00e9g\u00e9jszak\u00e1t regisztr\u00e1ltak. A k\u00fclf\u00f6ldi vend\u00e9gek 2,5 sz\u00e1zal\u00e9kkal t\u00f6bb (14,4 milli\u00f3), a belf\u00f6ldi vend\u00e9gek 5,5 sz\u00e1zal\u00e9kkal t\u00f6bb (14,7 milli\u00f3) vend\u00e9g\u00e9jszak\u00e1t t\u00f6lt\u00f6ttek a kereskedelmi sz\u00e1ll\u00e1shelyeken.<br \/>\n<div class=\"ads-in-post2\"><script async src=\"https:\/\/pagead2.googlesyndication.com\/pagead\/js\/adsbygoogle.js\"><\/script>\r\n<ins class=\"adsbygoogle\"\r\n     style=\"display:block\"\r\n     data-ad-format=\"fluid\"\r\n     data-ad-layout-key=\"-6t+ed+2i-1n-4w\"\r\n     data-ad-client=\"ca-pub-1959107119989764\"\r\n     data-ad-slot=\"4008251320\"><\/ins>\r\n<script>\r\n     (adsbygoogle = window.adsbygoogle || []).push({});\r\n<\/script><\/div>\n    Szerd\u00e1n az ipari termel\u00e9s tavaly decemberi adatait k\u00f6zli m\u00e1sodik becsl\u00e9se alapj\u00e1n a KSH. A janu\u00e1r 15-\u00e9n kiadott els\u0151 becsl\u00e9s szerint az ipari termel\u00e9s volumene 5,4 sz\u00e1zal\u00e9kkal, munkanaphat\u00e1st\u00f3l megtiszt\u00edtva 5,7 sz\u00e1zal\u00e9kkal n\u0151tt tavaly decemberben az el\u0151z\u0151 \u00e9v azonos id\u0151szak\u00e1hoz k\u00e9pest. Az el\u0151z\u0151 h\u00f3naphoz, novemberhez k\u00e9pest 2,5 sz\u00e1zal\u00e9kos volt a termel\u00e9s szezon\u00e1lisan \u00e9s munkanapt\u00e9nyez\u0151vel kiigaz\u00edtott n\u00f6veked\u00e9se. A tavalyi \u00e9v eg\u00e9sz\u00e9ben 3,6 sz\u00e1zal\u00e9kkal haladta meg az ipari kibocs\u00e1t\u00e1s az el\u0151z\u0151 \u00e9vit a 2017-es 4,6 sz\u00e1zal\u00e9k ut\u00e1n.<br \/>\n    Szint\u00e9n szerd\u00e1n jelenik meg az \u00e9p\u00edt\u0151ipar tavaly decemberi teljes\u00edtm\u00e9ny\u00e9r\u0151l sz\u00f3l\u00f3 statisztika. Az \u00e9p\u00edt\u0151ipar termel\u00e9se tavaly novemberben 27,3 sz\u00e1zal\u00e9kkal meghaladta az egy \u00e9vvel kor\u00e1bbit. Az \u00e9p\u00fcletek \u00e9p\u00edt\u00e9se 17,8, az egy\u00e9b \u00e9p\u00edtm\u00e9nyek\u00e9 40,2 sz\u00e1zal\u00e9kkal n\u0151tt. A m\u00falt \u00e9v janu\u00e1r-november\u00e9ben 22,9 sz\u00e1zal\u00e9kkal emelkedett az \u00e9p\u00edt\u0151ipari termel\u00e9s az el\u0151z\u0151 \u00e9v azonos id\u0151szak\u00e1hoz k\u00e9pest.<br \/>\n    Cs\u00fct\u00f6rt\u00f6k\u00f6n k\u00f6zli a KSH a tavalyi negyedik negyed\u00e9ves brutt\u00f3 hazai term\u00e9kre (GDP) vonatkoz\u00f3 els\u0151 becsl\u00e9s\u00e9t. A GDP 4,9 sz\u00e1zal\u00e9kkal haladta meg az el\u0151z\u0151 \u00e9v azonos id\u0151szakit tavaly a harmadik negyed\u00e9vben, a szezon\u00e1lisan \u00e9s napt\u00e1rhat\u00e1ssal kiigaz\u00edtott kiegyens\u00falyozott adatok szerint a gazdas\u00e1g teljes\u00edtm\u00e9nye 5,2, az el\u0151z\u0151 negyed\u00e9vhez viszony\u00edtva 1,3 sz\u00e1zal\u00e9kkal n\u0151tt. Az els\u0151 becsl\u00e9sn\u00e9l is jobbak az adatok: akkor a nyers adatok szerint 4,8, a szezon\u00e1lisan \u00e9s napt\u00e1rhat\u00e1ssal kiigaz\u00edtott, kiegyens\u00falyozott adatok szerint 5,0 sz\u00e1zal\u00e9kos gazdas\u00e1gi n\u00f6veked\u00e9st jelzett a KSH. Az el\u0151z\u0151 negyed\u00e9vhez m\u00e9rten pedig 1,2 sz\u00e1zal\u00e9kos n\u00f6veked\u00e9st jelentett. 2018 els\u0151 h\u00e1rom negyed\u00e9v\u00e9ben 4,8 sz\u00e1zal\u00e9kkal n\u0151tt a GDP a m\u00falt \u00e9v azonos id\u0151szak\u00e1hoz m\u00e9rve.<br \/>\n    P\u00e9nteken a mez\u0151gazdas\u00e1gi termel\u0151i \u00e1rak tavaly decemberi statisztik\u00e1ja jelenik meg. Tavaly novemberben a mez\u0151gazdas\u00e1gi termel\u0151i \u00e1rak 4,4 sz\u00e1zal\u00e9kkal n\u0151ttek az egy \u00e9vvel kor\u00e1bbiakkal \u00f6sszevetve. A n\u00f6v\u00e9nyi term\u00e9kek \u00e1ra 9,1 sz\u00e1zal\u00e9kkal emelkedett, az \u00e9l\u0151 \u00e1llatok \u00e9s \u00e1llati term\u00e9kek \u00e1ra 3,1 sz\u00e1zal\u00e9kkal cs\u00f6kkent.(MTI)<\/p>\n","protected":false},"excerpt":{"rendered":"<p>A j\u00f6v\u0151 h\u00e9ten a tavalyi negyedik negyed\u00e9ves GDP-re (brutt\u00f3 hazai term\u00e9k) vonatkoz\u00f3 els\u0151 becsl\u00e9se mellett a janu\u00e1ri infl\u00e1ci\u00f3s, a tavaly decemberi \u00e9p\u00edt\u0151ipari, \u00e9s a m\u00e1sodik becsl\u00e9se alapj\u00e1n az ipari termel\u00e9s tavalyi \u00e9s 2018 decemberi adatait is k\u00f6zli a K\u00f6zponti Statisztikai Hivatal (KSH). Megjelenik a turizmus 2018-as teljes\u00edtm\u00e9ny\u00e9r\u0151l sz\u00f3l\u00f3 statisztika is.<\/p>\n","protected":false},"author":1001003,"featured_media":0,"comment_status":"closed","ping_status":"open","sticky":false,"template":"","format":"standard","meta":[],"categories":[19],"tags":[],"_links":{"self":[{"href":"https:\/\/gazdasagportal.hu\/index.php\/wp-json\/wp\/v2\/posts\/113489"}],"collection":[{"href":"https:\/\/gazdasagportal.hu\/index.php\/wp-json\/wp\/v2\/posts"}],"about":[{"href":"https:\/\/gazdasagportal.hu\/index.php\/wp-json\/wp\/v2\/types\/post"}],"author":[{"embeddable":true,"href":"https:\/\/gazdasagportal.hu\/index.php\/wp-json\/wp\/v2\/users\/1001003"}],"replies":[{"embeddable":true,"href":"https:\/\/gazdasagportal.hu\/index.php\/wp-json\/wp\/v2\/comments?post=113489"}],"version-history":[{"count":1,"href":"https:\/\/gazdasagportal.hu\/index.php\/wp-json\/wp\/v2\/posts\/113489\/revisions"}],"predecessor-version":[{"id":113490,"href":"https:\/\/gazdasagportal.hu\/index.php\/wp-json\/wp\/v2\/posts\/113489\/revisions\/113490"}],"wp:attachment":[{"href":"https:\/\/gazdasagportal.hu\/index.php\/wp-json\/wp\/v2\/media?parent=113489"}],"wp:term":[{"taxonomy":"category","embeddable":true,"href":"https:\/\/gazdasagportal.hu\/index.php\/wp-json\/wp\/v2\/categories?post=113489"},{"taxonomy":"post_tag","embeddable":true,"href":"https:\/\/gazdasagportal.hu\/index.php\/wp-json\/wp\/v2\/tags?post=113489"}],"curies":[{"name":"wp","href":"https:\/\/api.w.org\/{rel}","templated":true}]}}