{"id":113487,"date":"2019-02-10T10:15:28","date_gmt":"2019-02-10T09:15:28","guid":{"rendered":"http:\/\/gazdasagportal.hu\/?p=113487"},"modified":"2019-02-10T10:15:28","modified_gmt":"2019-02-10T09:15:28","slug":"heti-tozsdei-osszefoglalo-csokkeno-forgalomban-gyengult-a-bux-a-heten-5","status":"publish","type":"post","link":"https:\/\/gazdasagportal.hu\/index.php\/heti-tozsdei-osszefoglalo-csokkeno-forgalomban-gyengult-a-bux-a-heten-5\/","title":{"rendered":"Heti t\u0151zsdei \u00f6sszefoglal\u00f3 &#8211; Cs\u00f6kken\u0151 forgalomban gyeng\u00fclt a BUX a h\u00e9ten"},"content":{"rendered":"<p><strong>Cs\u00f6kken\u0151 forgalom mellett gyeng\u00fclt a Budapesti \u00c9rt\u00e9kt\u0151zsde (B\u00c9T) r\u00e9szv\u00e9nyindexe a h\u00e9ten, a BUX 39 704,61 ponton z\u00e1rt p\u00e9nteken, 1268,73 ponttal, 3,1 sz\u00e1zal\u00e9kkal alacsonyabban el\u0151z\u0151 heti z\u00e1r\u00f3\u00e9rt\u00e9k\u00e9n\u00e9l.<\/strong><!--more--><\/p>\n<div class=\"ads-in-post1\"><div id=\"gazdasagportal.hu_fullbanner_wideboard\"><\/div>\r\n<\/div>\n<p>    A r\u00e9szv\u00e9nypiac heti forgalma 44,9 milli\u00e1rd forint volt az el\u0151z\u0151 heti 57,5 milli\u00e1rd ut\u00e1n, a vezet\u0151 r\u00e9szv\u00e9nyek a Magyar Telekom kiv\u00e9tel\u00e9vel gyeng\u00fcltek.<br \/>\n    Az Equilor Befektet\u00e9si Zrt. MTI-hez eljuttatott t\u0151zsdei elemz\u00e9s\u00e9ben kiemelte: a Richter cs\u00fct\u00f6rt\u00f6k hajnalban tette k\u00f6zz\u00e9 a tavalyi negyedik negyed\u00e9vre vonatkoz\u00f3 gyorsjelent\u00e9s\u00e9t, amelyben a bev\u00e9tel meghaladta a piaci v\u00e1rakoz\u00e1st, de a profitot cs\u00f6kkentette az Esmya gy\u00f3gyszer miatti \u00e9rt\u00e9kveszt\u00e9s. A befektet\u0151k heves elad\u00e1si hull\u00e1mmal reag\u00e1ltak a vesztes\u00e9gle\u00edr\u00e1sra, cs\u00fct\u00f6rt\u00f6k\u00f6n 3 sz\u00e1zal\u00e9k feletti m\u00e9rt\u00e9kben esett a gy\u00f3gyszergy\u00e1rt\u00f3 \u00e1rfolyama, \u00e9s p\u00e9nteken sem t\u00e9rt mag\u00e1hoz, b\u00e1r ebben a negat\u00edv nemzetk\u00f6zi befektet\u0151i hangulatnak is szerepe volt.<br \/>\n<div class=\"ads-in-post2\"><script async src=\"https:\/\/pagead2.googlesyndication.com\/pagead\/js\/adsbygoogle.js\"><\/script>\r\n<ins class=\"adsbygoogle\"\r\n     style=\"display:block\"\r\n     data-ad-format=\"fluid\"\r\n     data-ad-layout-key=\"-6t+ed+2i-1n-4w\"\r\n     data-ad-client=\"ca-pub-1959107119989764\"\r\n     data-ad-slot=\"4008251320\"><\/ins>\r\n<script>\r\n     (adsbygoogle = window.adsbygoogle || []).push({});\r\n<\/script><\/div>\n    Az elemz\u00e9sben kit\u00e9rtek arra is: az OTP Bank szerda reggel jelentette be, hogy ad\u00e1sv\u00e9teli szerz\u0151d\u00e9st \u00edrt al\u00e1 a Societe Generale Csoport mold\u00e1v le\u00e1nybankja, a Mobiasbanca 87,85 sz\u00e1zal\u00e9kos r\u00e9szesed\u00e9s\u00e9nek megv\u00e1s\u00e1rl\u00e1s\u00e1r\u00f3l. A mold\u00e1v bank piaci r\u00e9szesed\u00e9se 13,3 sz\u00e1zal\u00e9k, ezzel az orsz\u00e1g negyedik legnagyobb bankja. A tranzakci\u00f3 p\u00e9nz\u00fcgyi z\u00e1r\u00e1s\u00e1ra v\u00e1rhat\u00f3an a k\u00f6vetkez\u0151 h\u00f3napokban ker\u00fclhet sor. A Mobiasbanca eszk\u00f6z\u00e1llom\u00e1nya 2017-ben mintegy 600 milli\u00f3 eur\u00f3 volt, m\u00edg nett\u00f3 nyeres\u00e9ge 13 milli\u00f3 eur\u00f3.<br \/>\n    A h\u00e9ten a Richter \u00e1rfolyama 5,2 sz\u00e1zal\u00e9kkal esett, p\u00e9nteken 5565 forinton z\u00e1rt, heti forgalma meghaladta a 8,5 milli\u00e1rd forintot.<br \/>\n    A Mol 3,78 sz\u00e1zal\u00e9kkal esett a h\u00e9ten, p\u00e9nteki z\u00e1r\u00f3\u00e1ra 3160 forint, heti forgalma t\u00f6bb mint 6,5 milli\u00e1rd forint volt.<br \/>\n    Az OTP 2,0 sz\u00e1zal\u00e9kkal gyeng\u00fclt, a h\u00e9t utols\u00f3 keresked\u00e9si napj\u00e1n 11 270 forinton z\u00e1rt, heti forgalma t\u00f6bb mint 15,7 milli\u00e1rd forintot \u00e9rt el.<br \/>\n    A Magyar Telekom 0,11 sz\u00e1zal\u00e9kkal er\u0151s\u00f6d\u00f6tt a h\u00e9ten, p\u00e9nteken 469,5 forinton fejezte be a keresked\u00e9st, heti forgalma meghaladta az 1,2 milli\u00e1rd forintot.<br \/>\n    A kis- \u00e9s k\u00f6zepes r\u00e9szv\u00e9nyek indexe, a BUMIX 3886,60 ponton z\u00e1rt p\u00e9nteken, az el\u0151z\u0151 h\u00e9thez k\u00e9pest 45,67 ponttal, 1,16 sz\u00e1zal\u00e9kkal alacsonyabban.(MTI)<\/p>\n","protected":false},"excerpt":{"rendered":"<p>Cs\u00f6kken\u0151 forgalom mellett gyeng\u00fclt a Budapesti \u00c9rt\u00e9kt\u0151zsde (B\u00c9T) r\u00e9szv\u00e9nyindexe a h\u00e9ten, a BUX 39 704,61 ponton z\u00e1rt p\u00e9nteken, 1268,73 ponttal, 3,1 sz\u00e1zal\u00e9kkal alacsonyabban el\u0151z\u0151 heti z\u00e1r\u00f3\u00e9rt\u00e9k\u00e9n\u00e9l.<\/p>\n","protected":false},"author":1001003,"featured_media":83060,"comment_status":"closed","ping_status":"open","sticky":false,"template":"","format":"standard","meta":[],"categories":[146,7],"tags":[],"_links":{"self":[{"href":"https:\/\/gazdasagportal.hu\/index.php\/wp-json\/wp\/v2\/posts\/113487"}],"collection":[{"href":"https:\/\/gazdasagportal.hu\/index.php\/wp-json\/wp\/v2\/posts"}],"about":[{"href":"https:\/\/gazdasagportal.hu\/index.php\/wp-json\/wp\/v2\/types\/post"}],"author":[{"embeddable":true,"href":"https:\/\/gazdasagportal.hu\/index.php\/wp-json\/wp\/v2\/users\/1001003"}],"replies":[{"embeddable":true,"href":"https:\/\/gazdasagportal.hu\/index.php\/wp-json\/wp\/v2\/comments?post=113487"}],"version-history":[{"count":1,"href":"https:\/\/gazdasagportal.hu\/index.php\/wp-json\/wp\/v2\/posts\/113487\/revisions"}],"predecessor-version":[{"id":113488,"href":"https:\/\/gazdasagportal.hu\/index.php\/wp-json\/wp\/v2\/posts\/113487\/revisions\/113488"}],"wp:featuredmedia":[{"embeddable":true,"href":"https:\/\/gazdasagportal.hu\/index.php\/wp-json\/wp\/v2\/media\/83060"}],"wp:attachment":[{"href":"https:\/\/gazdasagportal.hu\/index.php\/wp-json\/wp\/v2\/media?parent=113487"}],"wp:term":[{"taxonomy":"category","embeddable":true,"href":"https:\/\/gazdasagportal.hu\/index.php\/wp-json\/wp\/v2\/categories?post=113487"},{"taxonomy":"post_tag","embeddable":true,"href":"https:\/\/gazdasagportal.hu\/index.php\/wp-json\/wp\/v2\/tags?post=113487"}],"curies":[{"name":"wp","href":"https:\/\/api.w.org\/{rel}","templated":true}]}}