{"id":113481,"date":"2019-02-09T12:36:41","date_gmt":"2019-02-09T11:36:41","guid":{"rendered":"http:\/\/gazdasagportal.hu\/?p=113481"},"modified":"2019-02-09T09:39:04","modified_gmt":"2019-02-09T08:39:04","slug":"trump-hanoiban-lesz-a-csucstalalkozo-kim-dzsong-un-eszak-koreai-vezetovel","status":"publish","type":"post","link":"https:\/\/gazdasagportal.hu\/index.php\/trump-hanoiban-lesz-a-csucstalalkozo-kim-dzsong-un-eszak-koreai-vezetovel\/","title":{"rendered":"Trump: Hanoiban lesz a cs\u00facstal\u00e1lkoz\u00f3 Kim Dzsong Un \u00e9szak-koreai vezet\u0151vel"},"content":{"rendered":"<p><strong>Donald Trump \u00e9s Kim Dzsong Un cs\u00facstal\u00e1lkoz\u00f3ja Hanoiban lesz febru\u00e1r 27-\u00e9n \u00e9s 28-\u00e1n &#8211; der\u00fclt ki az amerikai eln\u00f6k p\u00e9ntek esti mikroblog-bejegyz\u00e9s\u00e9b\u0151l.<\/strong><!--more--><\/p>\n<div class=\"ads-in-post1\"><div id=\"gazdasagportal.hu_fullbanner_wideboard\"><\/div>\r\n<\/div>\n<p>    &#8222;Munkat\u00e1rsaim \u00e9ppen most indultak el \u00c9szak-Kore\u00e1b\u00f3l, ahol nagyon gy\u00fcm\u00f6lcs\u00f6z\u0151 tal\u00e1lkoz\u00f3n vettek r\u00e9szt&#8221; &#8211; \u00edrta Twitter-oldal\u00e1n Donald Trump. Hozz\u00e1f\u0171zte: &#8222;v\u00e1rom, hogy tal\u00e1lkozzam Kim eln\u00f6kkel \u00e9s el\u0151seg\u00edtsem a b\u00e9k\u00e9t&#8221;.<br \/>\n    Kedden este a kongresszusban tartott \u00e9v\u00e9rt\u00e9kel\u0151 besz\u00e9d\u00e9ben az amerikai eln\u00f6k m\u00e1r bejelentette a m\u00e1sodik amerikai-\u00e9szak-koreai cs\u00facstal\u00e1lkoz\u00f3 id\u0151pontj\u00e1t, \u00e9s azt is, hogy Vietnamban lesz a t\u00e1rgyal\u00e1s, de akkor m\u00e9g nem k\u00f6z\u00f6lte, hogy a d\u00e9lkelet-\u00e1zsiai orsz\u00e1g mely v\u00e1ros\u00e1ban.<br \/>\n<div class=\"ads-in-post2\"><script async src=\"https:\/\/pagead2.googlesyndication.com\/pagead\/js\/adsbygoogle.js\"><\/script>\r\n<ins class=\"adsbygoogle\"\r\n     style=\"display:block\"\r\n     data-ad-format=\"fluid\"\r\n     data-ad-layout-key=\"-6t+ed+2i-1n-4w\"\r\n     data-ad-client=\"ca-pub-1959107119989764\"\r\n     data-ad-slot=\"4008251320\"><\/ins>\r\n<script>\r\n     (adsbygoogle = window.adsbygoogle || []).push({});\r\n<\/script><\/div>\n    Stephen Biegun, az amerikai k\u00fcl\u00fcgyminiszt\u00e9rium \u00e9szak-koreai k\u00fcl\u00f6nmegb\u00edzottja p\u00e9nteken fejezte be a cs\u00facstal\u00e1lkoz\u00f3t el\u0151k\u00e9sz\u00edt\u0151 h\u00e1romnapos t\u00e1rgyal\u00e1sait Phenjanban, az \u00e9szak-koreai f\u0151v\u00e1rosban.<br \/>\n    Donald Trump p\u00e9nteken este egy m\u00e1sodik Twitter-bejegyz\u00e9st is k\u00f6zz\u00e9tett a v\u00e1rhat\u00f3 cs\u00facstal\u00e1lkoz\u00f3r\u00f3l.<br \/>\n    Ebben azt \u00edrta: &#8222;\u00c9szak-Korea Kim Dzsong Un ir\u00e1ny\u00edt\u00e1s\u00e1val gazdas\u00e1gi nagyhatalom lesz.&#8221;<br \/>\n    Az \u00e1zsiai vezet\u0151 dics\u00e9ret\u00e9vel folytatta: &#8222;Ez egyeseket meglephet, de nem engem, mert megismertem \u0151t, \u00e9s teljes m\u00e9rt\u00e9kben tiszt\u00e1ban vagyok azzal, hogy mire k\u00e9pes.&#8221;<br \/>\n    Az amerikai eln\u00f6k szerint \u00c9szak-Korea &#8222;egy \u00fajfajta rak\u00e9ta, gazdas\u00e1gi rak\u00e9ta lesz&#8221;.<br \/>\n    Donald Trump \u00e9s Kim Dzsong Un els\u0151 cs\u00facstal\u00e1lkoz\u00f3j\u00e1t tavaly j\u00faniusban Szingap\u00farban tartott\u00e1k.(MTI)<\/p>\n","protected":false},"excerpt":{"rendered":"<p>Donald Trump \u00e9s Kim Dzsong Un cs\u00facstal\u00e1lkoz\u00f3ja Hanoiban lesz febru\u00e1r 27-\u00e9n \u00e9s 28-\u00e1n &#8211; der\u00fclt ki az amerikai eln\u00f6k p\u00e9ntek esti mikroblog-bejegyz\u00e9s\u00e9b\u0151l.<\/p>\n","protected":false},"author":1001003,"featured_media":0,"comment_status":"closed","ping_status":"open","sticky":false,"template":"","format":"standard","meta":[],"categories":[13,14],"tags":[],"_links":{"self":[{"href":"https:\/\/gazdasagportal.hu\/index.php\/wp-json\/wp\/v2\/posts\/113481"}],"collection":[{"href":"https:\/\/gazdasagportal.hu\/index.php\/wp-json\/wp\/v2\/posts"}],"about":[{"href":"https:\/\/gazdasagportal.hu\/index.php\/wp-json\/wp\/v2\/types\/post"}],"author":[{"embeddable":true,"href":"https:\/\/gazdasagportal.hu\/index.php\/wp-json\/wp\/v2\/users\/1001003"}],"replies":[{"embeddable":true,"href":"https:\/\/gazdasagportal.hu\/index.php\/wp-json\/wp\/v2\/comments?post=113481"}],"version-history":[{"count":1,"href":"https:\/\/gazdasagportal.hu\/index.php\/wp-json\/wp\/v2\/posts\/113481\/revisions"}],"predecessor-version":[{"id":113482,"href":"https:\/\/gazdasagportal.hu\/index.php\/wp-json\/wp\/v2\/posts\/113481\/revisions\/113482"}],"wp:attachment":[{"href":"https:\/\/gazdasagportal.hu\/index.php\/wp-json\/wp\/v2\/media?parent=113481"}],"wp:term":[{"taxonomy":"category","embeddable":true,"href":"https:\/\/gazdasagportal.hu\/index.php\/wp-json\/wp\/v2\/categories?post=113481"},{"taxonomy":"post_tag","embeddable":true,"href":"https:\/\/gazdasagportal.hu\/index.php\/wp-json\/wp\/v2\/tags?post=113481"}],"curies":[{"name":"wp","href":"https:\/\/api.w.org\/{rel}","templated":true}]}}