{"id":113477,"date":"2019-02-09T08:21:11","date_gmt":"2019-02-09T07:21:11","guid":{"rendered":"http:\/\/gazdasagportal.hu\/?p=113477"},"modified":"2019-02-08T22:22:01","modified_gmt":"2019-02-08T21:22:01","slug":"elemzok-2020-tol-ismet-emelkedhet-a-kulkereskedelmi-merlegtobblet","status":"publish","type":"post","link":"https:\/\/gazdasagportal.hu\/index.php\/elemzok-2020-tol-ismet-emelkedhet-a-kulkereskedelmi-merlegtobblet\/","title":{"rendered":"Elemz\u0151k: 2020-t\u00f3l ism\u00e9t emelkedhet a k\u00fclkereskedelmi m\u00e9rlegt\u00f6bblet"},"content":{"rendered":"<p><strong>A bor\u00fasabbra fordult vil\u00e1gpiaci kil\u00e1t\u00e1sok \u00e9s a belf\u00f6ld\u00f6n tov\u00e1bbra is er\u0151teljes fogyaszt\u00f3i \u00e9s beruh\u00e1z\u00e1si keresletn\u00f6veked\u00e9s miatt id\u00e9n m\u00e9g valamelyest cs\u00f6kken a k\u00fclkereskedelmi m\u00e9rleg t\u00f6bblete. Az \u00faj termel\u0151kapacit\u00e1sok bel\u00e9p\u00e9se \u00e9s a fogyaszt\u00e1s n\u00f6veked\u00e9s\u00e9nek viszonylagos lassul\u00e1sa nyom\u00e1n j\u00f6v\u0151re ism\u00e9t emelkedhet az akt\u00edvum &#8211; \u00edgy komment\u00e1lt\u00e1k az MTI-nek nyilatkoz\u00f3 elemz\u0151k a K\u00f6zponti Statisztikai Hivatal (KSH)  p\u00e9nteken megjelent els\u0151 becsl\u00e9s\u00e9t a k\u00fclkereskedelmi \u00e1ruforgalom tavaly decemberi \u00e9s eg\u00e9sz \u00e9ves alakul\u00e1s\u00e1r\u00f3l. <\/strong><!--more--><\/p>\n<div class=\"ads-in-post1\"><div id=\"gazdasagportal.hu_fullbanner_wideboard\"><\/div>\r\n<\/div>\n<p>    A KSH jelent\u00e9se szerint az export eur\u00f3ban sz\u00e1molt \u00e9rt\u00e9ke 4,3 sz\u00e1zal\u00e9kkal n\u0151tt 2018-ban, az import 6,9 sz\u00e1zal\u00e9kkal emelkedett az el\u0151z\u0151 \u00e9vihez k\u00e9pest. A k\u00fclkereskedelmi m\u00e9rlegt\u00f6bblet 6,041 milli\u00e1rd eur\u00f3 volt, 2,037 milli\u00e1rddal kevesebb az egy \u00e9vvel kor\u00e1bbin\u00e1l.<br \/>\n    Suppan Gergely, a Takar\u00e9kbank elemz\u0151je  az MTI-hez eljuttatott  komment\u00e1rj\u00e1ban azt emelte ki, hogy a tavalyi \u00e9v sor\u00e1n egyszeri t\u00e9nyez\u0151k is f\u00e9kezt\u00e9k az export n\u00f6veked\u00e9s\u00e9t. A WLTP bevezet\u00e9se meredek visszaes\u00e9st okozott az eur\u00f3pai aut\u00f3 elad\u00e1sokban, az egyes modellek forgalomba hozatalai enged\u00e9ly\u00e9nek megszerz\u00e9se ut\u00e1n azonban \u00fajra emelkedhetnek az elad\u00e1sok, \u00edgy az export is.<br \/>\n    A tavalyi utols\u00f3 negyed\u00e9vben a k\u00fclkereskedelem t\u00f6bblete 598 milli\u00f3 eur\u00f3val m\u00e9rs\u00e9kl\u0151d\u00f6tt, \u00edgy a harmadik negyed\u00e9vhez k\u00e9pest kev\u00e9sb\u00e9 rontotta a GDP n\u00f6veked\u00e9s\u00e9t, amely a fogyaszt\u00e1s \u00e9s a beruh\u00e1z\u00e1sok  n\u00f6veked\u00e9se mellett el\u00e9rhette az 5 sz\u00e1zal\u00e9kot, a tavalyi eg\u00e9sz \u00e9vben pedig a 4,8 sz\u00e1zal\u00e9kot &#8211; v\u00e9lekedett az elemz\u0151.<br \/>\n<div class=\"ads-in-post2\"><script async src=\"https:\/\/pagead2.googlesyndication.com\/pagead\/js\/adsbygoogle.js\"><\/script>\r\n<ins class=\"adsbygoogle\"\r\n     style=\"display:block\"\r\n     data-ad-format=\"fluid\"\r\n     data-ad-layout-key=\"-6t+ed+2i-1n-4w\"\r\n     data-ad-client=\"ca-pub-1959107119989764\"\r\n     data-ad-slot=\"4008251320\"><\/ins>\r\n<script>\r\n     (adsbygoogle = window.adsbygoogle || []).push({});\r\n<\/script><\/div>\n    A k\u00fclkereskedelmi t\u00f6bblet tavalyi cs\u00f6kken\u00e9s\u00e9hez az olaj\u00e1rak emelked\u00e9se miatt roml\u00f3 cserear\u00e1nyok is hozz\u00e1j\u00e1rultak,  ami az idei \u00e9v elej\u00e9n m\u00e1r n\u00e9mileg  v\u00e1ltozhat.  A Takar\u00e9kbank elemz\u0151i id\u00e9n m\u00e1r csak kisebb visszaes\u00e9st v\u00e1rnak a k\u00fclkereskedelmi t\u00f6bbletben, egyr\u00e9szt a n\u00e9mileg lassul\u00f3 bels\u0151 keresletn\u00f6veked\u00e9s, m\u00e1sr\u00e9szt \u00faj exportkapacit\u00e1sok \u00fczembe helyez\u00e9se miatt. A cserear\u00e1nyok roml\u00e1sa szint\u00e9n meg\u00e1llhat, \u00edgy a tavalyi 6,041 milli\u00e1rdr\u00f3l id\u00e9n kism\u00e9rt\u00e9kben, 5,97 milli\u00e1rd eur\u00f3ra cs\u00f6kkenhet a k\u00fclkereskedelmi t\u00f6bblet.<br \/>\n    A k\u00f6vetkez\u0151 \u00e9vekben azonban \u00fajra emelkedhet a k\u00fclkereskedelmi akt\u00edvum, 2021-t\u0151l az \u00faj Mercedes gy\u00e1r tervezett \u00fczembe helyez\u00e9se miatt ak\u00e1r er\u0151teljesebben is. A tart\u00f3san magas k\u00fclkereskedelmi t\u00f6bbletnek k\u00f6sz\u00f6nhet\u0151en a foly\u00f3 fizet\u00e9si m\u00e9rleg is tart\u00f3san t\u00f6bbletet mutathat, ami hozz\u00e1j\u00e1rul a k\u00fcls\u0151 ad\u00f3ss\u00e1gok \u00e9s \u00edgy a k\u00fcls\u0151 s\u00e9r\u00fcl\u00e9kenys\u00e9g meredek cs\u00f6kken\u00e9s\u00e9hez.<br \/>\n    2019 v\u00e9g\u00e9re pedig a hazai gazdas\u00e1g nett\u00f3 k\u00fcls\u0151 hitelez\u0151v\u00e9 v\u00e1lhat, amit az uni\u00f3s forr\u00e1sleh\u00edv\u00e1sok gyorsul\u00e1sa is t\u00e1mogat. Ezek a folyamatok pedig a forintnak tart\u00f3s t\u00e1maszt adnak, \u00edgy az \u00e9v v\u00e9g\u00e9re, valamint j\u00f6v\u0151re a forint er\u0151s\u00f6d\u00e9s\u00e9re sz\u00e1m\u00edtanak a Takar\u00e9kbankn\u00e1l a jelenlegi, fundamentumokkal nem al\u00e1t\u00e1maszthat\u00f3 szintekr\u0151l.<br \/>\n    Nyeste Orsolya, az Erste Bank makrogazdas\u00e1gi elemz\u0151je az idei \u00e9vre szint\u00e9n a k\u00fclkereskedelmi m\u00e9rlegt\u00f6bblet cs\u00f6kken\u00e9s\u00e9nek folytat\u00f3d\u00e1s\u00e1t prognosztiz\u00e1lja. Az export kil\u00e1t\u00e1sai bizonytalanabb\u00e1 v\u00e1ltak, ugyanakkor az import n\u00f6veked\u00e9si \u00fcteme tov\u00e1bbra is magas maradhat, hiszen a  gazdas\u00e1gi n\u00f6veked\u00e9s hajt\u00f3ereje a bels\u0151 kereslet maradhat 2019-ben is &#8211; fejtette ki.<br \/>\n    Ennek megfelel\u0151en \u00fagy v\u00e9li, hogy az \u00e1ruforgalmi t\u00f6bblet 2019-ben alacsonyabb lesz a tavalyi \u00e9vben l\u00e1tottn\u00e1l, \u00e9s a 4-4,5 milli\u00e1rd eur\u00f3s tartom\u00e1nyba eshet vissza. 2020-ra azonban &#8211; a fokozatosan ki\u00e9p\u00fcl\u0151 \u00faj exportkapacit\u00e1sok bel\u00e9p\u00e9s\u00e9vel &#8211; ism\u00e9t emelked\u0151 k\u00fclkereskedelmi t\u00f6bbletet v\u00e1r. Az idei \u00e9v \u00edgy v\u00e1rhat\u00f3an egy lok\u00e1lis m\u00e9lypontot jelent majd a k\u00fclkereskedelmi m\u00e9rleg t\u00f6bblet\u00e9nek nagys\u00e1g\u00e1ban.(MTI)<\/p>\n","protected":false},"excerpt":{"rendered":"<p>A bor\u00fasabbra fordult vil\u00e1gpiaci kil\u00e1t\u00e1sok \u00e9s a belf\u00f6ld\u00f6n tov\u00e1bbra is er\u0151teljes fogyaszt\u00f3i \u00e9s beruh\u00e1z\u00e1si keresletn\u00f6veked\u00e9s miatt id\u00e9n m\u00e9g valamelyest cs\u00f6kken a k\u00fclkereskedelmi m\u00e9rleg t\u00f6bblete. Az \u00faj termel\u0151kapacit\u00e1sok bel\u00e9p\u00e9se \u00e9s a fogyaszt\u00e1s n\u00f6veked\u00e9s\u00e9nek viszonylagos lassul\u00e1sa nyom\u00e1n j\u00f6v\u0151re ism\u00e9t emelkedhet az akt\u00edvum &#8211; \u00edgy komment\u00e1lt\u00e1k az MTI-nek nyilatkoz\u00f3 elemz\u0151k a K\u00f6zponti Statisztikai Hivatal (KSH) p\u00e9nteken megjelent els\u0151 &#8230;<\/p>\n","protected":false},"author":1001003,"featured_media":0,"comment_status":"closed","ping_status":"open","sticky":false,"template":"","format":"standard","meta":[],"categories":[19],"tags":[],"_links":{"self":[{"href":"https:\/\/gazdasagportal.hu\/index.php\/wp-json\/wp\/v2\/posts\/113477"}],"collection":[{"href":"https:\/\/gazdasagportal.hu\/index.php\/wp-json\/wp\/v2\/posts"}],"about":[{"href":"https:\/\/gazdasagportal.hu\/index.php\/wp-json\/wp\/v2\/types\/post"}],"author":[{"embeddable":true,"href":"https:\/\/gazdasagportal.hu\/index.php\/wp-json\/wp\/v2\/users\/1001003"}],"replies":[{"embeddable":true,"href":"https:\/\/gazdasagportal.hu\/index.php\/wp-json\/wp\/v2\/comments?post=113477"}],"version-history":[{"count":1,"href":"https:\/\/gazdasagportal.hu\/index.php\/wp-json\/wp\/v2\/posts\/113477\/revisions"}],"predecessor-version":[{"id":113478,"href":"https:\/\/gazdasagportal.hu\/index.php\/wp-json\/wp\/v2\/posts\/113477\/revisions\/113478"}],"wp:attachment":[{"href":"https:\/\/gazdasagportal.hu\/index.php\/wp-json\/wp\/v2\/media?parent=113477"}],"wp:term":[{"taxonomy":"category","embeddable":true,"href":"https:\/\/gazdasagportal.hu\/index.php\/wp-json\/wp\/v2\/categories?post=113477"},{"taxonomy":"post_tag","embeddable":true,"href":"https:\/\/gazdasagportal.hu\/index.php\/wp-json\/wp\/v2\/tags?post=113477"}],"curies":[{"name":"wp","href":"https:\/\/api.w.org\/{rel}","templated":true}]}}