{"id":113469,"date":"2019-02-08T15:22:42","date_gmt":"2019-02-08T14:22:42","guid":{"rendered":"http:\/\/gazdasagportal.hu\/?p=113469"},"modified":"2019-02-08T15:22:42","modified_gmt":"2019-02-08T14:22:42","slug":"varga-mihaly-a-tobb-pillerre-epulo-gazdasag-a-stabilitas-biztositeka","status":"publish","type":"post","link":"https:\/\/gazdasagportal.hu\/index.php\/varga-mihaly-a-tobb-pillerre-epulo-gazdasag-a-stabilitas-biztositeka\/","title":{"rendered":"Varga Mih\u00e1ly: a t\u00f6bb pill\u00e9rre \u00e9p\u00fcl\u0151 gazdas\u00e1g a stabilit\u00e1s biztos\u00edt\u00e9ka"},"content":{"rendered":"<p><strong>Az aut\u00f3ipar mellett a t\u00f6bbi ipar\u00e1g meger\u0151s\u00edt\u00e9se seg\u00edti a magyar gazdas\u00e1g tov\u00e1bbi b\u0151v\u00fcl\u00e9s\u00e9t \u00e9s stabilit\u00e1s\u00e1nak meg\u0151rz\u00e9s\u00e9t &#8211; jelentette ki a p\u00e9nz\u00fcgyminiszter a M\u00e1tramet\u00e1l kft. 3,6 milli\u00e1rd forint \u00e9rt\u00e9k\u0171, kapacit\u00e1sb\u0151v\u00edt\u0151 fejleszt\u00e9s\u00e9hez ny\u00fajtott korm\u00e1nyzati t\u00e1mogat\u00e1s okirat\u00e1nak p\u00e9nteki \u00fcnnep\u00e9lyes \u00e1tad\u00e1s\u00e1n, Sirokon.<\/strong><!--more--><\/p>\n<div class=\"ads-in-post1\"><div id=\"gazdasagportal.hu_fullbanner_wideboard\"><\/div>\r\n<\/div>\n<p>    Varga Mih\u00e1ly kiemelte: az alum\u00ednium aeroszol palackok gy\u00e1rt\u00e1s\u00e1val foglalkoz\u00f3 v\u00e1llalkoz\u00e1s beruh\u00e1z\u00e1s\u00e1hoz a korm\u00e1ny 1,8 milli\u00e1rd forint t\u00e1mogat\u00e1st ny\u00fajt a nagyv\u00e1llalati beruh\u00e1z\u00e1s t\u00e1mogat\u00e1si programb\u00f3l.<br \/>\n    Az \u00f6t \u00e9ve indult kezdem\u00e9nyez\u00e9s r\u00e9szek\u00e9nt a kabinet eddig 110 projekthez j\u00e1rult hozz\u00e1 \u00f6sszesen 65 milli\u00e1rd forint \u00e9rt\u00e9kben. Ezzel 160 milli\u00e1rd forint \u00e9rt\u00e9k\u0171 fejleszt\u00e9s megval\u00f3s\u00edt\u00e1s\u00e1t \u00e9s 2400 \u00faj munkahely l\u00e9tes\u00edt\u00e9s\u00e9t seg\u00edtette &#8211; tette hozz\u00e1.<br \/>\n    A miniszter kifejtette, hogy a gazdas\u00e1gi stabilit\u00e1s egyik legfontosabb jellemz\u0151je a t\u00f6bb l\u00e1bon \u00e1ll\u00e1s. Ennek jegy\u00e9ben a 120 ezer embert foglalkoztat\u00f3, &#8222;domin\u00e1ns&#8221; hazai aut\u00f3ipar mellett c\u00e9l a t\u00f6bbi ipar\u00e1g meger\u0151s\u00edt\u00e9se. Ebbe a szeml\u00e9letbe illik bele a M\u00e1tramet\u00e1l Kft. kapacit\u00e1sb\u0151v\u00edt\u00e9s\u00e9nek t\u00e1mogat\u00e1sa, a v\u00e1llalat \u00e9rt\u00e9kes\u00edt\u00e9s\u00e9nek 80 sz\u00e1zal\u00e9kos export-ar\u00e1ny\u00e1val bizony\u00edtja, hogy term\u00e9kei k\u00fclf\u00f6ld\u00f6n is versenyk\u00e9pesek &#8211; h\u00fazta al\u00e1 a t\u00e1rcavezet\u0151. A c\u00e9g egy\u00fcttm\u0171k\u00f6d\u00e9se a Miskolci Egyetemmel az ipari kult\u00fara \u00e9s a du\u00e1lis k\u00e9pz\u00e9s fejleszt\u00e9s\u00e9ben ugyancsak p\u00e9lda \u00e9rt\u00e9k\u0171 &#8211; f\u0171zte hozz\u00e1.<br \/>\n<div class=\"ads-in-post2\"><script async src=\"https:\/\/pagead2.googlesyndication.com\/pagead\/js\/adsbygoogle.js\"><\/script>\r\n<ins class=\"adsbygoogle\"\r\n     style=\"display:block\"\r\n     data-ad-format=\"fluid\"\r\n     data-ad-layout-key=\"-6t+ed+2i-1n-4w\"\r\n     data-ad-client=\"ca-pub-1959107119989764\"\r\n     data-ad-slot=\"4008251320\"><\/ins>\r\n<script>\r\n     (adsbygoogle = window.adsbygoogle || []).push({});\r\n<\/script><\/div>\n     Lovas Ferenc, a t\u00e1rsas\u00e1g \u00fcgyvezet\u0151 igazgat\u00f3ja k\u00f6z\u00f6lte: az 1,8 milli\u00e1rd forintos korm\u00e1nyzati t\u00e1mogat\u00e1s felhaszn\u00e1l\u00e1s\u00e1val 3,6 milli\u00e1rd forintb\u00f3l a jelenlegi \u00f6t mell\u00e9 \u00faj aeroszolpalack-gy\u00e1rt\u00f3 g\u00e9psort \u00e1ll\u00edtanak munk\u00e1ba. Az \u00e9v elej\u00e9n indult \u00e9s v\u00e1rhat\u00f3an 2020 tavasz\u00e1ra befejez\u0151d\u0151 projekt r\u00e9sze a gy\u00e1rt\u00f3csarnok \u00e9s a rakt\u00e1r\u00e9p\u00fclet b\u0151v\u00edt\u00e9se is. A beruh\u00e1z\u00e1s mintegy 30 sz\u00e1zal\u00e9kkal b\u0151v\u00edti a c\u00e9g jelenlegi, \u00e9ves 100 milli\u00f3 palack k\u00f6r\u00fcli gy\u00e1rt\u00f3kapacit\u00e1s\u00e1t, \u00e9s 13 \u00faj munkahelyet is teremt.<br \/>\n    Az \u00fcgyvezet\u0151 igazgat\u00f3 t\u00e1j\u00e9koztat\u00e1sa szerint a M\u00e1travid\u00e9ki F\u00e9mm\u0171vek jogut\u00f3dak\u00e9nt 1993-ban alakult M\u00e1tramet\u00e1l Kft. 350 munkav\u00e1llal\u00f3t foglalkoztat. A v\u00e1llalkoz\u00e1s term\u00e9keinek legf\u0151bb export-c\u00e9lorsz\u00e1ga Franciaorsz\u00e1g, N\u00e9metorsz\u00e1g, Oroszorsz\u00e1g \u00e9s Nagy-Britannia. Nett\u00f3 \u00e1rbev\u00e9tele 2018-ban mintegy 6,6 milli\u00e1rd forint volt, id\u00e9n pedig v\u00e1rhat\u00f3an meghaladja majd a 7 milli\u00e1rd forintot.<br \/>\n    Horv\u00e1th L\u00e1szl\u00f3, a t\u00e9rs\u00e9g orsz\u00e1ggy\u0171l\u00e9si k\u00e9pvisel\u0151je (Fidesz) arr\u00f3l besz\u00e9lt: a v\u00e1llalat megmarad\u00e1s\u00e1\u00e9rt komoly k\u00fczdelmet kellett folytatni az elm\u00falt \u00e9vtizedekben. Az er\u0151fesz\u00edt\u00e9sek nem voltak hi\u00e1baval\u00f3k, hiszen a M\u00e1tramet\u00e1l Kft.-nek imm\u00e1r nem csak m\u00faltja, de jelene \u00e9s biztat\u00f3 j\u00f6v\u0151je is van &#8211; fogalmazott. (MTI)<\/p>\n","protected":false},"excerpt":{"rendered":"<p>Az aut\u00f3ipar mellett a t\u00f6bbi ipar\u00e1g meger\u0151s\u00edt\u00e9se seg\u00edti a magyar gazdas\u00e1g tov\u00e1bbi b\u0151v\u00fcl\u00e9s\u00e9t \u00e9s stabilit\u00e1s\u00e1nak meg\u0151rz\u00e9s\u00e9t &#8211; jelentette ki a p\u00e9nz\u00fcgyminiszter a M\u00e1tramet\u00e1l kft. 3,6 milli\u00e1rd forint \u00e9rt\u00e9k\u0171, kapacit\u00e1sb\u0151v\u00edt\u0151 fejleszt\u00e9s\u00e9hez ny\u00fajtott korm\u00e1nyzati t\u00e1mogat\u00e1s okirat\u00e1nak p\u00e9nteki \u00fcnnep\u00e9lyes \u00e1tad\u00e1s\u00e1n, Sirokon.<\/p>\n","protected":false},"author":1,"featured_media":0,"comment_status":"closed","ping_status":"open","sticky":false,"template":"","format":"standard","meta":[],"categories":[19],"tags":[],"_links":{"self":[{"href":"https:\/\/gazdasagportal.hu\/index.php\/wp-json\/wp\/v2\/posts\/113469"}],"collection":[{"href":"https:\/\/gazdasagportal.hu\/index.php\/wp-json\/wp\/v2\/posts"}],"about":[{"href":"https:\/\/gazdasagportal.hu\/index.php\/wp-json\/wp\/v2\/types\/post"}],"author":[{"embeddable":true,"href":"https:\/\/gazdasagportal.hu\/index.php\/wp-json\/wp\/v2\/users\/1"}],"replies":[{"embeddable":true,"href":"https:\/\/gazdasagportal.hu\/index.php\/wp-json\/wp\/v2\/comments?post=113469"}],"version-history":[{"count":1,"href":"https:\/\/gazdasagportal.hu\/index.php\/wp-json\/wp\/v2\/posts\/113469\/revisions"}],"predecessor-version":[{"id":113470,"href":"https:\/\/gazdasagportal.hu\/index.php\/wp-json\/wp\/v2\/posts\/113469\/revisions\/113470"}],"wp:attachment":[{"href":"https:\/\/gazdasagportal.hu\/index.php\/wp-json\/wp\/v2\/media?parent=113469"}],"wp:term":[{"taxonomy":"category","embeddable":true,"href":"https:\/\/gazdasagportal.hu\/index.php\/wp-json\/wp\/v2\/categories?post=113469"},{"taxonomy":"post_tag","embeddable":true,"href":"https:\/\/gazdasagportal.hu\/index.php\/wp-json\/wp\/v2\/tags?post=113469"}],"curies":[{"name":"wp","href":"https:\/\/api.w.org\/{rel}","templated":true}]}}