{"id":113467,"date":"2019-02-08T14:50:59","date_gmt":"2019-02-08T13:50:59","guid":{"rendered":"http:\/\/gazdasagportal.hu\/?p=113467"},"modified":"2019-02-08T14:50:59","modified_gmt":"2019-02-08T13:50:59","slug":"az-ult-magyarorszag-kft-tiz-szazalekos-alaparemelest-ajanl-szerzodott-dohanytermeloinek","status":"publish","type":"post","link":"https:\/\/gazdasagportal.hu\/index.php\/az-ult-magyarorszag-kft-tiz-szazalekos-alaparemelest-ajanl-szerzodott-dohanytermeloinek\/","title":{"rendered":"Az ULT Magyarorsz\u00e1g KFT. t\u00edz sz\u00e1zal\u00e9kos alap\u00e1remel\u00e9st aj\u00e1nl szerz\u0151d\u00f6tt doh\u00e1nytermel\u0151inek"},"content":{"rendered":"<p><strong>A Virginia-doh\u00e1nyfajta eset\u00e9ben 10, m\u00edg a Burley-n\u00e9l 8 sz\u00e1zal\u00e9kos alap\u00e1remel\u00e9st aj\u00e1nl az idei \u00e9vre a vele szerz\u0151d\u00f6tt  \u00f6tsz\u00e1z doh\u00e1nytermel\u0151nek az ULT (Universal Leaf Tobacco) Magyarorsz\u00e1g Kft. &#8211; hangzott el az amerikai tulajdon\u00fa doh\u00e1nytermeltet\u0151 c\u00e9gnek a gazd\u00e1lkod\u00f3k sz\u00e1m\u00e1ra szervezett szakmai f\u00f3rum\u00e1n p\u00e9nteken Ny\u00edregyh\u00e1z\u00e1n.<\/strong><!--more--><\/p>\n<div class=\"ads-in-post1\"><div id=\"gazdasagportal.hu_fullbanner_wideboard\"><\/div>\r\n<\/div>\n<p>    Fekete Tibor, a t\u00e1rsas\u00e1g agron\u00f3miai igazgat\u00f3ja eml\u00e9keztetett, az ULT 2018-ban h\u00e1rom \u00e9vre sz\u00f3l\u00f3 doh\u00e1nytermeszt\u00e9si keretszerz\u0151d\u00e9st k\u00f6t\u00f6tt termel\u0151ivel. A minden gazd\u00e1val egy\u00e9nileg megk\u00f6t\u00f6tt kontraktusban t\u00f6bbek k\u00f6z\u00f6tt mindk\u00e9t doh\u00e1nyfajt\u00e1ra  az infl\u00e1ci\u00f3t k\u00f6vet\u0151 \u00e9venk\u00e9nti alap\u00e1remel\u00e9st \u00e9p\u00edtettek be, de szab\u00e1lyozt\u00e1k a \u00fagynevezett t\u00f6r\u00e9si \u00f6vezetek k\u00f6z\u00f6tti \u00e1rk\u00fcl\u00f6nbs\u00e9geket, valamint bevezett\u00e9k az egyszer\u0171s\u00edtett min\u0151s\u00edt\u00e9si rendszert is.<br \/>\n    Az emel\u00e9s line\u00e1ris, minden min\u0151s\u00e9gi oszt\u00e1lyra \u00e9rv\u00e9nyes \u00e9s els\u0151sorban az infl\u00e1ci\u00f3t, valamint a gazd\u00e1k k\u00f6lts\u00e9gn\u00f6veked\u00e9seit k\u00f6veti &#8211; tette hozz\u00e1 az igazgat\u00f3.<br \/>\n<div class=\"ads-in-post2\"><script async src=\"https:\/\/pagead2.googlesyndication.com\/pagead\/js\/adsbygoogle.js\"><\/script>\r\n<ins class=\"adsbygoogle\"\r\n     style=\"display:block\"\r\n     data-ad-format=\"fluid\"\r\n     data-ad-layout-key=\"-6t+ed+2i-1n-4w\"\r\n     data-ad-client=\"ca-pub-1959107119989764\"\r\n     data-ad-slot=\"4008251320\"><\/ins>\r\n<script>\r\n     (adsbygoogle = window.adsbygoogle || []).push({});\r\n<\/script><\/div>\n    Fekete Tibor kifejtette, az ULT sz\u00e1m\u00e1ra idei priorit\u00e1s a 3,5-4 ezer tonna Virginia, illetve az ezer tonna Burley-doh\u00e1ny megtermeltet\u00e9se, de &#8211; ahogy eddig is &#8211; minden kilogramm, szerz\u0151d\u00e9sen fel\u00fcli mennyis\u00e9get \u00e1tvesz a termel\u0151kt\u0151l. (A felv\u00e1s\u00e1rl\u00e1si \u00e1r az alap\u00e1rb\u00f3l, illetve a min\u0151s\u00e9ghez \u00e9s mennyis\u00e9ghez k\u00f6t\u00f6tt fel\u00e1rb\u00f3l \u00e1ll.) A szerz\u0151d\u00e9ses kond\u00edci\u00f3k az alap\u00e1remel\u00e9sen k\u00edv\u00fcl nem v\u00e1ltoztak, a m\u00f3dos\u00edt\u00e1sr\u00f3l sz\u00f3l\u00f3 dokumentumot m\u00e1r minden termel\u0151 megkapta az ULT-t\u0151l.<br \/>\n    A 2018-as term\u00e9seredm\u00e9nyeket ismertetve az agron\u00f3miai igazgat\u00f3 elmondta, a keretszerz\u0151d\u00e9s els\u0151 termeltet\u00e9si \u00e9ve z\u00e1rult le tavaly, amelyet sz\u00e9ls\u0151s\u00e9ges k\u00f6rnyezeti t\u00e9nyez\u0151k, els\u0151sorban az asz\u00e1lyos id\u0151j\u00e1r\u00e1s nehez\u00edtett. A sz\u00e1razs\u00e1g, a naps\u00fct\u00e9ses \u00f3r\u00e1k magas sz\u00e1ma, a h\u0151s\u00e9g \u00e9s a csapad\u00e9khi\u00e1ny a term\u00e9s\u00e1tlagokon is megl\u00e1tszanak, a Virginia \u00e9s a Burley eset\u00e9ben is t\u00edz-tizenegy sz\u00e1zal\u00e9kos term\u00e9skies\u00e9s tapasztalhat\u00f3, amit a t\u00fal\u00fcltetett ter\u00fcletek sem tudt\u00e1k p\u00f3tolni.<br \/>\n    Tavaly 1613 hekt\u00e1rra szerz\u0151d\u00f6tt le a termel\u0151kkel az ULT, de enn\u00e9l 17 sz\u00e1zal\u00e9kkal t\u00f6bb ter\u00fcletet \u00fcltettek be a gazd\u00e1k. A 3364 tonn\u00e1s betervezett \u00e9s leszerz\u0151d\u00f6tt Virginia-mennyis\u00e9gb\u0151l csak 3021 tonn\u00e1t tudott \u00e1tvett a t\u00e1rsas\u00e1g, ami hekt\u00e1ronk\u00e9nt 1873 kilogrammos term\u00e9s\u00e1tlagot jelent. A csaknem 500 hekt\u00e1ron term\u0151 Burley eset\u00e9ben az ULT 975 tonn\u00e1ra szerz\u0151d\u00f6tt le, de a termel\u0151k tavaly \u00f6sszesen csak 870 tonn\u00e1t tudtak leadni a c\u00e9gnek, \u00edgy az \u00e1tlagterm\u00e9s hekt\u00e1ronk\u00e9nt 1500 kilogramm volt.<br \/>\n    Fekete Tibor szavai szerint az ULT strat\u00e9gi\u00e1ja \u00e9s c\u00e9ljai nem v\u00e1ltoztak tavaly \u00f3ta, els\u0151dleges priorit\u00e1s a magyar doh\u00e1nytermel\u00e9s fenntart\u00e1sa, a magyar doh\u00e1ny az eur\u00f3pai piacon t\u00f6rt\u00e9n\u0151 megm\u00e9rettet\u00e9se, illetve a jelenlegi, biztos piaci poz\u00edci\u00f3 megtart\u00e1sa lesz.(MTI)<\/p>\n","protected":false},"excerpt":{"rendered":"<p>A Virginia-doh\u00e1nyfajta eset\u00e9ben 10, m\u00edg a Burley-n\u00e9l 8 sz\u00e1zal\u00e9kos alap\u00e1remel\u00e9st aj\u00e1nl az idei \u00e9vre a vele szerz\u0151d\u00f6tt \u00f6tsz\u00e1z doh\u00e1nytermel\u0151nek az ULT (Universal Leaf Tobacco) Magyarorsz\u00e1g Kft. &#8211; hangzott el az amerikai tulajdon\u00fa doh\u00e1nytermeltet\u0151 c\u00e9gnek a gazd\u00e1lkod\u00f3k sz\u00e1m\u00e1ra szervezett szakmai f\u00f3rum\u00e1n p\u00e9nteken Ny\u00edregyh\u00e1z\u00e1n.<\/p>\n","protected":false},"author":1,"featured_media":0,"comment_status":"closed","ping_status":"open","sticky":false,"template":"","format":"standard","meta":[],"categories":[19],"tags":[],"_links":{"self":[{"href":"https:\/\/gazdasagportal.hu\/index.php\/wp-json\/wp\/v2\/posts\/113467"}],"collection":[{"href":"https:\/\/gazdasagportal.hu\/index.php\/wp-json\/wp\/v2\/posts"}],"about":[{"href":"https:\/\/gazdasagportal.hu\/index.php\/wp-json\/wp\/v2\/types\/post"}],"author":[{"embeddable":true,"href":"https:\/\/gazdasagportal.hu\/index.php\/wp-json\/wp\/v2\/users\/1"}],"replies":[{"embeddable":true,"href":"https:\/\/gazdasagportal.hu\/index.php\/wp-json\/wp\/v2\/comments?post=113467"}],"version-history":[{"count":1,"href":"https:\/\/gazdasagportal.hu\/index.php\/wp-json\/wp\/v2\/posts\/113467\/revisions"}],"predecessor-version":[{"id":113468,"href":"https:\/\/gazdasagportal.hu\/index.php\/wp-json\/wp\/v2\/posts\/113467\/revisions\/113468"}],"wp:attachment":[{"href":"https:\/\/gazdasagportal.hu\/index.php\/wp-json\/wp\/v2\/media?parent=113467"}],"wp:term":[{"taxonomy":"category","embeddable":true,"href":"https:\/\/gazdasagportal.hu\/index.php\/wp-json\/wp\/v2\/categories?post=113467"},{"taxonomy":"post_tag","embeddable":true,"href":"https:\/\/gazdasagportal.hu\/index.php\/wp-json\/wp\/v2\/tags?post=113467"}],"curies":[{"name":"wp","href":"https:\/\/api.w.org\/{rel}","templated":true}]}}