{"id":113380,"date":"2019-02-05T17:24:51","date_gmt":"2019-02-05T16:24:51","guid":{"rendered":"http:\/\/gazdasagportal.hu\/?p=113380"},"modified":"2019-02-05T17:24:51","modified_gmt":"2019-02-05T16:24:51","slug":"csodeljarast-kert-maga-ellen-a-germania-nemet-legitarsasag","status":"publish","type":"post","link":"https:\/\/gazdasagportal.hu\/index.php\/csodeljarast-kert-maga-ellen-a-germania-nemet-legitarsasag\/","title":{"rendered":"Cs\u0151delj\u00e1r\u00e1st k\u00e9rt maga ellen a Germania n\u00e9met l\u00e9git\u00e1rsas\u00e1g"},"content":{"rendered":"<p><strong>Cs\u0151delj\u00e1r\u00e1st kezdem\u00e9nyezett maga ellen a Germania n\u00e9met l\u00e9git\u00e1rsas\u00e1g \u00e9s k\u00f6z\u00f6lte, hogy azonnali hat\u00e1llyal besz\u00fcnteti tev\u00e9kenys\u00e9g\u00e9t &#8211; jelentette be a c\u00e9g kedd hajnalban.<\/strong><!--more--><\/p>\n<div class=\"ads-in-post1\"><div id=\"gazdasagportal.hu_fullbanner_wideboard\"><\/div>\r\n<\/div>\n<p>    A berlini k\u00f6zpont\u00fa l\u00e9git\u00e1rsas\u00e1g mintegy 30 rep\u00fcl\u0151g\u00e9pet \u00fczemeltetett, ezer f\u0151t foglalkoztatott \u00e9s \u00e9vente 4 milli\u00f3 utast sz\u00e1ll\u00edtott. P\u00e9nz\u00fcgyi gondjai annyira s\u00falyoss\u00e1 v\u00e1ltak, hogy k\u00e9ptelen volt kifizetni a janu\u00e1ri b\u00e9reket.<br \/>\n    A n\u00e9met l\u00e9git\u00e1rsas\u00e1gok nagys\u00e1g szerinti sor\u00e1ban a negyedik helyen \u00e1ll\u00f3 v\u00e1llalat &#8222;el\u0151re nem l\u00e1tott k\u00f6r\u00fclm\u00e9nyekkel&#8221; indokolta cs\u0151dj\u00e9t, egyebek k\u00f6zt az \u00fczemanyag tart\u00f3s dr\u00e1gul\u00e1s\u00e1val a m\u00falt ny\u00e1ron, valamint az eur\u00f3 \u00e1rfolyamveszt\u00e9s\u00e9vel az amerikai doll\u00e1rral szemben.<br \/>\n    K\u00e9t le\u00e1nyv\u00e1llalat\u00e1t, a Germania Flug AG sv\u00e1jci l\u00e9git\u00e1rsas\u00e1got \u00e9s a Bulgarian Eagle bolg\u00e1r l\u00e9git\u00e1rsas\u00e1got nem \u00e9rinti az elj\u00e1r\u00e1s, a j\u00e1ratok az eredeti menetrend szerint k\u00f6zlekednek &#8211; k\u00f6z\u00f6lt\u00e9k.<br \/>\n    A legut\u00f3bbi hasonl\u00f3 n\u00e9metorsz\u00e1gi esettel, az Air Berlin l\u00e9git\u00e1rsas\u00e1g 2017 augusztus\u00e1ban bejelentett fizet\u00e9sk\u00e9ptelens\u00e9g\u00e9nek \u00fcgy\u00e9vel ellent\u00e9tben a Germani\u00e1t az \u00e1llam nem seg\u00edti ki hitellel. A korm\u00e1ny akkor azzal indokolta a k\u00f6lcs\u00f6nt, hogy az azonnali le\u00e1ll\u00e1s miatt sz\u00e1zezern\u00e9l is t\u00f6bb utaz\u00f3 rekedne t\u00e1voli \u00fcd\u00fcl\u0151helyeken. Az Air Berlin az \u00e1llami p\u00e9nzb\u0151l m\u00e9g eg\u00e9szen 2017 okt\u00f3ber\u00e9ig tudta \u00fczemeltetni j\u00e1ratait.<br \/>\n<div class=\"ads-in-post2\"><script async src=\"https:\/\/pagead2.googlesyndication.com\/pagead\/js\/adsbygoogle.js\"><\/script>\r\n<ins class=\"adsbygoogle\"\r\n     style=\"display:block\"\r\n     data-ad-format=\"fluid\"\r\n     data-ad-layout-key=\"-6t+ed+2i-1n-4w\"\r\n     data-ad-client=\"ca-pub-1959107119989764\"\r\n     data-ad-slot=\"4008251320\"><\/ins>\r\n<script>\r\n     (adsbygoogle = window.adsbygoogle || []).push({});\r\n<\/script><\/div>\n    A Germania sz\u00e1m\u00e1ra &#8222;pech, hogy most \u00e9ppen t\u00e9l van&#8221;, \u00e9s nem ny\u00e1ri turistaszezon &#8211; \u00edrta a Die Welt c\u00edm\u0171 lap a h\u00edrport\u00e1lj\u00e1n k\u00f6z\u00f6lt \u00f6ssze\u00e1ll\u00edt\u00e1s\u00e1ban.<br \/>\n    A Germania \u00fcgy\u00e9t a piacgazdas\u00e1gnak kell rendeznie, az \u00e1llamnak nincs tennival\u00f3ja &#8211; sz\u00f6gezte le keddi nyilatkozat\u00e1ban Peter Altmaier gazdas\u00e1gi miniszter. A siker \u00e9s a kudarc egyar\u00e1nt r\u00e9sze a piacgazdas\u00e1gnak, az \u00e1llam pedig nem menthet meg \u00f6nk\u00e9nyesen sikertelen v\u00e1llalatokat, mert az &#8222;az er\u0151forr\u00e1sok helytelen allok\u00e1ci\u00f3ja&#8221; volna, ami tetemes nemzetgazdas\u00e1gi k\u00f6lts\u00e9ggel j\u00e1r &#8211; fogalmazott.<br \/>\n    Kiemelte, hogy az Air Berlinnek ny\u00fajtott hitel sem a c\u00e9g megment\u00e9s\u00e9t szolg\u00e1lta, hanem az \u00f6nhib\u00e1jukon k\u00edv\u00fcl bajba ker\u00fclt utasok t\u00f6megeinek megseg\u00edt\u00e9s\u00e9t. A Germania eset\u00e9ben &#8222;j\u00f3val korl\u00e1tozottabb dimenzi\u00f3kr\u00f3l&#8221; van sz\u00f3 &#8211; utalt a miniszter arra, hogy az 1986-ban alap\u00edtott v\u00e1llalkoz\u00e1s sokkal kisebb m\u00e9ret\u0171, mint az Air Berlin, amelynek csaknem 150 rep\u00fcl\u0151g\u00e9pb\u0151l \u00e1ll\u00f3 flott\u00e1ja \u00e9s t\u00f6bb mint 8000 alkalmazottja volt.<br \/>\n    A Germania f\u0151leg utaz\u00e1si irod\u00e1k partnerek\u00e9nt, charterj\u00e1ratokat \u00fczemeltet\u0151 l\u00e9git\u00e1rsas\u00e1gk\u00e9nt volt ismert. Igyekezett m\u00e1s piaci r\u00e9sekbe is bet\u00f6rni, voltak p\u00e9ld\u00e1ul iraki \u00e9s ir\u00e1ni j\u00e1ratai.<br \/>\n    A fizet\u00e9sk\u00e9ptelens\u00e9g miatt valamennyi j\u00e1rat\u00e1t t\u00f6r\u00f6lt\u00e9k kedden, a berlini nemzetk\u00f6zi rep\u00fcl\u0151tereken 15 j\u00e1ratot, a d\u00fcsseldorfi rep\u00fcl\u0151t\u00e9ren 6 j\u00e1ratot. Az ARD orsz\u00e1gos k\u00f6ztelev\u00edzi\u00f3 \u00f6ssze\u00e1ll\u00edt\u00e1sa szerint kies\u00e9se f\u0151leg a kisebb n\u00e9metorsz\u00e1gi rep\u00fcl\u0151tereket, p\u00e9ld\u00e1ul Rostock, Erfurt \u00e9s Friedrichshagen rep\u00fcl\u0151ter\u00e9t \u00e9rinti \u00e9rz\u00e9kenyen.<br \/>\n    Az utaz\u00e1si irod\u00e1kn\u00e1l, szervezett utak r\u00e9szek\u00e9nt v\u00e1s\u00e1rolt jegyek eset\u00e9ben az irod\u00e1nak el kell juttatni az \u00e9rintetteket a c\u00e9l\u00e1llom\u00e1sra, az egy\u00e9nileg v\u00e1s\u00e1rolt jegyek tulajdonosainak viszont a saj\u00e1t k\u00f6lts\u00e9g\u00fckre, seg\u00edts\u00e9g n\u00e9lk\u00fcl kell megoldaniuk helyzet\u00fcket. T\u00f6bb n\u00e9met l\u00e9git\u00e1rsas\u00e1g, k\u00f6zt\u00fck a Lufthansa \u00e9s a Condor kedvezm\u00e9nyes jegyeket k\u00edn\u00e1l a Germania utasainak.(MTI)<\/p>\n","protected":false},"excerpt":{"rendered":"<p>Cs\u0151delj\u00e1r\u00e1st kezdem\u00e9nyezett maga ellen a Germania n\u00e9met l\u00e9git\u00e1rsas\u00e1g \u00e9s k\u00f6z\u00f6lte, hogy azonnali hat\u00e1llyal besz\u00fcnteti tev\u00e9kenys\u00e9g\u00e9t &#8211; jelentette be a c\u00e9g kedd hajnalban.<\/p>\n","protected":false},"author":1,"featured_media":0,"comment_status":"closed","ping_status":"open","sticky":false,"template":"","format":"standard","meta":[],"categories":[8],"tags":[],"_links":{"self":[{"href":"https:\/\/gazdasagportal.hu\/index.php\/wp-json\/wp\/v2\/posts\/113380"}],"collection":[{"href":"https:\/\/gazdasagportal.hu\/index.php\/wp-json\/wp\/v2\/posts"}],"about":[{"href":"https:\/\/gazdasagportal.hu\/index.php\/wp-json\/wp\/v2\/types\/post"}],"author":[{"embeddable":true,"href":"https:\/\/gazdasagportal.hu\/index.php\/wp-json\/wp\/v2\/users\/1"}],"replies":[{"embeddable":true,"href":"https:\/\/gazdasagportal.hu\/index.php\/wp-json\/wp\/v2\/comments?post=113380"}],"version-history":[{"count":1,"href":"https:\/\/gazdasagportal.hu\/index.php\/wp-json\/wp\/v2\/posts\/113380\/revisions"}],"predecessor-version":[{"id":113381,"href":"https:\/\/gazdasagportal.hu\/index.php\/wp-json\/wp\/v2\/posts\/113380\/revisions\/113381"}],"wp:attachment":[{"href":"https:\/\/gazdasagportal.hu\/index.php\/wp-json\/wp\/v2\/media?parent=113380"}],"wp:term":[{"taxonomy":"category","embeddable":true,"href":"https:\/\/gazdasagportal.hu\/index.php\/wp-json\/wp\/v2\/categories?post=113380"},{"taxonomy":"post_tag","embeddable":true,"href":"https:\/\/gazdasagportal.hu\/index.php\/wp-json\/wp\/v2\/tags?post=113380"}],"curies":[{"name":"wp","href":"https:\/\/api.w.org\/{rel}","templated":true}]}}