{"id":113378,"date":"2019-02-05T17:08:46","date_gmt":"2019-02-05T16:08:46","guid":{"rendered":"http:\/\/gazdasagportal.hu\/?p=113378"},"modified":"2019-02-05T17:08:46","modified_gmt":"2019-02-05T16:08:46","slug":"parragh-laszlo-nem-lesz-messze-az-idei-gdp-novekedes-a-4-szazalektol","status":"publish","type":"post","link":"https:\/\/gazdasagportal.hu\/index.php\/parragh-laszlo-nem-lesz-messze-az-idei-gdp-novekedes-a-4-szazalektol\/","title":{"rendered":"Parragh L\u00e1szl\u00f3: nem lesz messze az idei GDP-n\u00f6veked\u00e9s a 4 sz\u00e1zal\u00e9kt\u00f3l"},"content":{"rendered":"<p><strong>Az idei gazdas\u00e1gi (GDP) n\u00f6veked\u00e9s nem lesz messze a 4 sz\u00e1zal\u00e9kt\u00f3l &#8211; mondta a Magyar Kereskedelmi \u00e9s Iparkamara eln\u00f6ke kedden B\u00e9k\u00e9scsab\u00e1n, a megyei kamara \u00e9vadnyit\u00f3 gazdas\u00e1gpolitikai f\u00f3ruma el\u0151tt az MTI \u00e9rdekl\u0151d\u00e9s\u00e9re.<\/strong><!--more--><\/p>\n<div class=\"ads-in-post1\"><div id=\"gazdasagportal.hu_fullbanner_wideboard\"><\/div>\r\n<\/div>\n<p>    Parragh L\u00e1szl\u00f3 az infl\u00e1ci\u00f3 alakul\u00e1s\u00e1r\u00f3l hozz\u00e1tette: az infl\u00e1ci\u00f3 v\u00e1rhat\u00f3an magasabb lesz, mint amivel a d\u00f6nt\u00e9shoz\u00f3k sz\u00e1moltak. &#8222;N\u00e9gy sz\u00e1zal\u00e9k k\u00f6zelire becs\u00fcl\u00f6m&#8221; &#8211; tette hozz\u00e1.<br \/>\n    Az eln\u00f6k szerint a magasabb infl\u00e1ci\u00f3t a b\u00e9rki\u00e1raml\u00e1s okozhatja, mert v\u00e1rakoz\u00e1sa szerint er\u0151teljes b\u00e9rnyom\u00e1s lesz a gazdas\u00e1gon. A magasabb b\u00e9rki\u00e1raml\u00e1s \u00f6szt\u00f6nzi majd a fogyaszt\u00e1st \u00e9s a megtakar\u00edt\u00e1st &#8211; k\u00f6z\u00f6lte.<br \/>\n    A kamara eln\u00f6ke \u00fagy v\u00e9li, hogy kiemelten kell kezelni a vil\u00e1g v\u00e1ltoz\u00e1saihoz, p\u00e9ld\u00e1ul a digit\u00e1lis \u00e1talakul\u00e1shoz val\u00f3 igazod\u00e1st, a k\u00e9pz\u00e9s feler\u0151s\u00edt\u00e9s\u00e9t, a finansz\u00edroz\u00e1si forr\u00e1soknak a fenntart\u00e1s\u00e1t, \u00e9s \u00e1ltal\u00e1ban a modern technol\u00f3gi\u00e1knak a gazdas\u00e1gba val\u00f3 beemel\u00e9s\u00e9t.<br \/>\n    A kamara eln\u00f6ke sz\u00f3lt az \u00e1llam \u00e9s az \u00f6nkorm\u00e1nyzatok &#8222;\u00f6nmegtart\u00f3ztat\u00e1s\u00e1r\u00f3l&#8221; is. Mint mondta, fontos k\u00e9rd\u00e9s, hogy a k\u00e9t szektor hogyan tud k\u00f6lts\u00e9gk\u00edm\u00e9l\u0151en m\u0171k\u00f6dni, olcs\u00f3bban, hat\u00e9konyabban tev\u00e9kenykedni, hogy a teher min\u00e9l kisebb legyen az \u00e9rt\u00e9kteremt\u0151 szf\u00e9r\u00e1n, a munkaad\u00f3kon \u00e9s a munkav\u00e1llal\u00f3kon.<br \/>\n<div class=\"ads-in-post2\"><script async src=\"https:\/\/pagead2.googlesyndication.com\/pagead\/js\/adsbygoogle.js\"><\/script>\r\n<ins class=\"adsbygoogle\"\r\n     style=\"display:block\"\r\n     data-ad-format=\"fluid\"\r\n     data-ad-layout-key=\"-6t+ed+2i-1n-4w\"\r\n     data-ad-client=\"ca-pub-1959107119989764\"\r\n     data-ad-slot=\"4008251320\"><\/ins>\r\n<script>\r\n     (adsbygoogle = window.adsbygoogle || []).push({});\r\n<\/script><\/div>\n    A gazdas\u00e1gpolitikai f\u00f3rumon bemutatt\u00e1k a TOP 100 c\u00edm\u0171, B\u00e9k\u00e9s megye gazdas\u00e1g\u00e1t elemz\u0151 kiadv\u00e1nyt, amely a megyei kamara, a Nemzeti Ad\u00f3 \u00e9s V\u00e1mhivatal \u00e9s a K\u00f6zponti Statisztikai Hivatal munkat\u00e1rsainak k\u00f6zrem\u0171k\u00f6d\u00e9s\u00e9vel k\u00e9sz\u00fclt. Az elemz\u00e9s szerint B\u00e9k\u00e9s megye legnagyobb v\u00e1llalkoz\u00e1sa a Linamar Hungary Zrt. volt 2017-ben n\u00e9mileg t\u00f6bb mint 50 milli\u00e1rd forintr\u00f3l csaknem 59 milli\u00e1rd forintra emelte \u00e1rbev\u00e9tel\u00e9t az el\u0151z\u0151 esztend\u0151h\u00f6z k\u00e9pest, ami 16,7 sz\u00e1zal\u00e9kos n\u00f6veked\u00e9s. Ad\u00f3z\u00e1s el\u0151tti eredm\u00e9nye 3,55 milli\u00e1rd forint volt. M\u00e1sodik helyen a Gallicoop Zrt. v\u00e9gzett 30,064 milli\u00e1rd forintos \u00e1rbev\u00e9tellel (2017), a c\u00e9g nyeres\u00e9ge megk\u00f6zel\u00edtette az egy milli\u00e1rd forintot.(MTI)<\/p>\n","protected":false},"excerpt":{"rendered":"<p>Az idei gazdas\u00e1gi (GDP) n\u00f6veked\u00e9s nem lesz messze a 4 sz\u00e1zal\u00e9kt\u00f3l &#8211; mondta a Magyar Kereskedelmi \u00e9s Iparkamara eln\u00f6ke kedden B\u00e9k\u00e9scsab\u00e1n, a megyei kamara \u00e9vadnyit\u00f3 gazdas\u00e1gpolitikai f\u00f3ruma el\u0151tt az MTI \u00e9rdekl\u0151d\u00e9s\u00e9re.<\/p>\n","protected":false},"author":1,"featured_media":0,"comment_status":"closed","ping_status":"open","sticky":false,"template":"","format":"standard","meta":[],"categories":[19],"tags":[],"_links":{"self":[{"href":"https:\/\/gazdasagportal.hu\/index.php\/wp-json\/wp\/v2\/posts\/113378"}],"collection":[{"href":"https:\/\/gazdasagportal.hu\/index.php\/wp-json\/wp\/v2\/posts"}],"about":[{"href":"https:\/\/gazdasagportal.hu\/index.php\/wp-json\/wp\/v2\/types\/post"}],"author":[{"embeddable":true,"href":"https:\/\/gazdasagportal.hu\/index.php\/wp-json\/wp\/v2\/users\/1"}],"replies":[{"embeddable":true,"href":"https:\/\/gazdasagportal.hu\/index.php\/wp-json\/wp\/v2\/comments?post=113378"}],"version-history":[{"count":1,"href":"https:\/\/gazdasagportal.hu\/index.php\/wp-json\/wp\/v2\/posts\/113378\/revisions"}],"predecessor-version":[{"id":113379,"href":"https:\/\/gazdasagportal.hu\/index.php\/wp-json\/wp\/v2\/posts\/113378\/revisions\/113379"}],"wp:attachment":[{"href":"https:\/\/gazdasagportal.hu\/index.php\/wp-json\/wp\/v2\/media?parent=113378"}],"wp:term":[{"taxonomy":"category","embeddable":true,"href":"https:\/\/gazdasagportal.hu\/index.php\/wp-json\/wp\/v2\/categories?post=113378"},{"taxonomy":"post_tag","embeddable":true,"href":"https:\/\/gazdasagportal.hu\/index.php\/wp-json\/wp\/v2\/tags?post=113378"}],"curies":[{"name":"wp","href":"https:\/\/api.w.org\/{rel}","templated":true}]}}