{"id":113374,"date":"2019-02-05T14:23:30","date_gmt":"2019-02-05T13:23:30","guid":{"rendered":"http:\/\/gazdasagportal.hu\/?p=113374"},"modified":"2019-02-05T14:23:30","modified_gmt":"2019-02-05T13:23:30","slug":"budapestre-helyezi-at-szekhelyet-a-nemzetkozi-beruhazasi-bank","status":"publish","type":"post","link":"https:\/\/gazdasagportal.hu\/index.php\/budapestre-helyezi-at-szekhelyet-a-nemzetkozi-beruhazasi-bank\/","title":{"rendered":"Budapestre helyezi \u00e1t sz\u00e9khely\u00e9t a Nemzetk\u00f6zi Beruh\u00e1z\u00e1si Bank"},"content":{"rendered":"<p><strong>A Nemzetk\u00f6zi Beruh\u00e1z\u00e1si Bank (NBB) sz\u00e9khely\u00e9nek \u00e1thelyez\u00e9se Magyarorsz\u00e1gra tov\u00e1bb er\u0151s\u00edti Magyarorsz\u00e1g \u00e9s Budapest nemzetk\u00f6zi p\u00e9nz\u00fcgyi k\u00f6zponti szerep\u00e9t &#8211; hangs\u00falyozta Varga Mih\u00e1ly p\u00e9nz\u00fcgyminiszter azt k\u00f6vet\u0151en, hogy Nyikolaj Koszovval, a nemzetk\u00f6zi p\u00e9nzint\u00e9zet eln\u00f6k\u00e9vel al\u00e1\u00edrta az err\u0151l sz\u00f3l\u00f3 egyezm\u00e9nyt kedden Budapesten.<\/strong><!--more--><\/p>\n<div class=\"ads-in-post1\"><div id=\"gazdasagportal.hu_fullbanner_wideboard\"><\/div>\r\n<\/div>\n<p>    A p\u00e9nz\u00fcgyminiszter kiemelte: a bank sz\u00e9khely\u00e9nek \u00e1thelyez\u00e9s\u00e9r\u0151l sz\u00f3l\u00f3 d\u00f6nt\u00e9s sz\u00e1mos el\u0151nnyel j\u00e1r mind a nemzetk\u00f6zi p\u00e9nzint\u00e9zet, mind Magyarorsz\u00e1g sz\u00e1m\u00e1ra, kedvez\u0151 a bank r\u00e9szv\u00e9nyeseinek, ezzel p\u00e1rhuzamosan \u00faj lehet\u0151s\u00e9geket teremt a magyar p\u00e9nz\u00fcgyi \u00e9s gazdas\u00e1gi \u00e9let szerepl\u0151inek is.<br \/>\n    A t\u00e1rcavezet\u0151 r\u00e1mutatott: a bank Magyarorsz\u00e1gon megny\u00edl\u00f3 \u00faj k\u00f6zpontj\u00e1nak l\u00e9trehoz\u00e1s\u00e1val az NBB hat\u00e9konyabban kapcsol\u00f3dhat be az eur\u00f3pai p\u00e9nz\u00fcgyi-gazdas\u00e1gi \u00e9letbe, sz\u00e9lesk\u00f6r\u0171 kapcsolatrendszert \u00e9p\u00edthet ki az eur\u00f3pai p\u00e9nzint\u00e9zetekkel \u00e9s m\u00e1s nemzetk\u00f6zi fejleszt\u00e9si bankokkal. Mindezek r\u00e9v\u00e9n a bank jelent\u0151s szerepl\u0151j\u00e9v\u00e9 v\u00e1lhat a k\u00f6z\u00e9p-eur\u00f3pai beruh\u00e1z\u00e1soknak, a v\u00e1llalati hitelez\u00e9snek \u00e9s \u00edgy a nemzetk\u00f6zi p\u00e9nz\u00fcgyi \u00e9letnek is &#8211; jelezte Varga Mih\u00e1ly.<br \/>\n    A p\u00e9nz\u00fcgyminiszter r\u00e1mutatott: az NBB sz\u00e9khely\u00e9nek \u00e1thelyez\u00e9se egy 2015 \u00f3ta tart\u00f3 folyamat eredm\u00e9nye, amelynek sor\u00e1n 2015-ben Magyarorsz\u00e1g mind a bank, mind az orsz\u00e1g sz\u00e1m\u00e1ra el\u0151ny\u00f6s m\u00f3don meg\u00faj\u00edtotta tags\u00e1g\u00e1t, azaz r\u00e9szv\u00e9nyess\u00e9 v\u00e1lt a nemzetk\u00f6zi p\u00e9nzint\u00e9zetben, s\u0151t, m\u00e1ra a bank harmadik legnagyobb r\u00e9szv\u00e9nyese lett.<br \/>\n    Varga Mih\u00e1ly jelezte: az elm\u00falt id\u0151szakban a t\u00f6bbi tag\u00e1llammal egy\u00fctt, a bank vezet\u00e9s\u00e9nek akt\u00edv r\u00e9szv\u00e9tel\u00e9vel, \u00faj strat\u00e9giai c\u00e9lokat t\u0171ztek ki, amelyek egy korszer\u0171, a XXI. sz\u00e1zad k\u00f6vetelm\u00e9nyeinek megfelel\u0151 nemzetk\u00f6zi fejleszt\u00e9si p\u00e9nzint\u00e9zet kialak\u00edt\u00e1s\u00e1t fogalmazt\u00e1k meg a bank vezet\u00e9se sz\u00e1m\u00e1ra.<br \/>\n<div class=\"ads-in-post2\"><script async src=\"https:\/\/pagead2.googlesyndication.com\/pagead\/js\/adsbygoogle.js\"><\/script>\r\n<ins class=\"adsbygoogle\"\r\n     style=\"display:block\"\r\n     data-ad-format=\"fluid\"\r\n     data-ad-layout-key=\"-6t+ed+2i-1n-4w\"\r\n     data-ad-client=\"ca-pub-1959107119989764\"\r\n     data-ad-slot=\"4008251320\"><\/ins>\r\n<script>\r\n     (adsbygoogle = window.adsbygoogle || []).push({});\r\n<\/script><\/div>\n    Varga Mih\u00e1ly eml\u00e9keztetett arra: a d\u00f6nt\u00e9sr\u0151l a legmagasabb szinten, Vlagyimir Putyin orosz eln\u00f6k \u00e9s Orb\u00e1n Viktor minisztereln\u00f6k tal\u00e1lkoz\u00f3j\u00e1n egyeztettek. R\u00e1mutatott: a szerz\u0151d\u00e9s keddi \u00fcnnep\u00e9lyes al\u00e1\u00edr\u00e1s\u00e1val veszi kezdet\u00e9t az a folyamat, amelynek sor\u00e1n az NBB a sz\u00e9khely\u00e9t Moszkv\u00e1b\u00f3l Budapestre helyezi \u00e1t.<br \/>\n    Azzal, hogy az NBB k\u00f6zpontja a j\u00f6v\u0151ben Budapesten lesz, egy fontos multilater\u00e1lis int\u00e9zm\u00e9ny gazdag\u00edtja majd a &#8222;magyar p\u00e9nz\u00fcgyi palett\u00e1t&#8221; &#8211; emelte ki a p\u00e9nz\u00fcgyminiszter.<br \/>\n    Varga Mih\u00e1ly logikus l\u00e9p\u00e9snek nevezte, hogy egy terjeszked\u0151 szakaszban l\u00e9v\u0151 nemzetk\u00f6zi fejleszt\u00e9si bank Magyarorsz\u00e1gon v\u00e1laszt \u00faj sz\u00e9khelyet, amely megfelel\u0151 m\u0171k\u00f6d\u00e9si k\u00f6rnyezetet, magas \u00fctem\u0171 \u00e9s fenntarthat\u00f3 gazdas\u00e1gi n\u00f6veked\u00e9st k\u00edn\u00e1l.<br \/>\n    A p\u00e9nzint\u00e9zet magasan k\u00e9pzett p\u00e9nz\u00fcgyi szakembereket fog Magyarorsz\u00e1gra hozni, illetve itt tartani, emellett el\u0151seg\u00edtheti a hazai v\u00e1llalatok nemzetk\u00f6zi piacra jut\u00e1s\u00e1t is &#8211; tette hozz\u00e1 a p\u00e9nz\u00fcgyminiszter. Kiemelte, hogy jelenleg \u00f6t nagy nemzetk\u00f6zi fejleszt\u00e9si bank sz\u00e9khelye tal\u00e1lhat\u00f3 az Eur\u00f3pai Uni\u00f3 ter\u00fclet\u00e9n, de egyik sem a k\u00f6z\u00e9p-eur\u00f3pai r\u00e9gi\u00f3ban, \u00edgy az NBB sz\u00e9khely\u00e9nek Budapestre k\u00f6lt\u00f6z\u00e9se jelent\u0151s el\u0151rel\u00e9p\u00e9s \u00e9s elismer\u00e9s a magyar gazdas\u00e1gpolitika sz\u00e1m\u00e1ra.<br \/>\n    Nyikolaj Koszov, a bank eln\u00f6ke a p\u00e9nzint\u00e9zet Budapestre k\u00f6lt\u00f6z\u00e9s\u00e9t t\u00f6rt\u00e9nelmi jelent\u0151s\u00e9g\u0171 l\u00e9p\u00e9snek nevezte. Elmondta: a r\u00e9szv\u00e9nyesek az\u00e9rt is d\u00f6nt\u00f6ttek a Budapestre k\u00f6lt\u00f6z\u00e9s mellett, mert a magyarorsz\u00e1gi sz\u00e9khely lehet\u0151s\u00e9get biztos\u00edt a nemzetk\u00f6zi bank sz\u00e1m\u00e1ra, hogy tov\u00e1bbfejlessze a nemzetk\u00f6zi p\u00e9nz\u00fcgyi partnerekkel az egy\u00fcttm\u0171k\u00f6d\u00e9s\u00e9t, tov\u00e1bbi forr\u00e1sokat biztos\u00edtson tev\u00e9kenys\u00e9g\u00e9hez \u00e9s n\u00f6velje a hitelmin\u0151s\u00edt\u0151k bizalm\u00e1t.<br \/>\n    Nyikolaj Koszov elmondta: a bank az elm\u00falt 3 \u00e9v alatt 100 milli\u00f3 eur\u00f3 hitelt helyezett ki a magyar gazdas\u00e1gba.<br \/>\n    A rendezv\u00e9nyen kiosztott, angol nyelv\u0171 h\u00e1tt\u00e9ranyagb\u00f3l kider\u00fclt: az NBB tavalyi m\u00e9rlegf\u0151\u00f6sszege mintegy 1,2 milli\u00e1rd eur\u00f3 volt, szemben a 2017. \u00e9vi k\u00f6zel 1,1 milli\u00e1rddal. Ezzel p\u00e1rhuzamosan a nemzetk\u00f6zi bank nett\u00f3 hitel\u00e1llom\u00e1nya a 2017-es 664 milli\u00f3 eur\u00f3r\u00f3l 2018-ban 753 milli\u00f3 eur\u00f3ra b\u0151v\u00fclt.<br \/>\n    A tervek szerint az NBB a m\u00e9rlegf\u0151\u00f6sszeg\u00e9t 2022 v\u00e9g\u00e9re 1,7 milli\u00e1rd, a nett\u00f3 hitelportf\u00f3li\u00f3j\u00e1t 1,2 milli\u00e1rd eur\u00f3ra szeretn\u00e9 n\u00f6velni.(MTI)<\/p>\n","protected":false},"excerpt":{"rendered":"<p>A Nemzetk\u00f6zi Beruh\u00e1z\u00e1si Bank (NBB) sz\u00e9khely\u00e9nek \u00e1thelyez\u00e9se Magyarorsz\u00e1gra tov\u00e1bb er\u0151s\u00edti Magyarorsz\u00e1g \u00e9s Budapest nemzetk\u00f6zi p\u00e9nz\u00fcgyi k\u00f6zponti szerep\u00e9t &#8211; hangs\u00falyozta Varga Mih\u00e1ly p\u00e9nz\u00fcgyminiszter azt k\u00f6vet\u0151en, hogy Nyikolaj Koszovval, a nemzetk\u00f6zi p\u00e9nzint\u00e9zet eln\u00f6k\u00e9vel al\u00e1\u00edrta az err\u0151l sz\u00f3l\u00f3 egyezm\u00e9nyt kedden Budapesten.<\/p>\n","protected":false},"author":1,"featured_media":0,"comment_status":"closed","ping_status":"open","sticky":false,"template":"","format":"standard","meta":[],"categories":[4,19],"tags":[],"_links":{"self":[{"href":"https:\/\/gazdasagportal.hu\/index.php\/wp-json\/wp\/v2\/posts\/113374"}],"collection":[{"href":"https:\/\/gazdasagportal.hu\/index.php\/wp-json\/wp\/v2\/posts"}],"about":[{"href":"https:\/\/gazdasagportal.hu\/index.php\/wp-json\/wp\/v2\/types\/post"}],"author":[{"embeddable":true,"href":"https:\/\/gazdasagportal.hu\/index.php\/wp-json\/wp\/v2\/users\/1"}],"replies":[{"embeddable":true,"href":"https:\/\/gazdasagportal.hu\/index.php\/wp-json\/wp\/v2\/comments?post=113374"}],"version-history":[{"count":1,"href":"https:\/\/gazdasagportal.hu\/index.php\/wp-json\/wp\/v2\/posts\/113374\/revisions"}],"predecessor-version":[{"id":113375,"href":"https:\/\/gazdasagportal.hu\/index.php\/wp-json\/wp\/v2\/posts\/113374\/revisions\/113375"}],"wp:attachment":[{"href":"https:\/\/gazdasagportal.hu\/index.php\/wp-json\/wp\/v2\/media?parent=113374"}],"wp:term":[{"taxonomy":"category","embeddable":true,"href":"https:\/\/gazdasagportal.hu\/index.php\/wp-json\/wp\/v2\/categories?post=113374"},{"taxonomy":"post_tag","embeddable":true,"href":"https:\/\/gazdasagportal.hu\/index.php\/wp-json\/wp\/v2\/tags?post=113374"}],"curies":[{"name":"wp","href":"https:\/\/api.w.org\/{rel}","templated":true}]}}