{"id":113364,"date":"2019-02-05T10:58:12","date_gmt":"2019-02-05T09:58:12","guid":{"rendered":"http:\/\/gazdasagportal.hu\/?p=113364"},"modified":"2019-02-05T10:58:12","modified_gmt":"2019-02-05T09:58:12","slug":"kozel-50-millio-eurot-kovetel-egyes-tehergepjarmu-gyartoktol-a-waberers","status":"publish","type":"post","link":"https:\/\/gazdasagportal.hu\/index.php\/kozel-50-millio-eurot-kovetel-egyes-tehergepjarmu-gyartoktol-a-waberers\/","title":{"rendered":"K\u00f6zel 50 milli\u00f3 eur\u00f3t k\u00f6vetel egyes teherg\u00e9pj\u00e1rm\u0171 gy\u00e1rt\u00f3kt\u00f3l a Waberer&#8217;s"},"content":{"rendered":"<p><strong>A Waberer&#8217;s International Nyrt. 36,4 milli\u00f3 eur\u00f3 k\u00e1rt\u00e9r\u00edt\u00e9st \u00e9s 11,3 milli\u00f3 eur\u00f3nyi kamatot k\u00f6vetel azokt\u00f3l a teherg\u00e9pj\u00e1rm\u0171-gy\u00e1rt\u00f3kt\u00f3l, akik ellen m\u00e9g 2017-ben ny\u00fajtott be keresetet a m\u00fcncheni helyi b\u00edr\u00f3s\u00e1gn\u00e1l &#8211; k\u00f6z\u00f6lte a v\u00e1llalat kedden a Budapesti \u00c9rt\u00e9kt\u0151zsde (B\u00c9T) honlapj\u00e1n. <\/strong><!--more--><\/p>\n<div class=\"ads-in-post1\"><div id=\"gazdasagportal.hu_fullbanner_wideboard\"><\/div>\r\n<\/div>\n<p>    A Waberer&#8217;s az Eur\u00f3pai Gazdas\u00e1gi T\u00e9rs\u00e9gben megval\u00f3sult versenyellenes, f\u0151leg k\u00f6zepes \u00e9s neh\u00e9z teherg\u00e9pj\u00e1rm\u0171veket \u00e9rint\u0151, \u00f6sszehangolt \u00e1raz\u00e1s miatt 2017 j\u00falius\u00e1ban beny\u00fajtott meg\u00e1llap\u00edt\u00e1si keresetet alak\u00edtja teljesk\u00f6r\u0171 keresett\u00e9.<br \/>\n    A v\u00e1llalat keddi k\u00f6zlem\u00e9nye szerint a kereset \u00f6sszegszer\u0171s\u00e9g\u00e9nek alapj\u00e1ul egy versenyjogi k\u00f6zgazd\u00e1sz \u00e1ltal &#8211; a teherg\u00e9pj\u00e1rm\u0171 kartell t\u00fal\u00e1raz\u00e1s\u00e1nak m\u00e9rt\u00e9k\u00e9r\u0151l &#8211; k\u00e9sz\u00edtett r\u00e9szletes k\u00e1rszak\u00e9rt\u0151i v\u00e9lem\u00e9ny szolg\u00e1l.<br \/>\n    K\u00f6z\u00f6lt\u00e9k: az alperesek \u00e9rdemi ellenk\u00e9relm\u00fckben a b\u00edr\u00f3s\u00e1gt\u00f3l a kereset elutas\u00edt\u00e1s\u00e1t k\u00e9rik.<br \/>\n    A peres elj\u00e1r\u00e1ssal kapcsolatos r\u00e9szleteket a Waberer&#8217;s a peres elj\u00e1r\u00e1s kezdem\u00e9nyez\u00e9s\u00e9nek napj\u00e1n tette k\u00f6zz\u00e9 a honlapj\u00e1n &#8211; \u00edrt\u00e1k.<br \/>\n<div class=\"ads-in-post2\"><script async src=\"https:\/\/pagead2.googlesyndication.com\/pagead\/js\/adsbygoogle.js\"><\/script>\r\n<ins class=\"adsbygoogle\"\r\n     style=\"display:block\"\r\n     data-ad-format=\"fluid\"\r\n     data-ad-layout-key=\"-6t+ed+2i-1n-4w\"\r\n     data-ad-client=\"ca-pub-1959107119989764\"\r\n     data-ad-slot=\"4008251320\"><\/ins>\r\n<script>\r\n     (adsbygoogle = window.adsbygoogle || []).push({});\r\n<\/script><\/div>\n    A Waberer&#8217;s kor\u00e1bban azt is k\u00f6z\u00f6lte, hogy a logisztikai \u00e9s fuvaroz\u00f3 c\u00e9gnek jelent\u0151s k\u00e1rt okozhatott az Eur\u00f3pai Uni\u00f3 versenyjog\u00e1nak megs\u00e9rt\u00e9se. A Waberer&#8217;s \u00e9s annak jogel\u0151dei 1997 janu\u00e1rj\u00e1t\u00f3l kezd\u0151d\u0151en t\u00f6bb ezer kamiont l\u00edzingeltek \u00e9s v\u00e1s\u00e1roltak k\u00fcl\u00f6nb\u00f6z\u0151 kartellek r\u00e9szvev\u0151it\u0151l. Az eredeti keresetben a Waberer&#8217;s hivatkozik az Eur\u00f3pai Bizotts\u00e1g 2016. j\u00falius 19. napj\u00e1n hozott hat\u00e1rozat\u00e1ra, amellyel rekord \u00f6sszeg\u0171 b\u00edrs\u00e1got szabott ki  a MAN, a Volvo\/Renault, a Daimler (Mercedes), az Iveco \u00e9s a DAF teherg\u00e9pj\u00e1rm\u0171 gy\u00e1rt\u00f3kra amiatt, hogy kartell keret\u00e9ben \u00f6sszehangolt\u00e1k a nagykereskedelmi lista\u00e1rakat, az \u00faj emisszi\u00f3s technol\u00f3gi\u00e1k bevezet\u00e9s\u00e9nek id\u0151z\u00edt\u00e9s\u00e9t, valamint ezek k\u00f6lts\u00e9geinek vev\u0151kre t\u00f6rt\u00e9n\u0151 \u00e1th\u00e1r\u00edt\u00e1s\u00e1t.<br \/>\n    Kereset\u00e9ben a Waberer&#8217;s hivatkozik arra is, hogy az Eur\u00f3pai Bizotts\u00e1g hat\u00e1rozata k\u00f6telez\u0151 erej\u0171 bizony\u00edt\u00e9kk\u00e9nt szolg\u00e1l a tag\u00e1llami b\u00edr\u00f3s\u00e1gok sz\u00e1m\u00e1ra arra vonatkoz\u00f3an, hogy a versenyellenes magatart\u00e1s megval\u00f3sult \u00e9s jogellenesnek tekintend\u0151.(MTI)<\/p>\n","protected":false},"excerpt":{"rendered":"<p>A Waberer&#8217;s International Nyrt. 36,4 milli\u00f3 eur\u00f3 k\u00e1rt\u00e9r\u00edt\u00e9st \u00e9s 11,3 milli\u00f3 eur\u00f3nyi kamatot k\u00f6vetel azokt\u00f3l a teherg\u00e9pj\u00e1rm\u0171-gy\u00e1rt\u00f3kt\u00f3l, akik ellen m\u00e9g 2017-ben ny\u00fajtott be keresetet a m\u00fcncheni helyi b\u00edr\u00f3s\u00e1gn\u00e1l &#8211; k\u00f6z\u00f6lte a v\u00e1llalat kedden a Budapesti \u00c9rt\u00e9kt\u0151zsde (B\u00c9T) honlapj\u00e1n.<\/p>\n","protected":false},"author":1,"featured_media":94569,"comment_status":"closed","ping_status":"open","sticky":false,"template":"","format":"standard","meta":[],"categories":[146,7],"tags":[],"_links":{"self":[{"href":"https:\/\/gazdasagportal.hu\/index.php\/wp-json\/wp\/v2\/posts\/113364"}],"collection":[{"href":"https:\/\/gazdasagportal.hu\/index.php\/wp-json\/wp\/v2\/posts"}],"about":[{"href":"https:\/\/gazdasagportal.hu\/index.php\/wp-json\/wp\/v2\/types\/post"}],"author":[{"embeddable":true,"href":"https:\/\/gazdasagportal.hu\/index.php\/wp-json\/wp\/v2\/users\/1"}],"replies":[{"embeddable":true,"href":"https:\/\/gazdasagportal.hu\/index.php\/wp-json\/wp\/v2\/comments?post=113364"}],"version-history":[{"count":1,"href":"https:\/\/gazdasagportal.hu\/index.php\/wp-json\/wp\/v2\/posts\/113364\/revisions"}],"predecessor-version":[{"id":113365,"href":"https:\/\/gazdasagportal.hu\/index.php\/wp-json\/wp\/v2\/posts\/113364\/revisions\/113365"}],"wp:featuredmedia":[{"embeddable":true,"href":"https:\/\/gazdasagportal.hu\/index.php\/wp-json\/wp\/v2\/media\/94569"}],"wp:attachment":[{"href":"https:\/\/gazdasagportal.hu\/index.php\/wp-json\/wp\/v2\/media?parent=113364"}],"wp:term":[{"taxonomy":"category","embeddable":true,"href":"https:\/\/gazdasagportal.hu\/index.php\/wp-json\/wp\/v2\/categories?post=113364"},{"taxonomy":"post_tag","embeddable":true,"href":"https:\/\/gazdasagportal.hu\/index.php\/wp-json\/wp\/v2\/tags?post=113364"}],"curies":[{"name":"wp","href":"https:\/\/api.w.org\/{rel}","templated":true}]}}