{"id":113287,"date":"2019-02-01T12:54:50","date_gmt":"2019-02-01T11:54:50","guid":{"rendered":"http:\/\/gazdasagportal.hu\/?p=113287"},"modified":"2019-02-01T12:26:03","modified_gmt":"2019-02-01T11:26:03","slug":"masfel-milliard-forintbol-epitenek-uj-uzemet-kinai-befektetok-kenderesen","status":"publish","type":"post","link":"https:\/\/gazdasagportal.hu\/index.php\/masfel-milliard-forintbol-epitenek-uj-uzemet-kinai-befektetok-kenderesen\/","title":{"rendered":"M\u00e1sf\u00e9l milli\u00e1rd forintb\u00f3l \u00e9p\u00edtenek \u00faj \u00fczemet k\u00ednai befektet\u0151k Kenderesen"},"content":{"rendered":"<p><strong>M\u00e1sf\u00e9l milli\u00e1rd forintb\u00f3l \u00e9p\u00edtenek \u00faj, h\u00e1zgy\u00e1ri elemeket gy\u00e1rt\u00f3 \u00fczemet k\u00ednai befektet\u0151k Kenderesen a k\u00f6zelj\u00f6v\u0151ben, a beruh\u00e1z\u00e1s kezdetben sz\u00e1z \u00faj munkahelyet teremt &#8211; k\u00f6z\u00f6lte a J\u00e1sz-Nagykun-Szolnok megyei telep\u00fcl\u00e9s polg\u00e1rmestere p\u00e9nteken az MTI-vel.<\/strong><!--more--><\/p>\n<div class=\"ads-in-post1\"><div id=\"gazdasagportal.hu_fullbanner_wideboard\"><\/div>\r\n<\/div>\n<p>    P\u00e1d\u00e1r L\u00e1szl\u00f3n\u00e9 (Fidesz-KDNP) elmondta: a t\u00e1rgyal\u00e1sok f\u00e9l \u00e9vvel ezel\u0151tt kezd\u0151dtek, a beruh\u00e1z\u00e1sr\u00f3l sz\u00f3l\u00f3 egy\u00fcttm\u0171k\u00f6d\u00e9si meg\u00e1llapod\u00e1st \u00e9s b\u00e9rleti el\u0151szerz\u0151d\u00e9st cs\u00fct\u00f6rt\u00f6k\u00f6n \u00edrt\u00e1k al\u00e1 a t\u00f6bb mint n\u00e9gy \u00e9s f\u00e9lezer lakos\u00fa kisv\u00e1rosban. K\u00ednai r\u00e9szr\u0151l a CITIC befektet\u00e9si alapkezel\u0151 \u00edrta al\u00e1 a dokumentumot.     A gy\u00e1r megl\u00e9v\u0151 terveinek magyarorsz\u00e1gi adapt\u00e1l\u00e1s\u00e1t, enged\u00e9lyeztet\u00e9s\u00e9t k\u00f6vet\u0151en indulhat a K\u00edn\u00e1ban m\u00e1r el\u0151re gy\u00e1rtott elemekb\u0151l t\u00f6rt\u00e9n\u0151 \u00e9p\u00edtkez\u00e9s a 4-es f\u0151\u00fat melletti \u00f6nkorm\u00e1nyzati tulajdonban l\u00e9v\u0151 21 hekt\u00e1rb\u00f3l kivont 2,1 hekt\u00e1ron &#8211; sz\u00e1molt be a telep\u00fcl\u00e9svezet\u0151, hozz\u00e1t\u00e9ve: a befektet\u0151k szeretn\u00e9k miel\u0151bb elkezdeni a kenderesi gy\u00e1r \u00e9p\u00edt\u00e9s\u00e9t \u00e9s m\u00e9g id\u00e9n elind\u00edtani a h\u00e1zgy\u00e1ri panel gy\u00e1rt\u00e1s\u00e1t.<br \/>\n<div class=\"ads-in-post2\"><script async src=\"https:\/\/pagead2.googlesyndication.com\/pagead\/js\/adsbygoogle.js\"><\/script>\r\n<ins class=\"adsbygoogle\"\r\n     style=\"display:block\"\r\n     data-ad-format=\"fluid\"\r\n     data-ad-layout-key=\"-6t+ed+2i-1n-4w\"\r\n     data-ad-client=\"ca-pub-1959107119989764\"\r\n     data-ad-slot=\"4008251320\"><\/ins>\r\n<script>\r\n     (adsbygoogle = window.adsbygoogle || []).push({});\r\n<\/script><\/div>    Sz\u00f3lt arr\u00f3l is, hogy az \u00fczemben gy\u00e1rtani tervezett elemeket Eur\u00f3pa valamennyi orsz\u00e1g\u00e1ba \u00e9rt\u00e9kes\u00edtik majd. A k\u00ednai v\u00e1llalat 50 \u00e9v garanci\u00e1t v\u00e1llal saj\u00e1t fejleszt\u00e9s\u0171 paneleire &#8211; jegyezte meg. A befektet\u0151 k\u00f6telezetts\u00e9get v\u00e1llal arra is, hogy a meg\u00e9p\u00fclt gy\u00e1rban kezdetben sz\u00e1z, k\u00e9s\u0151bb k\u00e9tsz\u00e1z embert foglalkoztat majd &#8211; k\u00f6z\u00f6lte. Hozz\u00e1tette: az \u00fczemben betan\u00edtott munkaer\u0151re lesz sz\u00fcks\u00e9g, de k\u00e9s\u0151bb szakk\u00e9pz\u00e9st is szerveznek majd az \u00fczemben dolgoz\u00f3knak.     A polg\u00e1rmester elmondta: a beruh\u00e1z\u00e1s a jelenleg csaknem t\u00edz sz\u00e1zal\u00e9kos munkan\u00e9lk\u00fclis\u00e9g nagyar\u00e1ny\u00fa cs\u00f6kkent\u00e9s\u00e9t jelenti, valamint a t\u00e9rs\u00e9g, a v\u00e1ros gazdas\u00e1g\u00e1nak er\u0151s\u00f6d\u00e9s\u00e9t, a kereskedelmi \u00e9s ingatlanpiac fellend\u00fcl\u00e9s\u00e9t.(MTI)<\/p>\n","protected":false},"excerpt":{"rendered":"<p>M\u00e1sf\u00e9l milli\u00e1rd forintb\u00f3l \u00e9p\u00edtenek \u00faj, h\u00e1zgy\u00e1ri elemeket gy\u00e1rt\u00f3 \u00fczemet k\u00ednai befektet\u0151k Kenderesen a k\u00f6zelj\u00f6v\u0151ben, a beruh\u00e1z\u00e1s kezdetben sz\u00e1z \u00faj munkahelyet teremt &#8211; k\u00f6z\u00f6lte a J\u00e1sz-Nagykun-Szolnok megyei telep\u00fcl\u00e9s polg\u00e1rmestere p\u00e9nteken az MTI-vel.<\/p>\n","protected":false},"author":1,"featured_media":0,"comment_status":"closed","ping_status":"open","sticky":false,"template":"","format":"standard","meta":[],"categories":[19],"tags":[],"_links":{"self":[{"href":"https:\/\/gazdasagportal.hu\/index.php\/wp-json\/wp\/v2\/posts\/113287"}],"collection":[{"href":"https:\/\/gazdasagportal.hu\/index.php\/wp-json\/wp\/v2\/posts"}],"about":[{"href":"https:\/\/gazdasagportal.hu\/index.php\/wp-json\/wp\/v2\/types\/post"}],"author":[{"embeddable":true,"href":"https:\/\/gazdasagportal.hu\/index.php\/wp-json\/wp\/v2\/users\/1"}],"replies":[{"embeddable":true,"href":"https:\/\/gazdasagportal.hu\/index.php\/wp-json\/wp\/v2\/comments?post=113287"}],"version-history":[{"count":1,"href":"https:\/\/gazdasagportal.hu\/index.php\/wp-json\/wp\/v2\/posts\/113287\/revisions"}],"predecessor-version":[{"id":113288,"href":"https:\/\/gazdasagportal.hu\/index.php\/wp-json\/wp\/v2\/posts\/113287\/revisions\/113288"}],"wp:attachment":[{"href":"https:\/\/gazdasagportal.hu\/index.php\/wp-json\/wp\/v2\/media?parent=113287"}],"wp:term":[{"taxonomy":"category","embeddable":true,"href":"https:\/\/gazdasagportal.hu\/index.php\/wp-json\/wp\/v2\/categories?post=113287"},{"taxonomy":"post_tag","embeddable":true,"href":"https:\/\/gazdasagportal.hu\/index.php\/wp-json\/wp\/v2\/tags?post=113287"}],"curies":[{"name":"wp","href":"https:\/\/api.w.org\/{rel}","templated":true}]}}