{"id":113248,"date":"2019-01-31T13:05:13","date_gmt":"2019-01-31T12:05:13","guid":{"rendered":"http:\/\/gazdasagportal.hu\/?p=113248"},"modified":"2019-01-31T12:36:24","modified_gmt":"2019-01-31T11:36:24","slug":"kapjanak-minimalnyugdijat-azok-a-nagycsalados-anyak-akik-nem-alltak-munkaviszonyban","status":"publish","type":"post","link":"https:\/\/gazdasagportal.hu\/index.php\/kapjanak-minimalnyugdijat-azok-a-nagycsalados-anyak-akik-nem-alltak-munkaviszonyban\/","title":{"rendered":"Kapjanak minim\u00e1lnyugd\u00edjat azok a nagycsal\u00e1dos any\u00e1k, akik nem \u00e1lltak munkaviszonyban"},"content":{"rendered":"<p><strong>Lengyelorsz\u00e1gban a j\u00f6v\u0151ben azok az any\u00e1k is kapjanak minim\u00e1lnyugd\u00edjat, akik legal\u00e1bb n\u00e9gy gyermeket felneveltek, \u00e9s emiatt egy\u00e1ltal\u00e1n nem tudtak munk\u00e1t v\u00e1llalni, vagy nem szerezt\u00e9k meg a nyugd\u00edjfizet\u00e9shez sz\u00fcks\u00e9ges szolg\u00e1lati id\u0151t &#8211; \u00edgy d\u00f6nt\u00f6tt a szejm a cs\u00fct\u00f6rt\u00f6kre virrad\u00f3ra elfogadott t\u00f6rv\u00e9nytervezetben.<\/strong><!--more--><\/p>\n<div class=\"ads-in-post1\"><div id=\"gazdasagportal.hu_fullbanner_wideboard\"><\/div>\r\n<\/div>\n<p>    A Mama 4 plusz n\u00e9ven ismert jogszab\u00e1lyt m\u00e9g a szen\u00e1tusnak \u00e9s az \u00e1llamf\u0151nek is j\u00f3v\u00e1 kell hagynia. A tervezet mellett a 413 jelen l\u00e9v\u0151 k\u00e9pvisel\u0151 k\u00f6z\u00fcl 259-en szavaztak, 20-an ellenezt\u00e9k, 134-en tart\u00f3zkodtak. Igennel voksolt a korm\u00e1nyz\u00f3 Jog \u00e9s Igazs\u00e1goss\u00e1g (PiS) p\u00e1rt \u00f6sszes jelen l\u00e9v\u0151 k\u00e9pvisel\u0151je, tov\u00e1bb\u00e1 az ellenz\u00e9ki Kukiz\u00b415 \u00e9s a Lengyel Parasztp\u00e1rt k\u00e9pvisel\u0151inek nagy r\u00e9sze.<br \/>\n    A f\u0151 ellenz\u00e9ki er\u0151t, a Polg\u00e1ri Platformot \u00e9s a Modern (Nowoczesna) p\u00e1rtb\u00f3l kiv\u00e1lt k\u00e9pvisel\u0151ket t\u00f6m\u00f6r\u00edt\u0151 frakci\u00f3 (PO-KO) tagjainak t\u00falnyom\u00f3 t\u00f6bbs\u00e9ge tart\u00f3zkodott.<br \/>\n    A jogszab\u00e1ly m\u00e1rcius elej\u00e9n l\u00e9pne hat\u00e1lyba, att\u00f3l kezdve a 60 \u00e9ves nyugd\u00edjkorhat\u00e1rt el\u00e9rt, a t\u00f6rv\u00e9ny felt\u00e9teleinek megfelel\u0151 nagycsal\u00e1dos any\u00e1k minim\u00e1lnyugd\u00edjra (jelenleg 1100 zloty, mintegy 81 ezer forint) lenn\u00e9nek jogosultak.<br \/>\n<div class=\"ads-in-post2\"><script async src=\"https:\/\/pagead2.googlesyndication.com\/pagead\/js\/adsbygoogle.js\"><\/script>\r\n<ins class=\"adsbygoogle\"\r\n     style=\"display:block\"\r\n     data-ad-format=\"fluid\"\r\n     data-ad-layout-key=\"-6t+ed+2i-1n-4w\"\r\n     data-ad-client=\"ca-pub-1959107119989764\"\r\n     data-ad-slot=\"4008251320\"><\/ins>\r\n<script>\r\n     (adsbygoogle = window.adsbygoogle || []).push({});\r\n<\/script><\/div>\n    Az als\u00f3h\u00e1z elvetette azokat az ellenz\u00e9ki javaslatokat, melyek szerint a minim\u00e1lnyugd\u00edj azoknak az ap\u00e1knak is j\u00e1rna, akik legal\u00e1bb n\u00e9gy gyermek felnevel\u00e9se miatt lemondtak a munkav\u00e1llal\u00e1sr\u00f3l, \u00e9s \u00edgy nem szereztek nyugd\u00edjjogosults\u00e1got. Az elfogadott v\u00e1ltozat szerint az ilyen f\u00e9rfiak csak akkor kaphatnak minim\u00e1lnyugd\u00edjat, ha a gyerekek anyja kor\u00e1bban elhunyt, illetve elhagyta a csal\u00e1dot. A f\u00e9rfiak eset\u00e9ben a 65 \u00e9ves nyugd\u00edjkorhat\u00e1r \u00e9rv\u00e9nyes Lengyelorsz\u00e1gban.<br \/>\n    A korm\u00e1ny sz\u00e1m\u00edt\u00e1sai szerint mintegy 65 ezren vannak azok a nagycsal\u00e1dos any\u00e1k, akik jelenleg egy\u00e1ltal\u00e1n nem jogosultak nyugd\u00edjra, tov\u00e1bbi 25 ezren a minim\u00e1lnyugd\u00edjn\u00e1l alacsonyabb t\u00e1mogat\u00e1sokban r\u00e9szes\u00fclnek. A t\u00f6rv\u00e9ny \u00e9rtelm\u00e9ben kiegyenl\u00edtik az eddigi t\u00e1mogat\u00e1sok \u00e9s az 1100 zloty k\u00f6z\u00f6tti k\u00fcl\u00f6nbs\u00e9get.<br \/>\n    A Mama 4 plusz programra az idei k\u00f6lts\u00e9gvet\u00e9sben 801,3 milli\u00f3 zlotyt (mintegy 59 milli\u00e1rd forint) k\u00fcl\u00f6n\u00edtettek el.<br \/>\n    A t\u00f6rv\u00e9nytervezet a korm\u00e1ny csal\u00e1dpolitik\u00e1j\u00e1nak r\u00e9sze. Ennek egyik f\u0151 eleme a 2016-ban bevezetett 500 plusz nev\u0171 csal\u00e1dt\u00e1mogat\u00e1si program, melynek keret\u00e9ben minden m\u00e1sodik \u00e9s tov\u00e1bbi, 18 \u00e9ven aluli gyermek ut\u00e1n havi 500 zlotys (36 ezer forint) t\u00e1mogat\u00e1s j\u00e1r.(MTI)<\/p>\n","protected":false},"excerpt":{"rendered":"<p>Lengyelorsz\u00e1gban a j\u00f6v\u0151ben azok az any\u00e1k is kapjanak minim\u00e1lnyugd\u00edjat, akik legal\u00e1bb n\u00e9gy gyermeket felneveltek, \u00e9s emiatt egy\u00e1ltal\u00e1n nem tudtak munk\u00e1t v\u00e1llalni, vagy nem szerezt\u00e9k meg a nyugd\u00edjfizet\u00e9shez sz\u00fcks\u00e9ges szolg\u00e1lati id\u0151t &#8211; \u00edgy d\u00f6nt\u00f6tt a szejm a cs\u00fct\u00f6rt\u00f6kre virrad\u00f3ra elfogadott t\u00f6rv\u00e9nytervezetben.<\/p>\n","protected":false},"author":1,"featured_media":0,"comment_status":"closed","ping_status":"open","sticky":false,"template":"","format":"standard","meta":[],"categories":[12,246],"tags":[],"_links":{"self":[{"href":"https:\/\/gazdasagportal.hu\/index.php\/wp-json\/wp\/v2\/posts\/113248"}],"collection":[{"href":"https:\/\/gazdasagportal.hu\/index.php\/wp-json\/wp\/v2\/posts"}],"about":[{"href":"https:\/\/gazdasagportal.hu\/index.php\/wp-json\/wp\/v2\/types\/post"}],"author":[{"embeddable":true,"href":"https:\/\/gazdasagportal.hu\/index.php\/wp-json\/wp\/v2\/users\/1"}],"replies":[{"embeddable":true,"href":"https:\/\/gazdasagportal.hu\/index.php\/wp-json\/wp\/v2\/comments?post=113248"}],"version-history":[{"count":1,"href":"https:\/\/gazdasagportal.hu\/index.php\/wp-json\/wp\/v2\/posts\/113248\/revisions"}],"predecessor-version":[{"id":113249,"href":"https:\/\/gazdasagportal.hu\/index.php\/wp-json\/wp\/v2\/posts\/113248\/revisions\/113249"}],"wp:attachment":[{"href":"https:\/\/gazdasagportal.hu\/index.php\/wp-json\/wp\/v2\/media?parent=113248"}],"wp:term":[{"taxonomy":"category","embeddable":true,"href":"https:\/\/gazdasagportal.hu\/index.php\/wp-json\/wp\/v2\/categories?post=113248"},{"taxonomy":"post_tag","embeddable":true,"href":"https:\/\/gazdasagportal.hu\/index.php\/wp-json\/wp\/v2\/tags?post=113248"}],"curies":[{"name":"wp","href":"https:\/\/api.w.org\/{rel}","templated":true}]}}