{"id":113216,"date":"2019-01-31T03:21:47","date_gmt":"2019-01-31T02:21:47","guid":{"rendered":"http:\/\/gazdasagportal.hu\/?p=113216"},"modified":"2019-01-30T21:16:47","modified_gmt":"2019-01-30T20:16:47","slug":"jarokelokre-lott-egy-fegyveres-a-franciaorszagi-bastiaban","status":"publish","type":"post","link":"https:\/\/gazdasagportal.hu\/index.php\/jarokelokre-lott-egy-fegyveres-a-franciaorszagi-bastiaban\/","title":{"rendered":"J\u00e1r\u00f3kel\u0151kre l\u0151tt egy fegyveres a franciaorsz\u00e1gi Basti\u00e1ban"},"content":{"rendered":"<p><strong>J\u00e1r\u00f3kel\u0151kre l\u0151tt egy f\u00e9rfi szerda d\u00e9lut\u00e1n a Franciaorsz\u00e1ghoz tartoz\u00f3 Korzik\u00e1n, Bastia egyik d\u00e9li ker\u00fclet\u00e9ben. A t\u00e1mad\u00e1sban egy ember meghalt, tov\u00e1bbi hatan megs\u00e9r\u00fcltek, egyik\u00fck s\u00e9r\u00fcl\u00e9se s\u00falyos &#8211; jelentett\u00e9k francia h\u00edrport\u00e1lok.<\/strong><!--more--><\/p>\n<div class=\"ads-in-post1\"><div id=\"gazdasagportal.hu_fullbanner_wideboard\"><\/div>\r\n<\/div>\n<p>    Az els\u0151 h\u00edrek \u00f6t, illetve h\u00e9t s\u00e9r\u00fcltr\u0151l sz\u00f3ltak. Rend\u0151rs\u00e9gi forr\u00e1sok k\u00e9s\u0151bb meger\u0151s\u00edtett\u00e9k, hogy heten s\u00e9r\u00fcltek meg a t\u00e1mad\u00e1sban, k\u00f6z\u00fcl\u00fck egy ember a k\u00f3rh\u00e1zba sz\u00e1ll\u00edt\u00e1s k\u00f6zben \u00e9let\u00e9t vesztette, egy m\u00e1sik s\u00e9r\u00fcltet pedig jelenleg m\u0171tenek.<br \/>\n    A Corsematin region\u00e1lis lap port\u00e1lja szerint a f\u00e9rfi k\u00e9ssel is megt\u00e1madta a j\u00e1r\u00f3kel\u0151ket. A s\u00e9r\u00fcltek k\u00f6z\u00f6tt van egy rend\u0151r is.<br \/>\n<div class=\"ads-in-post2\"><script async src=\"https:\/\/pagead2.googlesyndication.com\/pagead\/js\/adsbygoogle.js\"><\/script>\r\n<ins class=\"adsbygoogle\"\r\n     style=\"display:block\"\r\n     data-ad-format=\"fluid\"\r\n     data-ad-layout-key=\"-6t+ed+2i-1n-4w\"\r\n     data-ad-client=\"ca-pub-1959107119989764\"\r\n     data-ad-slot=\"4008251320\"><\/ins>\r\n<script>\r\n     (adsbygoogle = window.adsbygoogle || []).push({});\r\n<\/script><\/div>\n    A gyan\u00fas\u00edtott elbarik\u00e1dozta mag\u00e1t abban az \u00e9p\u00fcletben, amelyikben lakik. A helysz\u00ednen rend\u0151rs\u00e9gi akci\u00f3 van folyamatban, az \u00e9p\u00fcletet nagy er\u0151kkel vett\u00e9k k\u00f6rbe a rend\u0151rs\u00e9g \u00e9s a csend\u0151rs\u00e9g er\u0151i, \u00e9s megpr\u00f3b\u00e1lnak kapcsolatba l\u00e9pni a f\u00e9rfival.<br \/>\n    A rend\u0151rs\u00e9g felt\u00e9telez\u00e9se szerint nem terrorcselekm\u00e9ny t\u00f6rt\u00e9nt, de a t\u00e1mad\u00f3 ind\u00edt\u00e9kai egyel\u0151re nem tiszt\u00e1zottak.<br \/>\n    A BFM h\u00edrtelev\u00edzi\u00f3 \u00fagy tudja, hogy a gyan\u00fas\u00edtott egy 70 \u00e9ves helyi lakos, a f\u00e9rfi b\u00fcntetett el\u0151\u00e9let\u0171, k\u00f6zt\u00f6rv\u00e9nyes b\u0171ncselekm\u00e9nyek \u00e9s ember\u00f6l\u00e9s miatt \u00edt\u00e9lt\u00e9k el kor\u00e1bban, rendszeres konfliktusban \u00e1llt a szomsz\u00e9djaival.(MTI)<\/p>\n","protected":false},"excerpt":{"rendered":"<p>J\u00e1r\u00f3kel\u0151kre l\u0151tt egy f\u00e9rfi szerda d\u00e9lut\u00e1n a Franciaorsz\u00e1ghoz tartoz\u00f3 Korzik\u00e1n, Bastia egyik d\u00e9li ker\u00fclet\u00e9ben. A t\u00e1mad\u00e1sban egy ember meghalt, tov\u00e1bbi hatan megs\u00e9r\u00fcltek, egyik\u00fck s\u00e9r\u00fcl\u00e9se s\u00falyos &#8211; jelentett\u00e9k francia h\u00edrport\u00e1lok.<\/p>\n","protected":false},"author":1001003,"featured_media":0,"comment_status":"closed","ping_status":"open","sticky":false,"template":"","format":"standard","meta":[],"categories":[12],"tags":[],"_links":{"self":[{"href":"https:\/\/gazdasagportal.hu\/index.php\/wp-json\/wp\/v2\/posts\/113216"}],"collection":[{"href":"https:\/\/gazdasagportal.hu\/index.php\/wp-json\/wp\/v2\/posts"}],"about":[{"href":"https:\/\/gazdasagportal.hu\/index.php\/wp-json\/wp\/v2\/types\/post"}],"author":[{"embeddable":true,"href":"https:\/\/gazdasagportal.hu\/index.php\/wp-json\/wp\/v2\/users\/1001003"}],"replies":[{"embeddable":true,"href":"https:\/\/gazdasagportal.hu\/index.php\/wp-json\/wp\/v2\/comments?post=113216"}],"version-history":[{"count":1,"href":"https:\/\/gazdasagportal.hu\/index.php\/wp-json\/wp\/v2\/posts\/113216\/revisions"}],"predecessor-version":[{"id":113217,"href":"https:\/\/gazdasagportal.hu\/index.php\/wp-json\/wp\/v2\/posts\/113216\/revisions\/113217"}],"wp:attachment":[{"href":"https:\/\/gazdasagportal.hu\/index.php\/wp-json\/wp\/v2\/media?parent=113216"}],"wp:term":[{"taxonomy":"category","embeddable":true,"href":"https:\/\/gazdasagportal.hu\/index.php\/wp-json\/wp\/v2\/categories?post=113216"},{"taxonomy":"post_tag","embeddable":true,"href":"https:\/\/gazdasagportal.hu\/index.php\/wp-json\/wp\/v2\/tags?post=113216"}],"curies":[{"name":"wp","href":"https:\/\/api.w.org\/{rel}","templated":true}]}}