{"id":113214,"date":"2019-01-31T04:44:20","date_gmt":"2019-01-31T03:44:20","guid":{"rendered":"http:\/\/gazdasagportal.hu\/?p=113214"},"modified":"2019-01-30T19:35:40","modified_gmt":"2019-01-30T18:35:40","slug":"megallapodott-az-audi-es-a-szakszervezet","status":"publish","type":"post","link":"https:\/\/gazdasagportal.hu\/index.php\/megallapodott-az-audi-es-a-szakszervezet\/","title":{"rendered":"Meg\u00e1llapodott az Audi \u00e9s a szakszervezet"},"content":{"rendered":"<p><strong>Meg\u00e1llapodott szerda d\u00e9lut\u00e1n az Audi Hungaria Zrt. \u00e9s az Audi Hung\u00e1ria F\u00fcggetlen Szakszervezet (AHFSZ) az idei \u00e9vi b\u00e9rekr\u0151l &#8211; t\u00e1j\u00e9koztatta a gy\u0151ri sz\u00e9khely\u0171 v\u00e1llalat az MTI-t.<\/strong><!--more--><\/p>\n<div class=\"ads-in-post1\"><div id=\"gazdasagportal.hu_fullbanner_wideboard\"><\/div>\r\n<\/div>\n<p>    A k\u00f6zlem\u00e9ny szerint a sztr\u00e1jk a szerda esti \u00f3r\u00e1kban befejez\u0151dik, a termel\u00e9s minden gy\u00e1rt\u00f3 ter\u00fcleten elindul.<br \/>\n    A termel\u00e9skies\u00e9sb\u0151l ad\u00f3d\u00f3 k\u00f6vetkezm\u00e9nyeket m\u00e9g vizsg\u00e1lja a v\u00e1llalat.<br \/>\n    Hozz\u00e1tett\u00e9k, hogy az Audi Hungaria Zrt. igazgat\u00f3s\u00e1ga a b\u00e9rt\u00e1rgyal\u00e1si id\u0151szak alatt c\u00e9lul t\u0171zte ki, hogy mindk\u00e9t f\u00e9l sz\u00e1m\u00e1ra elfogadhat\u00f3 meg\u00e1llapod\u00e1s sz\u00fclessen, amely hozz\u00e1j\u00e1rul a dolgoz\u00f3k el\u00e9gedetts\u00e9g\u00e9hez, biztos\u00edtja a gy\u0151ri v\u00e1llalat gazdas\u00e1goss\u00e1g\u00e1t, \u00e9s garant\u00e1lja a munkahelyek hossz\u00fa t\u00e1v\u00fa biztons\u00e1g\u00e1t az Audi Hungari\u00e1n\u00e1l.<br \/>\n    Az AHFSZ a honlapj\u00e1n k\u00f6z\u00f6lte, hogy a v\u00e1llalat 18 sz\u00e1zal\u00e9kkal, de minimum 75 ezer forinttal emeli a dolgoz\u00f3k alapb\u00e9r\u00e9t janu\u00e1r 1-t\u0151l 15 h\u00f3napra, a v\u00e1laszthat\u00f3 b\u00e9ren k\u00edv\u00fcli juttat\u00e1s m\u00e9rt\u00e9k\u00e9t pedig 400 ezer forintra emeli az idei \u00e9vben \u00e9s  ez az \u00e9rt\u00e9k marad 2020-ban.<br \/>\n    M\u00e1jus 1-t\u0151l kap minden munkav\u00e1llal\u00f3 egy h\u00f3napban egy teljes szabad h\u00e9tv\u00e9g\u00e9t, \u00e9s szab\u00e1lyrendszert dolgoznak ki m\u00e1rcius v\u00e9g\u00e9\u00e9ig, hogy a munkav\u00e1llal\u00f3k milyen m\u00f3don rendelkezhetnek a gyermekek ut\u00e1n j\u00e1r\u00f3 \u00e9s a p\u00f3tszabads\u00e1gokr\u00f3l.<br \/>\n<div class=\"ads-in-post2\"><script async src=\"https:\/\/pagead2.googlesyndication.com\/pagead\/js\/adsbygoogle.js\"><\/script>\r\n<ins class=\"adsbygoogle\"\r\n     style=\"display:block\"\r\n     data-ad-format=\"fluid\"\r\n     data-ad-layout-key=\"-6t+ed+2i-1n-4w\"\r\n     data-ad-client=\"ca-pub-1959107119989764\"\r\n     data-ad-slot=\"4008251320\"><\/ins>\r\n<script>\r\n     (adsbygoogle = window.adsbygoogle || []).push({});\r\n<\/script><\/div>\n    A szakszervezet eredetileg azt k\u00e9rte a munk\u00e1ltat\u00f3t\u00f3l, hogy a b\u00e9rmeg\u00e1llapod\u00e1st egy \u00e9vre r\u00f6gz\u00edts\u00e9k, \u00fagy, hogy az alapb\u00e9remel\u00e9st kombin\u00e1lt b\u00e9remel\u00e9s alkalmaz\u00e1s\u00e1val 18 sz\u00e1zal\u00e9kkal, de minimum 75 ezer forinttal emelj\u00e9k meg. Ezen fel\u00fcl az alapb\u00e9rbe a mozg\u00f3b\u00e9r n\u00e9gy sz\u00e1zal\u00e9k\u00e1t \u00e9p\u00edts\u00e9k be, kapjon minden munkav\u00e1llal\u00f3 egy h\u00f3napban egy teljes szabad h\u00e9tv\u00e9g\u00e9t, a gyermekek \u00e9s az \u00e9letkor ut\u00e1n j\u00e1r\u00f3 szabads\u00e1gokkal pedig a munkav\u00e1llal\u00f3 rendelkezhessen. A v\u00e1laszthat\u00f3 b\u00e9ren k\u00edv\u00fcli juttat\u00e1s keret\u00f6sszeg\u00e9t a jelenlegi 620 ezer forintr\u00f3l 787 ezer forintra n\u00f6velj\u00e9k, fejlessz\u00e9k tov\u00e1bb a lojalit\u00e1s b\u00f3nuszt \u00e9s vezess\u00e9k be a jubileumi b\u00f3nuszt.<br \/>\n    Az \u00e9rdekk\u00e9pviselet szerint a termel\u00e9s egyes helyeken szerda este hat \u00f3rakor, m\u00e1shol este nyolc \u00f3rakor indul \u00fajra.<br \/>\n    Szimacsek Tibor, az AHFSZ eln\u00f6ks\u00e9gi tagja az MTI-nek elmondta, el\u00e9gedett a meg\u00e1llapod\u00e1ssal. A dolgoz\u00f3k \u00f6sszefogtak a sztr\u00e1jk alatt, \u00e9s kitartottak a szakszervezet mellett, a sztr\u00e1jkban r\u00e9szt vev\u0151k kezdeti 4000-4500 f\u0151s l\u00e9tsz\u00e1ma h\u00e9tf\u0151n \u00f6tezrre emelkedett &#8211; tette hozz\u00e1.<br \/>\n    Az AHFSZ janu\u00e1r 23-\u00e1n jelentette be, hogy m\u00e1snap reggel hat \u00f3r\u00e1t\u00f3l janu\u00e1r 31-e reggel hat \u00f3r\u00e1ig egy hetes sztr\u00e1jkot tart, mert az Audi Hungaria Zrt. \u00e9s a szakszervezet nem tudott meg\u00e1llapodni az idei \u00e9vi b\u00e9rekr\u0151l a tavaly szeptember \u00f3ta tart\u00f3 t\u00e1rgyal\u00e1sok sor\u00e1n.<br \/>\n    A sztr\u00e1jk ideje alatt teljesen le\u00e1llt a termel\u00e9s Gy\u0151rben, a termel\u00e9skies\u00e9s miatt janu\u00e1r 28-\u00e1n le\u00e1ll\u00edtott\u00e1k a gy\u00e1rt\u00e1st az Audi k\u00f6zponti \u00fczem\u00e9ben, a bajororsz\u00e1gi Ingolstadtban, mert hi\u00e1nyoznak a Gy\u0151rben k\u00e9sz\u00edtett motorok. Az Audi m\u00e1sik n\u00e9metorsz\u00e1gi gy\u00e1ra, a neckarsulmi \u00fczem nem \u00e1llt le.<br \/>\n    A VW az MTI \u00e9rdekl\u0151d\u00e9s\u00e9re szerd\u00e1n azt k\u00f6z\u00f6lte, hogy &#8222;a Volkswagen legt\u00f6bb telephely\u00e9n v\u00e1ltozatlanul zajlik a termel\u00e9s&#8221;, \u00e9s &#8222;a gy\u0151ri sztr\u00e1jk hat\u00e1sa csak n\u00e9h\u00e1ny telephelyen \u00e9rezteti hat\u00e1s\u00e1t&#8221;.<br \/>\n    Tavaly \u00f6sszesen 1 954 301 darab motor k\u00e9sz\u00fclt Gy\u0151rben, 10 864-gyel kevesebb, mint 2017-ben, s \u00f6sszesen 100 ezer j\u00e1rm\u0171 g\u00f6rd\u00fclt le a gy\u00e1rt\u00f3sorr\u00f3l, 5 491 darabbal kevesebb, mint az el\u0151z\u0151 \u00e9vben.<br \/>\n    A gy\u0151ri sz\u00e9khely\u0171 Audi az Audi- \u00e9s Volkswagen konszern k\u00f6zponti motorsz\u00e1ll\u00edt\u00f3ja. A v\u00e1llalatn\u00e1l tavaly mintegy hatezer ember naponta t\u00f6bb mint 8 800 motort gy\u00e1rtott a Volkswagen konszern 31 j\u00e1rm\u0171gy\u00e1rt\u00f3 telephelye sz\u00e1m\u00e1ra.<br \/>\n    Gy\u0151rben gy\u00e1rtj\u00e1k az Audi A3 Limousine \u00e9s Cabriolet, az Audi Q3, valamint az Audi TT Coup\u00e9 \u00e9s TT Roadster modelleket. 2006 \u00f3ta az Audi Hungaria sz\u00e1mos alum\u00ednium karossz\u00e9riaelemet sz\u00e1ll\u00edt k\u00fcl\u00f6nb\u00f6z\u0151 Volkswagen konszernm\u00e1rk\u00e1k sz\u00e1m\u00e1ra. Jelenleg mintegy 13 ezer embert foglalkoztat.<br \/>\n    Az AHFSZ-nek mintegy 9300 tagja van.(MTI)<\/p>\n","protected":false},"excerpt":{"rendered":"<p>Meg\u00e1llapodott szerda d\u00e9lut\u00e1n az Audi Hungaria Zrt. \u00e9s az Audi Hung\u00e1ria F\u00fcggetlen Szakszervezet (AHFSZ) az idei \u00e9vi b\u00e9rekr\u0151l &#8211; t\u00e1j\u00e9koztatta a gy\u0151ri sz\u00e9khely\u0171 v\u00e1llalat az MTI-t.<\/p>\n","protected":false},"author":1001003,"featured_media":0,"comment_status":"closed","ping_status":"open","sticky":false,"template":"","format":"standard","meta":[],"categories":[4,19],"tags":[],"_links":{"self":[{"href":"https:\/\/gazdasagportal.hu\/index.php\/wp-json\/wp\/v2\/posts\/113214"}],"collection":[{"href":"https:\/\/gazdasagportal.hu\/index.php\/wp-json\/wp\/v2\/posts"}],"about":[{"href":"https:\/\/gazdasagportal.hu\/index.php\/wp-json\/wp\/v2\/types\/post"}],"author":[{"embeddable":true,"href":"https:\/\/gazdasagportal.hu\/index.php\/wp-json\/wp\/v2\/users\/1001003"}],"replies":[{"embeddable":true,"href":"https:\/\/gazdasagportal.hu\/index.php\/wp-json\/wp\/v2\/comments?post=113214"}],"version-history":[{"count":1,"href":"https:\/\/gazdasagportal.hu\/index.php\/wp-json\/wp\/v2\/posts\/113214\/revisions"}],"predecessor-version":[{"id":113215,"href":"https:\/\/gazdasagportal.hu\/index.php\/wp-json\/wp\/v2\/posts\/113214\/revisions\/113215"}],"wp:attachment":[{"href":"https:\/\/gazdasagportal.hu\/index.php\/wp-json\/wp\/v2\/media?parent=113214"}],"wp:term":[{"taxonomy":"category","embeddable":true,"href":"https:\/\/gazdasagportal.hu\/index.php\/wp-json\/wp\/v2\/categories?post=113214"},{"taxonomy":"post_tag","embeddable":true,"href":"https:\/\/gazdasagportal.hu\/index.php\/wp-json\/wp\/v2\/tags?post=113214"}],"curies":[{"name":"wp","href":"https:\/\/api.w.org\/{rel}","templated":true}]}}