{"id":113146,"date":"2019-01-29T08:15:31","date_gmt":"2019-01-29T07:15:31","guid":{"rendered":"http:\/\/gazdasagportal.hu\/?p=113146"},"modified":"2019-01-29T08:15:31","modified_gmt":"2019-01-29T07:15:31","slug":"legalabb-szerdaig-szunetel-a-termeles-az-audi-kozponti-uzemeben-a-gyori-sztrajk-miatt","status":"publish","type":"post","link":"https:\/\/gazdasagportal.hu\/index.php\/legalabb-szerdaig-szunetel-a-termeles-az-audi-kozponti-uzemeben-a-gyori-sztrajk-miatt\/","title":{"rendered":"Legal\u00e1bb szerd\u00e1ig sz\u00fcnetel a termel\u00e9s az Audi k\u00f6zponti \u00fczem\u00e9ben a gy\u0151ri sztr\u00e1jk miatt"},"content":{"rendered":"<p><strong>Legal\u00e1bb szerd\u00e1ig sz\u00fcnetel a termel\u00e9s az Audi k\u00f6zponti \u00fczem\u00e9ben, a bajororsz\u00e1gi Ingolstadtban a gy\u0151ri motorgy\u00e1r dolgoz\u00f3inak sztr\u00e1jkja miatt &#8211; mondta a n\u00e9met aut\u00f3gy\u00e1rt\u00f3 t\u00e1rsas\u00e1g egy sz\u00f3viv\u0151je h\u00e9tf\u0151n az MTI-nek.<\/strong><!--more--><\/p>\n<div class=\"ads-in-post1\"><div id=\"gazdasagportal.hu_fullbanner_wideboard\"><\/div>\r\n<\/div>\n<p>    A sz\u00f3viv\u0151 elmondta: kor\u00e1bban \u00fagy tervezt\u00e9k, hogy csak h\u00e9tf\u0151n \u00e9s kedden \u00e1ll\u00edtj\u00e1k le a termel\u00e9st az ingolstadti \u00fczemben, de v\u00e9g\u00fcl szerd\u00e1ra is sz\u00fcnetet kellett elrendelni.<br \/>\n     T\u00f6bb ezer j\u00e1rm\u0171vet nem tudnak legy\u00e1rtani, mert hi\u00e1nyoznak hozz\u00e1juk a Gy\u0151rben k\u00e9sz\u00fcl\u0151 motorok. Egyel\u0151re nem tudni, hogy mikor indulhat \u00fajra a termel\u00e9s. Folyamatosan \u00e9rt\u00e9kelik a helyzetet, napr\u00f3l-napra megvizsg\u00e1lj\u00e1k, hogy lehet-e m\u00e1r folytatni a munk\u00e1t &#8211; mondta a sz\u00f3viv\u0151.<br \/>\n    Az Audi m\u00e1sik n\u00e9metorsz\u00e1gi \u00fczeme, a neckarsulmi gy\u00e1r nem \u00e1llt le, szerd\u00e1ig van megfelel\u0151 sz\u00e1m\u00fa motor a j\u00e1rm\u0171vek \u00f6sszeszerel\u00e9s\u00e9hez. A h\u00e9t m\u00e1sodik fel\u00e9t\u0151l ott is vizsg\u00e1lni kell majd a gy\u00e1rt\u00e1s folytat\u00e1s\u00e1nak felt\u00e9teleit.<br \/>\n<div class=\"ads-in-post2\"><script async src=\"https:\/\/pagead2.googlesyndication.com\/pagead\/js\/adsbygoogle.js\"><\/script>\r\n<ins class=\"adsbygoogle\"\r\n     style=\"display:block\"\r\n     data-ad-format=\"fluid\"\r\n     data-ad-layout-key=\"-6t+ed+2i-1n-4w\"\r\n     data-ad-client=\"ca-pub-1959107119989764\"\r\n     data-ad-slot=\"4008251320\"><\/ins>\r\n<script>\r\n     (adsbygoogle = window.adsbygoogle || []).push({});\r\n<\/script><\/div>\n    Egyel\u0151re nem lehet meg\u00e1llap\u00edtani, hogy mik\u00e9nt lehet behozni a lemarad\u00e1st, a sztr\u00e1jk miatti bev\u00e9telkies\u00e9st \u00e9s egy\u00e9b k\u00f6lts\u00e9geket pedig csak annak v\u00e9gezt\u00e9vel lehet kisz\u00e1m\u00edtani &#8211; mondta a sz\u00f3viv\u0151.<br \/>\n    Gy\u0151rben nemcsak Audi, hanem Volkswagen m\u00e1rk\u00e1j\u00fa j\u00e1rm\u0171vekbe is k\u00e9sz\u00edtenek motorokat, a gy\u0151ri Audi-telephely a legnagyobb motorgy\u00e1rt\u00f3 \u00fczem a sz\u00e1mos m\u00e1rk\u00e1t egyes\u00edt\u0151 Volkswagen (VW) konszernen bel\u00fcl.<br \/>\n    Ezzel kapcsolatban a VW egy sz\u00f3viv\u0151je az MTI-nek elmondta, megtett\u00e9k az ahhoz sz\u00fcks\u00e9ges l\u00e9p\u00e9seket, hogy a sztr\u00e1jk a lehet\u0151 legkisebb m\u00e9rt\u00e9kben befoly\u00e1solja a termel\u00e9st. \u00cdgy a Volkswagen m\u00e1rk\u00e1j\u00fa j\u00e1rm\u0171veket gy\u00e1rt\u00f3 \u00fczemekben nincs is fennakad\u00e1s a gy\u0151ri sztr\u00e1jk miatt.<br \/>\n    A VW a vil\u00e1g legnagyobb g\u00e9pj\u00e1rm\u0171gy\u00e1rt\u00f3ja, a csoporthoz tartozik a n\u00e9vad\u00f3 Volkswagen \u00e9s az Audi mellett a a Bentley, a Bugatti, a Lamborghini, a Porsche, a Seat \u00e9s a Skoda aut\u00f3m\u00e1rka, valamint a Ducati sportmotorker\u00e9kp\u00e1r, \u00e9s saj\u00e1t m\u00e1rk\u00e1j\u00fa haszonj\u00e1rm\u0171vei mellett a Scania \u00e9s a MAN teherg\u00e9pj\u00e1rm\u0171veket is a VW gy\u00e1rtja.<br \/>\n    Az Audi Hung\u00e1ria F\u00fcggetlen Szakszervezet (AHFSZ) felh\u00edv\u00e1s\u00e1ra a gy\u0151ri Audi-gy\u00e1r dolgoz\u00f3i m\u00falt h\u00e9t cs\u00fct\u00f6rt\u00f6k\u00f6n l\u00e9ptek sztr\u00e1jkba, amely a tervek szerint egy h\u00e9tig tart. A szakszervezet legf\u0151bb k\u00f6vetel\u00e9se 18 sz\u00e1zal\u00e9kos b\u00e9remel\u00e9s az idei \u00e9vre, illetve a t\u00f6bbi k\u00f6z\u00e9p- \u00e9s kelet-eur\u00f3pai \u00fczemhez hasonl\u00f3 b\u00e9rez\u00e9st szeretn\u00e9nek. Az Audi vezet\u00e9se k\u00e9t \u00e9v alatt h\u00fasz sz\u00e1zal\u00e9kos b\u00e9remel\u00e9st javasolt.<br \/>\n    Az AHFSZ-nek mintegy kilencezer tagja van. A gy\u0151ri Audi mintegy 13 ezer embert foglalkoztat.(MTI)<\/p>\n","protected":false},"excerpt":{"rendered":"<p>Legal\u00e1bb szerd\u00e1ig sz\u00fcnetel a termel\u00e9s az Audi k\u00f6zponti \u00fczem\u00e9ben, a bajororsz\u00e1gi Ingolstadtban a gy\u0151ri motorgy\u00e1r dolgoz\u00f3inak sztr\u00e1jkja miatt &#8211; mondta a n\u00e9met aut\u00f3gy\u00e1rt\u00f3 t\u00e1rsas\u00e1g egy sz\u00f3viv\u0151je h\u00e9tf\u0151n az MTI-nek.<\/p>\n","protected":false},"author":1,"featured_media":0,"comment_status":"closed","ping_status":"open","sticky":false,"template":"","format":"standard","meta":[],"categories":[19,246],"tags":[],"_links":{"self":[{"href":"https:\/\/gazdasagportal.hu\/index.php\/wp-json\/wp\/v2\/posts\/113146"}],"collection":[{"href":"https:\/\/gazdasagportal.hu\/index.php\/wp-json\/wp\/v2\/posts"}],"about":[{"href":"https:\/\/gazdasagportal.hu\/index.php\/wp-json\/wp\/v2\/types\/post"}],"author":[{"embeddable":true,"href":"https:\/\/gazdasagportal.hu\/index.php\/wp-json\/wp\/v2\/users\/1"}],"replies":[{"embeddable":true,"href":"https:\/\/gazdasagportal.hu\/index.php\/wp-json\/wp\/v2\/comments?post=113146"}],"version-history":[{"count":1,"href":"https:\/\/gazdasagportal.hu\/index.php\/wp-json\/wp\/v2\/posts\/113146\/revisions"}],"predecessor-version":[{"id":113147,"href":"https:\/\/gazdasagportal.hu\/index.php\/wp-json\/wp\/v2\/posts\/113146\/revisions\/113147"}],"wp:attachment":[{"href":"https:\/\/gazdasagportal.hu\/index.php\/wp-json\/wp\/v2\/media?parent=113146"}],"wp:term":[{"taxonomy":"category","embeddable":true,"href":"https:\/\/gazdasagportal.hu\/index.php\/wp-json\/wp\/v2\/categories?post=113146"},{"taxonomy":"post_tag","embeddable":true,"href":"https:\/\/gazdasagportal.hu\/index.php\/wp-json\/wp\/v2\/tags?post=113146"}],"curies":[{"name":"wp","href":"https:\/\/api.w.org\/{rel}","templated":true}]}}