{"id":113128,"date":"2019-01-28T14:31:17","date_gmt":"2019-01-28T13:31:17","guid":{"rendered":"http:\/\/gazdasagportal.hu\/?p=113128"},"modified":"2019-01-28T14:31:17","modified_gmt":"2019-01-28T13:31:17","slug":"csutortok-reggel-ota-all-a-termeles-a-gyori-audiban","status":"publish","type":"post","link":"https:\/\/gazdasagportal.hu\/index.php\/csutortok-reggel-ota-all-a-termeles-a-gyori-audiban\/","title":{"rendered":"Cs\u00fct\u00f6rt\u00f6k reggel \u00f3ta \u00e1ll a termel\u00e9s a gy\u0151ri Audiban"},"content":{"rendered":"<p><strong>Cs\u00fct\u00f6rt\u00f6k reggel hat \u00f3ra \u00f3ta szinte teljesen le\u00e1llt a termel\u00e9s a gy\u0151ri Audiban, miut\u00e1n az Audi Hung\u00e1ria F\u00fcggetlen Szakszervezet meghirdette egy hetes sztr\u00e1jkj\u00e1t, a munkaad\u00f3 \u00e9s a szakszervezet ma d\u00e9lut\u00e1n ism\u00e9t t\u00e1rgyal az idei \u00e9vi b\u00e9rekr\u0151l &#8211; t\u00e1j\u00e9koztatta az AHFSZ eln\u00f6ks\u00e9gi tagja h\u00e9tf\u0151n az MTI-t.<\/strong><!--more--><\/p>\n<div class=\"ads-in-post1\"><div id=\"gazdasagportal.hu_fullbanner_wideboard\"><\/div>\r\n<\/div>\n<p>    Szimacsek Tibor elmondta, hogy a t\u00e1mogatotts\u00e1guk t\u00f6retlen, a sztr\u00e1jkban m\u0171szakonk\u00e9nt tov\u00e1bbra is mintegy 4000-4500 dolgoz\u00f3 vesz r\u00e9szt a motorgy\u00e1rt\u00e1s \u00e9s a j\u00e1rm\u0171gy\u00e1rt\u00e1s ter\u00fcleteir\u0151l. Az AHFSZ tags\u00e1ga is n\u0151, m\u00e1ra t\u00f6bb, mint h\u00e1romsz\u00e1z \u00faj tagja lett az \u00e9rdekk\u00e9pviseletnek.<br \/>\n    Az AHFSZ az\u00e9rt hirdette meg janu\u00e1r 24-e reggel hat \u00e9s janu\u00e1r 31-e reggel hat \u00f3ra k\u00f6z\u00f6tt egy hetes sztr\u00e1jkj\u00e1t, mert az Audi Hungaria Zrt. \u00e9s a szakszervezet nem tudott meg\u00e1llapodni az idei \u00e9vi b\u00e9rekr\u0151l a tavaly szeptember \u00f3ta tart\u00f3 t\u00e1rgyal\u00e1sok sor\u00e1n.<br \/>\n<div class=\"ads-in-post2\"><script async src=\"https:\/\/pagead2.googlesyndication.com\/pagead\/js\/adsbygoogle.js\"><\/script>\r\n<ins class=\"adsbygoogle\"\r\n     style=\"display:block\"\r\n     data-ad-format=\"fluid\"\r\n     data-ad-layout-key=\"-6t+ed+2i-1n-4w\"\r\n     data-ad-client=\"ca-pub-1959107119989764\"\r\n     data-ad-slot=\"4008251320\"><\/ins>\r\n<script>\r\n     (adsbygoogle = window.adsbygoogle || []).push({});\r\n<\/script><\/div>\n    Szimacsek Tibor elmondta, hogy a szakszervezet tov\u00e1bbra is azt k\u00e9ri a munk\u00e1ltat\u00f3t\u00f3l, hogy a b\u00e9rmeg\u00e1llapod\u00e1st egy \u00e9vre r\u00f6gz\u00edts\u00e9k, \u00fagy, hogy az alapb\u00e9remel\u00e9st kombin\u00e1lt b\u00e9remel\u00e9s alkalmaz\u00e1s\u00e1val 18 sz\u00e1zal\u00e9kkal, de minimum 75 ezer forinttal emelj\u00e9k meg. Ezen fel\u00fcl az alapb\u00e9rbe a mozg\u00f3b\u00e9r n\u00e9gy sz\u00e1zal\u00e9k\u00e1t \u00e9p\u00edts\u00e9k be, kapjon minden munkav\u00e1llal\u00f3 egy h\u00f3napban egy teljes szabad h\u00e9tv\u00e9g\u00e9t, a gyermekek \u00e9s az \u00e9letkor ut\u00e1n j\u00e1r\u00f3 szabads\u00e1gokkal pedig a munkav\u00e1llal\u00f3 rendelkezhessen. A v\u00e1laszthat\u00f3 b\u00e9ren k\u00edv\u00fcli juttat\u00e1s keret\u00f6sszeg\u00e9t a jelenlegi 620 ezer forintr\u00f3l 787 ezer forintra n\u00f6velj\u00e9k, fejlessz\u00e9k tov\u00e1bb a lojalit\u00e1s b\u00f3nuszt \u00e9s vezess\u00e9k be a jubileumi b\u00f3nuszt.<br \/>\n    Felid\u00e9zte, hogy szombaton k\u00e9t alkalommal is t\u00e1rgyaltak az Audi k\u00e9pvisel\u0151ivel, akik \u00e1tadt\u00e1k hetedik javaslatukat. Azt a t\u00e1rgyal\u00f3 deleg\u00e1ci\u00f3 helyben elutas\u00edtotta, mert \u00e1ll\u00e1spontjuk szerint a javaslat &#8222;nem t\u00fckr\u00f6zi a helyzet komolys\u00e1g\u00e1t&#8221;, csak &#8222;az aj\u00e1nlatok sz\u00e1m\u00e1t n\u00f6veli&#8221;.<br \/>\n    A szakszervezet megkereste az Audi AG felel\u0151s vezet\u0151j\u00e9t, hogy az \u0151 &#8222;szem\u00e9lyes r\u00e9szv\u00e9tel\u00e9vel, k\u00f6z\u00f6sen&#8221; oldj\u00e1k meg a kialakult helyzetet.<br \/>\n    Az Audi kommunik\u00e1ci\u00f3s oszt\u00e1lya azt k\u00f6z\u00f6lte az MTI-vel, hogy h\u00e9tf\u0151 d\u00e9lut\u00e1n ism\u00e9t t\u00e1rgyal az \u00e9rdekk\u00e9pviselet \u00e9s a munkaad\u00f3i oldal. Ut\u00f3bbi rem\u00e9ny\u00e9t fejezte ki, hogy min\u00e9l hamarabb siker\u00fcl mindenki sz\u00e1m\u00e1ra elfogadhat\u00f3 meg\u00e1llapod\u00e1st k\u00f6tni.<br \/>\n    Az AHFSZ-nek mintegy kilencezer tagja van. A gy\u0151ri Audi mintegy 13 ezer embert foglalkoztat. (MTI)<\/p>\n","protected":false},"excerpt":{"rendered":"<p>Cs\u00fct\u00f6rt\u00f6k reggel hat \u00f3ra \u00f3ta szinte teljesen le\u00e1llt a termel\u00e9s a gy\u0151ri Audiban, miut\u00e1n az Audi Hung\u00e1ria F\u00fcggetlen Szakszervezet meghirdette egy hetes sztr\u00e1jkj\u00e1t, a munkaad\u00f3 \u00e9s a szakszervezet ma d\u00e9lut\u00e1n ism\u00e9t t\u00e1rgyal az idei \u00e9vi b\u00e9rekr\u0151l &#8211; t\u00e1j\u00e9koztatta az AHFSZ eln\u00f6ks\u00e9gi tagja h\u00e9tf\u0151n az MTI-t.<\/p>\n","protected":false},"author":1,"featured_media":0,"comment_status":"closed","ping_status":"open","sticky":false,"template":"","format":"standard","meta":[],"categories":[4,19],"tags":[],"_links":{"self":[{"href":"https:\/\/gazdasagportal.hu\/index.php\/wp-json\/wp\/v2\/posts\/113128"}],"collection":[{"href":"https:\/\/gazdasagportal.hu\/index.php\/wp-json\/wp\/v2\/posts"}],"about":[{"href":"https:\/\/gazdasagportal.hu\/index.php\/wp-json\/wp\/v2\/types\/post"}],"author":[{"embeddable":true,"href":"https:\/\/gazdasagportal.hu\/index.php\/wp-json\/wp\/v2\/users\/1"}],"replies":[{"embeddable":true,"href":"https:\/\/gazdasagportal.hu\/index.php\/wp-json\/wp\/v2\/comments?post=113128"}],"version-history":[{"count":1,"href":"https:\/\/gazdasagportal.hu\/index.php\/wp-json\/wp\/v2\/posts\/113128\/revisions"}],"predecessor-version":[{"id":113129,"href":"https:\/\/gazdasagportal.hu\/index.php\/wp-json\/wp\/v2\/posts\/113128\/revisions\/113129"}],"wp:attachment":[{"href":"https:\/\/gazdasagportal.hu\/index.php\/wp-json\/wp\/v2\/media?parent=113128"}],"wp:term":[{"taxonomy":"category","embeddable":true,"href":"https:\/\/gazdasagportal.hu\/index.php\/wp-json\/wp\/v2\/categories?post=113128"},{"taxonomy":"post_tag","embeddable":true,"href":"https:\/\/gazdasagportal.hu\/index.php\/wp-json\/wp\/v2\/tags?post=113128"}],"curies":[{"name":"wp","href":"https:\/\/api.w.org\/{rel}","templated":true}]}}