{"id":113120,"date":"2019-01-28T10:57:05","date_gmt":"2019-01-28T09:57:05","guid":{"rendered":"http:\/\/gazdasagportal.hu\/?p=113120"},"modified":"2019-01-28T10:57:05","modified_gmt":"2019-01-28T09:57:05","slug":"szallo-por-eszakkeleten-tovabbra-is-rossz-a-levego","status":"publish","type":"post","link":"https:\/\/gazdasagportal.hu\/index.php\/szallo-por-eszakkeleten-tovabbra-is-rossz-a-levego\/","title":{"rendered":"Sz\u00e1ll\u00f3 por &#8211; \u00c9szakkeleten tov\u00e1bbra is rossz a leveg\u0151"},"content":{"rendered":"<p><strong>\u00c9szakkeleten tov\u00e1bbra is rossz a leveg\u0151 min\u0151s\u00e9ge a magas sz\u00e1ll\u00f3por-tartalom miatt.<\/strong><!--more--><\/p>\n<div class=\"ads-in-post1\"><div id=\"gazdasagportal.hu_fullbanner_wideboard\"><\/div>\r\n<\/div>\n<p>    A tisztif\u0151orvos h\u00e9tf\u0151n a Facebook-oldal\u00e1n azt \u00edrta: a leveg\u0151higi\u00e9n\u00e9s index alapj\u00e1n k\u00e9t telep\u00fcl\u00e9s, Miskolc \u00e9s Putnok eg\u00e9szs\u00e9gtelen min\u0151s\u00edt\u00e9st kapott, de Saj\u00f3szentp\u00e9teren, Egerben \u00e9s Hern\u00e1dszurdokon is &#8222;kifog\u00e1solt&#8221; a leveg\u0151 min\u0151s\u00e9ge.<br \/>\n    A Nemzeti N\u00e9peg\u00e9szs\u00e9g\u00fcgyi K\u00f6zpont azt javasolja, hogy az \u00e9rintett t\u00e9rs\u00e9gekben a kering\u00e9si, l\u00e9gz\u0151szervi betegs\u00e9gben szenved\u0151k, f\u0151leg az id\u0151sebb kor\u00faak, valamint a l\u00e9gszennyezetts\u00e9gre \u00e9rz\u00e9kenyek ker\u00fclj\u00e9k a szabadban tart\u00f3zkod\u00e1st, az akt\u00edv testmozg\u00e1st.<br \/>\n<div class=\"ads-in-post2\"><script async src=\"https:\/\/pagead2.googlesyndication.com\/pagead\/js\/adsbygoogle.js\"><\/script>\r\n<ins class=\"adsbygoogle\"\r\n     style=\"display:block\"\r\n     data-ad-format=\"fluid\"\r\n     data-ad-layout-key=\"-6t+ed+2i-1n-4w\"\r\n     data-ad-client=\"ca-pub-1959107119989764\"\r\n     data-ad-slot=\"4008251320\"><\/ins>\r\n<script>\r\n     (adsbygoogle = window.adsbygoogle || []).push({});\r\n<\/script><\/div>\n    Az eg\u00e9szs\u00e9gtelen min\u0151s\u00edt\u00e9s\u0171 telep\u00fcl\u00e9seken az eg\u00e9szs\u00e9ges emberek is ker\u00fclj\u00e9k a szabadban hosszabb ideig tart\u00f3 fizikai munk\u00e1t, sporttev\u00e9kenys\u00e9get, \u00e9s a gyermekeket is \u00f3vj\u00e1k meg a meger\u0151ltet\u0151 szabadt\u00e9ri tev\u00e9kenys\u00e9gt\u0151l &#8211; \u00edrt\u00e1k.(MTI)<\/p>\n","protected":false},"excerpt":{"rendered":"<p>\u00c9szakkeleten tov\u00e1bbra is rossz a leveg\u0151 min\u0151s\u00e9ge a magas sz\u00e1ll\u00f3por-tartalom miatt.<\/p>\n","protected":false},"author":1,"featured_media":0,"comment_status":"closed","ping_status":"open","sticky":false,"template":"","format":"standard","meta":[],"categories":[4],"tags":[],"_links":{"self":[{"href":"https:\/\/gazdasagportal.hu\/index.php\/wp-json\/wp\/v2\/posts\/113120"}],"collection":[{"href":"https:\/\/gazdasagportal.hu\/index.php\/wp-json\/wp\/v2\/posts"}],"about":[{"href":"https:\/\/gazdasagportal.hu\/index.php\/wp-json\/wp\/v2\/types\/post"}],"author":[{"embeddable":true,"href":"https:\/\/gazdasagportal.hu\/index.php\/wp-json\/wp\/v2\/users\/1"}],"replies":[{"embeddable":true,"href":"https:\/\/gazdasagportal.hu\/index.php\/wp-json\/wp\/v2\/comments?post=113120"}],"version-history":[{"count":1,"href":"https:\/\/gazdasagportal.hu\/index.php\/wp-json\/wp\/v2\/posts\/113120\/revisions"}],"predecessor-version":[{"id":113121,"href":"https:\/\/gazdasagportal.hu\/index.php\/wp-json\/wp\/v2\/posts\/113120\/revisions\/113121"}],"wp:attachment":[{"href":"https:\/\/gazdasagportal.hu\/index.php\/wp-json\/wp\/v2\/media?parent=113120"}],"wp:term":[{"taxonomy":"category","embeddable":true,"href":"https:\/\/gazdasagportal.hu\/index.php\/wp-json\/wp\/v2\/categories?post=113120"},{"taxonomy":"post_tag","embeddable":true,"href":"https:\/\/gazdasagportal.hu\/index.php\/wp-json\/wp\/v2\/tags?post=113120"}],"curies":[{"name":"wp","href":"https:\/\/api.w.org\/{rel}","templated":true}]}}