{"id":113108,"date":"2019-01-28T07:01:11","date_gmt":"2019-01-28T06:01:11","guid":{"rendered":"http:\/\/gazdasagportal.hu\/?p=113108"},"modified":"2019-01-28T07:01:11","modified_gmt":"2019-01-28T06:01:11","slug":"fuggetlen-jeloltkent-indulna-a-2020-as-amerikai-elnokvalasztason-a-starbucks-volt-elnok-vezerigazgatoja","status":"publish","type":"post","link":"https:\/\/gazdasagportal.hu\/index.php\/fuggetlen-jeloltkent-indulna-a-2020-as-amerikai-elnokvalasztason-a-starbucks-volt-elnok-vezerigazgatoja\/","title":{"rendered":"F\u00fcggetlen jel\u00f6ltk\u00e9nt indulna a 2020-as amerikai eln\u00f6kv\u00e1laszt\u00e1son a Starbucks volt eln\u00f6k-vez\u00e9rigazgat\u00f3ja"},"content":{"rendered":"<p><strong>F\u00fcggetlen jel\u00f6ltk\u00e9nt indulna a 2020-as amerikai eln\u00f6kv\u00e1laszt\u00e1son Howard Schultz, a Starbucks k\u00e1v\u00e9h\u00e1zl\u00e1nc volt eln\u00f6k-vez\u00e9rigazgat\u00f3ja. <\/strong><!--more--><\/p>\n<div class=\"ads-in-post1\"><div id=\"gazdasagportal.hu_fullbanner_wideboard\"><\/div>\r\n<\/div>\n<p>    &#8222;Nagyon komolyan gondolkodom azon, hogy indulok az eln\u00f6ks\u00e9g\u00e9rt&#8221; &#8211; jelentette ki Schultz a CBS telev\u00edzi\u00f3 60 perc c\u00edm\u0171 heti magazinm\u0171sor\u00e1nak vas\u00e1rnap esti ad\u00e1s\u00e1ban.<br \/>\n    Schultz arr\u00f3l besz\u00e9lt, hogy &#8222;a k\u00e9tp\u00e1rtrendszeren k\u00edv\u00fcl, centrista f\u00fcggetlenk\u00e9nt&#8221; indul majd az eln\u00f6ks\u00e9g\u00e9rt folyatott versenyen. Mondat\u00e1t nem felt\u00e9teles m\u00f3dban, hanem j\u00f6v\u0151 id\u0151ben fogalmazta meg, ebb\u0151l elemz\u0151k azt sz\u0171rt\u00e9k le, hogy Schultz m\u00e1r nemcsak fontolgatja, hanem el is d\u00f6nt\u00f6tte az indul\u00e1s\u00e1t.<br \/>\n    A 65 \u00e9ves Schultz a m\u0171sorban \u00fagy jellemezte \u00f6nmag\u00e1t: &#8222;eg\u00e9sz \u00e9let\u00e9ben demokrata p\u00e1rti&#8221; volt, \u00e1m sem a demokrat\u00e1kkal, sem a republik\u00e1nusokkal nem \u00e9rt egyet, mert szerinte egyik p\u00e1rt sem a n\u00e9pet szolg\u00e1lja. &#8222;S\u00falyos id\u0151ket \u00e9l\u00fcnk&#8221; &#8211; fogalmazott, \u00e9s azt \u00e1ll\u00edtotta, hogy nemcsak a jelenlegi eln\u00f6k nem alkalmas a feladat\u00e1ra, hanem mindk\u00e9t p\u00e1rt &#8211; az emberek szolg\u00e1lata helyett &#8211; politikai bossz\u00fakkal foglalkozik minden egyes nap.<br \/>\n<div class=\"ads-in-post2\"><script async src=\"https:\/\/pagead2.googlesyndication.com\/pagead\/js\/adsbygoogle.js\"><\/script>\r\n<ins class=\"adsbygoogle\"\r\n     style=\"display:block\"\r\n     data-ad-format=\"fluid\"\r\n     data-ad-layout-key=\"-6t+ed+2i-1n-4w\"\r\n     data-ad-client=\"ca-pub-1959107119989764\"\r\n     data-ad-slot=\"4008251320\"><\/ins>\r\n<script>\r\n     (adsbygoogle = window.adsbygoogle || []).push({});\r\n<\/script><\/div>\n    Arra az \u00fajs\u00e1g\u00edr\u00f3i k\u00e9rd\u00e9sre, hogy indul\u00e1s\u00e1val vajon nem vesz-e el szavazatokat a demokrata p\u00e1rti eln\u00f6kjel\u00f6ltt\u0151l, Schultz nem adott v\u00e1laszt. &#8222;\u00c9n azt akarom, hogy a gy\u0151ztes az amerikai n\u00e9p legyen. Amerika gy\u0151zelm\u00e9t akarom l\u00e1tni&#8221; &#8211; mondta, lesz\u00f6gezve, hogy sz\u00e1m\u00e1ra nem fontos, hogy a leend\u0151 eln\u00f6k republik\u00e1nus, demokrata p\u00e1rti, libert\u00e1rius vagy \u00e9ppens\u00e9ggel f\u00fcggetlen lesz.<br \/>\n    Howard Schultz kor\u00e1bban a The New York Times amerikai napilapnak is interj\u00fat adott, amelyben szint\u00e9n azt \u00e1ll\u00edtotta, hogy az amerikai p\u00e1rtrendszer t\u00f6nkrement, a p\u00e1rtok nem a n\u00e9p \u00e9rdekeit tartj\u00e1k szem el\u0151tt. Id\u00e9zte a Gallup k\u00f6zv\u00e9lem\u00e9ny-kutat\u00f3 int\u00e9zet egyik minapi felm\u00e9r\u00e9s\u00e9t, amely szerint a megk\u00e9rdezettek 42 sz\u00e1zal\u00e9ka politikailag f\u00fcggetlennek tartja mag\u00e1t.<br \/>\n    Esetleges indul\u00e1s\u00e1t a Demokrata P\u00e1rt berkeiben ellen\u00e9rz\u00e9ssel fogadt\u00e1k, felt\u00e9telezve, hogy a demokrata p\u00e1rti eln\u00f6kjel\u00f6ltt\u0151l vesz majd el szavazatokat \u00e9s ezzel hozz\u00e1j\u00e1rulhat Donald Trump m\u00e1sodik eln\u00f6kv\u00e1laszt\u00e1si gy\u0151zelm\u00e9hez. Vas\u00e1rnapi sz\u00e1m\u00e1ban a The New York Times megsz\u00f3laltatta a p\u00e1rt Washington \u00e1llami eln\u00f6kn\u0151j\u00e9t, Tina Podlodowskit, aki azt \u00fczente Schultznak: egyet tehet, ne induljon.(MTI)<\/p>\n","protected":false},"excerpt":{"rendered":"<p>F\u00fcggetlen jel\u00f6ltk\u00e9nt indulna a 2020-as amerikai eln\u00f6kv\u00e1laszt\u00e1son Howard Schultz, a Starbucks k\u00e1v\u00e9h\u00e1zl\u00e1nc volt eln\u00f6k-vez\u00e9rigazgat\u00f3ja.<\/p>\n","protected":false},"author":1001003,"featured_media":0,"comment_status":"closed","ping_status":"open","sticky":false,"template":"","format":"standard","meta":[],"categories":[13,5],"tags":[],"_links":{"self":[{"href":"https:\/\/gazdasagportal.hu\/index.php\/wp-json\/wp\/v2\/posts\/113108"}],"collection":[{"href":"https:\/\/gazdasagportal.hu\/index.php\/wp-json\/wp\/v2\/posts"}],"about":[{"href":"https:\/\/gazdasagportal.hu\/index.php\/wp-json\/wp\/v2\/types\/post"}],"author":[{"embeddable":true,"href":"https:\/\/gazdasagportal.hu\/index.php\/wp-json\/wp\/v2\/users\/1001003"}],"replies":[{"embeddable":true,"href":"https:\/\/gazdasagportal.hu\/index.php\/wp-json\/wp\/v2\/comments?post=113108"}],"version-history":[{"count":1,"href":"https:\/\/gazdasagportal.hu\/index.php\/wp-json\/wp\/v2\/posts\/113108\/revisions"}],"predecessor-version":[{"id":113109,"href":"https:\/\/gazdasagportal.hu\/index.php\/wp-json\/wp\/v2\/posts\/113108\/revisions\/113109"}],"wp:attachment":[{"href":"https:\/\/gazdasagportal.hu\/index.php\/wp-json\/wp\/v2\/media?parent=113108"}],"wp:term":[{"taxonomy":"category","embeddable":true,"href":"https:\/\/gazdasagportal.hu\/index.php\/wp-json\/wp\/v2\/categories?post=113108"},{"taxonomy":"post_tag","embeddable":true,"href":"https:\/\/gazdasagportal.hu\/index.php\/wp-json\/wp\/v2\/tags?post=113108"}],"curies":[{"name":"wp","href":"https:\/\/api.w.org\/{rel}","templated":true}]}}