{"id":113104,"date":"2019-01-28T04:04:26","date_gmt":"2019-01-28T03:04:26","guid":{"rendered":"http:\/\/gazdasagportal.hu\/?p=113104"},"modified":"2019-01-27T22:05:17","modified_gmt":"2019-01-27T21:05:17","slug":"masodfoku-riasztast-adtak-ki-hetfore","status":"publish","type":"post","link":"https:\/\/gazdasagportal.hu\/index.php\/masodfoku-riasztast-adtak-ki-hetfore\/","title":{"rendered":"M\u00e1sodfok\u00fa riaszt\u00e1st adtak ki h\u00e9tf\u0151re"},"content":{"rendered":"<p><strong>T\u00f6bbfel\u00e9 \u00f3nos es\u0151vel kezd\u0151dik a h\u00e9t: t\u00f6bb megy\u00e9re \u00e9s a f\u0151v\u00e1rosra m\u00e1sodfok\u00fa figyelmeztet\u00e9st adtak ki h\u00e9tf\u0151re. A h\u00e9t tov\u00e1bbi r\u00e9sz\u00e9ben is t\u00f6bbsz\u00f6r lehet csapad\u00e9k, a h\u00e9tv\u00e9g\u00e9n meleged\u00e9s v\u00e1rhat\u00f3, ak\u00e1r 10 Celsius-fok k\u00f6r\u00fcli maximumokra is sz\u00e1m\u00edtani lehet &#8211; der\u00fcl ki az Orsz\u00e1gos Meteorol\u00f3giai Szolg\u00e1lat orsz\u00e1gos, k\u00f6z\u00e9pt\u00e1v\u00fa el\u0151rejelz\u00e9s\u00e9b\u0151l, amelyet vas\u00e1rnap juttattak el az MTI-hez.<\/strong><!--more--><\/p>\n<div class=\"ads-in-post1\"><div id=\"gazdasagportal.hu_fullbanner_wideboard\"><\/div>\r\n<\/div>\n<p>    H\u00e9tf\u0151n keleten is beborul az \u00e9g \u00e9s sokfel\u00e9 v\u00e1rhat\u00f3 csapad\u00e9k: a keleti, d\u00e9lkeleti megy\u00e9kben es\u0151re, m\u00e1sutt kezdetben vegyes halmaz\u00e1llapot\u00fa csapad\u00e9kra, majd egyre ink\u00e1bb havaz\u00e1sra kell sz\u00e1m\u00edtani. A reggeli, d\u00e9lel\u0151tti \u00f3r\u00e1kban f\u0151k\u00e9nt a k\u00f6z\u00e9ps\u0151 ter\u00fcleteken \u00e1tmenetileg intenz\u00edv \u00f3nos es\u0151 is lehet. Els\u0151sorban a Dun\u00e1nt\u00falon \u00e9s a k\u00f6z\u00e9ps\u0151 orsz\u00e1gr\u00e9szben jelent\u0151s mennyis\u00e9g\u0171 csapad\u00e9k val\u00f3sz\u00edn\u0171. Helyenk\u00e9nt a sz\u00e9l is meger\u0151s\u00f6dik. Az \u00f3nos es\u0151 vesz\u00e9lye miatt Budapestre, Pest, Fej\u00e9r \u00e9s Kom\u00e1rom-Esztergom megy\u00e9re adtak ki m\u00e1sodfok\u00fa, N\u00f3gr\u00e1d \u00e9s Veszpr\u00e9m megy\u00e9re els\u0151fok\u00fa figyelmeztet\u00e9st h\u00e9tf\u0151re. Emellett Budapestre, Pest, Fej\u00e9r, Kom\u00e1rom-Esztergom \u00e9s N\u00f3gr\u00e1d megy\u00e9re a havaz\u00e1s vesz\u00e9lye miatt is kiadtak els\u0151fok\u00fa figyelmeztet\u00e9st.<br \/>\n<div class=\"ads-in-post2\"><script async src=\"https:\/\/pagead2.googlesyndication.com\/pagead\/js\/adsbygoogle.js\"><\/script>\r\n<ins class=\"adsbygoogle\"\r\n     style=\"display:block\"\r\n     data-ad-format=\"fluid\"\r\n     data-ad-layout-key=\"-6t+ed+2i-1n-4w\"\r\n     data-ad-client=\"ca-pub-1959107119989764\"\r\n     data-ad-slot=\"4008251320\"><\/ins>\r\n<script>\r\n     (adsbygoogle = window.adsbygoogle || []).push({});\r\n<\/script><\/div>\n    A legalacsonyabb h\u0151m\u00e9rs\u00e9klet \u00e1ltal\u00e1ban m\u00ednusz 6 \u00e9s plusz 2 fok k\u00f6z\u00f6tt alakul, de \u00e9szakkeleten a kezdetben kev\u00e9sb\u00e9 felh\u0151s t\u00e1jakon enn\u00e9l hidegebb is lehet. Napk\u00f6zben 0-7 fokig melegszik a leveg\u0151.<br \/>\n    Kedden sz\u00e1mottev\u0151 csapad\u00e9k nem val\u00f3sz\u00edn\u0171. A leghidegebb \u00f3r\u00e1kban m\u00ednusz 5 \u00e9s 0, napk\u00f6zben 0 \u00e9s plusz 6 fok k\u00f6z\u00f6tt alakul a h\u0151m\u00e9rs\u00e9klet.<br \/>\n    Szerd\u00e1n a keleti hat\u00e1rn\u00e1l el\u0151fordulhat kisebb es\u0151, \u00f3nos es\u0151, nyugaton n\u00e9hol gyenge havaz\u00e1s. A minimumh\u0151m\u00e9rs\u00e9klet t\u00f6bbnyire m\u00ednusz 8 \u00e9s m\u00ednusz 3 fok k\u00f6z\u00f6tt, a kev\u00e9sb\u00e9 felh\u0151s, havas t\u00e1jakon m\u00ednusz 8 fok alatt alakul. A legmagasabb h\u0151m\u00e9rs\u00e9klet m\u00ednusz 1 \u00e9s plusz 5 fok k\u00f6z\u00f6tt val\u00f3sz\u00edn\u0171.<br \/>\n    Cs\u00fct\u00f6rt\u00f6k\u00f6n t\u00f6bbfel\u00e9 v\u00e1rhat\u00f3 csapad\u00e9k; nyugaton h\u00f3, m\u00e1sutt vegyes halmaz\u00e1llapot\u00fa. N\u00e9hol meger\u0151s\u00f6dik a sz\u00e9l is. A leghidegebb \u00f3r\u00e1kban m\u00ednusz 6 \u00e9s m\u00ednusz 1, napk\u00f6zben m\u00ednusz 1 \u00e9s plusz 5 fok k\u00f6z\u00f6tt alakul a h\u0151m\u00e9rs\u00e9klet.<br \/>\n    Febru\u00e1r elsej\u00e9n, p\u00e9ntek reggel p\u00e1r\u00e1s, foltokban z\u00fazmar\u00e1s id\u0151 v\u00e1rhat\u00f3, majd feloszlik a k\u00f6d \u00e9s v\u00e1ltoz\u00f3an felh\u0151s lesz az \u00e9g. Reggel a k\u00f6d\u00f6s t\u00e1jakon h\u00f3sz\u00e1lling\u00f3z\u00e1s, \u00f3nos szit\u00e1l\u00e1s el\u0151fordulhat, este nyugaton lehet es\u0151, z\u00e1pores\u0151. A sz\u00e9l t\u00f6bbfel\u00e9 meger\u0151s\u00f6dik. A minimumh\u0151m\u00e9rs\u00e9klet m\u00ednusz 6 \u00e9s 0, a maximumh\u0151m\u00e9rs\u00e9klet plusz 1 \u00e9s 6 fok k\u00f6z\u00f6tt alakul.<br \/>\n    Szombaton \u00e9s vas\u00e1rnap t\u00f6bbfel\u00e9 v\u00e1rhat\u00f3 es\u0151, z\u00e1por, \u00e9s er\u0151s lesz a sz\u00e9l is. Szombaton a legalacsonyabb h\u0151m\u00e9rs\u00e9klet m\u00ednusz 3 \u00e9s plusz 2, vas\u00e1rnap 0 \u00e9s plusz 6 fok k\u00f6z\u00f6tt alakul. A nappali maximumok szombaton plusz 3 \u00e9s 10, vas\u00e1rnap 4 \u00e9s plusz 13 fok k\u00f6z\u00f6tt alakulnak &#8211; olvashat\u00f3 az el\u0151rejelz\u00e9sben.(MTI)<\/p>\n","protected":false},"excerpt":{"rendered":"<p>T\u00f6bbfel\u00e9 \u00f3nos es\u0151vel kezd\u0151dik a h\u00e9t: t\u00f6bb megy\u00e9re \u00e9s a f\u0151v\u00e1rosra m\u00e1sodfok\u00fa figyelmeztet\u00e9st adtak ki h\u00e9tf\u0151re. A h\u00e9t tov\u00e1bbi r\u00e9sz\u00e9ben is t\u00f6bbsz\u00f6r lehet csapad\u00e9k, a h\u00e9tv\u00e9g\u00e9n meleged\u00e9s v\u00e1rhat\u00f3, ak\u00e1r 10 Celsius-fok k\u00f6r\u00fcli maximumokra is sz\u00e1m\u00edtani lehet &#8211; der\u00fcl ki az Orsz\u00e1gos Meteorol\u00f3giai Szolg\u00e1lat orsz\u00e1gos, k\u00f6z\u00e9pt\u00e1v\u00fa el\u0151rejelz\u00e9s\u00e9b\u0151l, amelyet vas\u00e1rnap juttattak el az MTI-hez.<\/p>\n","protected":false},"author":1001003,"featured_media":0,"comment_status":"closed","ping_status":"open","sticky":false,"template":"","format":"standard","meta":[],"categories":[4],"tags":[],"_links":{"self":[{"href":"https:\/\/gazdasagportal.hu\/index.php\/wp-json\/wp\/v2\/posts\/113104"}],"collection":[{"href":"https:\/\/gazdasagportal.hu\/index.php\/wp-json\/wp\/v2\/posts"}],"about":[{"href":"https:\/\/gazdasagportal.hu\/index.php\/wp-json\/wp\/v2\/types\/post"}],"author":[{"embeddable":true,"href":"https:\/\/gazdasagportal.hu\/index.php\/wp-json\/wp\/v2\/users\/1001003"}],"replies":[{"embeddable":true,"href":"https:\/\/gazdasagportal.hu\/index.php\/wp-json\/wp\/v2\/comments?post=113104"}],"version-history":[{"count":1,"href":"https:\/\/gazdasagportal.hu\/index.php\/wp-json\/wp\/v2\/posts\/113104\/revisions"}],"predecessor-version":[{"id":113107,"href":"https:\/\/gazdasagportal.hu\/index.php\/wp-json\/wp\/v2\/posts\/113104\/revisions\/113107"}],"wp:attachment":[{"href":"https:\/\/gazdasagportal.hu\/index.php\/wp-json\/wp\/v2\/media?parent=113104"}],"wp:term":[{"taxonomy":"category","embeddable":true,"href":"https:\/\/gazdasagportal.hu\/index.php\/wp-json\/wp\/v2\/categories?post=113104"},{"taxonomy":"post_tag","embeddable":true,"href":"https:\/\/gazdasagportal.hu\/index.php\/wp-json\/wp\/v2\/tags?post=113104"}],"curies":[{"name":"wp","href":"https:\/\/api.w.org\/{rel}","templated":true}]}}