{"id":113096,"date":"2019-01-27T12:35:25","date_gmt":"2019-01-27T11:35:25","guid":{"rendered":"http:\/\/gazdasagportal.hu\/?p=113096"},"modified":"2019-01-27T11:36:13","modified_gmt":"2019-01-27T10:36:13","slug":"szallo-por-eszakkeleten-nott-a-legszennyezettseg","status":"publish","type":"post","link":"https:\/\/gazdasagportal.hu\/index.php\/szallo-por-eszakkeleten-nott-a-legszennyezettseg\/","title":{"rendered":"Sz\u00e1ll\u00f3 por &#8211; \u00c9szakkeleten n\u0151tt a l\u00e9gszennyezetts\u00e9g"},"content":{"rendered":"<p><strong>Az orsz\u00e1g \u00e9szakkeleti r\u00e9sz\u00e9n romlott a leveg\u0151 min\u0151s\u00e9ge a magas sz\u00e1ll\u00f3por-koncentr\u00e1ci\u00f3 miatt &#8211; t\u00e1j\u00e9koztatta a Nemzeti N\u00e9peg\u00e9szs\u00e9g\u00fcgyi K\u00f6zpont vas\u00e1rnap az MTI-t.<\/strong><!--more--><\/p>\n<div class=\"ads-in-post1\"><div id=\"gazdasagportal.hu_fullbanner_wideboard\"><\/div>\r\n<\/div>\n<p>    A leveg\u0151higi\u00e9n\u00e9s index alapj\u00e1n Putnokon vesz\u00e9lyes, Miskolcon, Saj\u00f3szentp\u00e9teren eg\u00e9szs\u00e9gtelen, Kazincbarcik\u00e1n \u00e9s Egerben kifog\u00e1solt a leveg\u0151 min\u0151s\u00e9ge. Az \u00e9rintett t\u00e9rs\u00e9gben a Nemzeti N\u00e9peg\u00e9szs\u00e9g\u00fcgyi K\u00f6zpont nem javasolja hosszabb ideig a szabadban tart\u00f3zkod\u00e1st.<br \/>\n<div class=\"ads-in-post2\"><script async src=\"https:\/\/pagead2.googlesyndication.com\/pagead\/js\/adsbygoogle.js\"><\/script>\r\n<ins class=\"adsbygoogle\"\r\n     style=\"display:block\"\r\n     data-ad-format=\"fluid\"\r\n     data-ad-layout-key=\"-6t+ed+2i-1n-4w\"\r\n     data-ad-client=\"ca-pub-1959107119989764\"\r\n     data-ad-slot=\"4008251320\"><\/ins>\r\n<script>\r\n     (adsbygoogle = window.adsbygoogle || []).push({});\r\n<\/script><\/div>\n    A l\u00e9g\u00fati megbeteged\u00e9sben szenved\u0151k t\u00fcnetei feler\u0151s\u00f6dhetnek &#8211; \u00edrt\u00e1k.<br \/>\n    Kiemelt\u00e9k tov\u00e1bb\u00e1, hogy az \u00e9rintett telep\u00fcl\u00e9seken k\u00fcl\u00f6n\u00f6sen \u00fcgyeljenek a szil\u00e1rd t\u00fczel\u0151anyagok mell\u0151z\u00e9s\u00e9re. A helyes t\u00fczel\u00e9sr\u0151l b\u0151vebb inform\u00e1ci\u00f3 tal\u00e1lhat\u00f3 a F\u0171ts okosan! kamp\u00e1ny honlapj\u00e1n, a http:\/\/www.futsokosankampany.hu\/ oldalon.(MTI)<\/p>\n","protected":false},"excerpt":{"rendered":"<p>Az orsz\u00e1g \u00e9szakkeleti r\u00e9sz\u00e9n romlott a leveg\u0151 min\u0151s\u00e9ge a magas sz\u00e1ll\u00f3por-koncentr\u00e1ci\u00f3 miatt &#8211; t\u00e1j\u00e9koztatta a Nemzeti N\u00e9peg\u00e9szs\u00e9g\u00fcgyi K\u00f6zpont vas\u00e1rnap az MTI-t.<\/p>\n","protected":false},"author":1001003,"featured_media":0,"comment_status":"closed","ping_status":"open","sticky":false,"template":"","format":"standard","meta":[],"categories":[4],"tags":[],"_links":{"self":[{"href":"https:\/\/gazdasagportal.hu\/index.php\/wp-json\/wp\/v2\/posts\/113096"}],"collection":[{"href":"https:\/\/gazdasagportal.hu\/index.php\/wp-json\/wp\/v2\/posts"}],"about":[{"href":"https:\/\/gazdasagportal.hu\/index.php\/wp-json\/wp\/v2\/types\/post"}],"author":[{"embeddable":true,"href":"https:\/\/gazdasagportal.hu\/index.php\/wp-json\/wp\/v2\/users\/1001003"}],"replies":[{"embeddable":true,"href":"https:\/\/gazdasagportal.hu\/index.php\/wp-json\/wp\/v2\/comments?post=113096"}],"version-history":[{"count":1,"href":"https:\/\/gazdasagportal.hu\/index.php\/wp-json\/wp\/v2\/posts\/113096\/revisions"}],"predecessor-version":[{"id":113097,"href":"https:\/\/gazdasagportal.hu\/index.php\/wp-json\/wp\/v2\/posts\/113096\/revisions\/113097"}],"wp:attachment":[{"href":"https:\/\/gazdasagportal.hu\/index.php\/wp-json\/wp\/v2\/media?parent=113096"}],"wp:term":[{"taxonomy":"category","embeddable":true,"href":"https:\/\/gazdasagportal.hu\/index.php\/wp-json\/wp\/v2\/categories?post=113096"},{"taxonomy":"post_tag","embeddable":true,"href":"https:\/\/gazdasagportal.hu\/index.php\/wp-json\/wp\/v2\/tags?post=113096"}],"curies":[{"name":"wp","href":"https:\/\/api.w.org\/{rel}","templated":true}]}}