{"id":113094,"date":"2019-01-27T10:54:58","date_gmt":"2019-01-27T09:54:58","guid":{"rendered":"http:\/\/gazdasagportal.hu\/?p=113094"},"modified":"2019-01-27T10:54:58","modified_gmt":"2019-01-27T09:54:58","slug":"heti-makronaptar-kamatdontes-munkaeropiaci-adatok-jonnek-a-jovo-heten","status":"publish","type":"post","link":"https:\/\/gazdasagportal.hu\/index.php\/heti-makronaptar-kamatdontes-munkaeropiaci-adatok-jonnek-a-jovo-heten\/","title":{"rendered":"Heti makronapt\u00e1r &#8211; Kamatd\u00f6nt\u00e9s, munkaer\u0151piaci adatok j\u00f6nnek a j\u00f6v\u0151 h\u00e9ten"},"content":{"rendered":"<p><strong>A j\u00f6v\u0151 h\u00e9t makronapt\u00e1r\u00e1nak legfontosabb esem\u00e9nye a jegybank idei els\u0151 kamatmeghat\u00e1roz\u00f3 \u00fcl\u00e9se lesz, emellett munkaer\u0151piaci, k\u00fclkereskedelmi statisztik\u00e1k is megjelennek.<\/strong><!--more--><\/p>\n<div class=\"ads-in-post1\"><div id=\"gazdasagportal.hu_fullbanner_wideboard\"><\/div>\r\n<\/div>\n<p>    Kedden tartja idei els\u0151 kamatmeghat\u00e1roz\u00f3 \u00fcl\u00e9s\u00e9t a Magyar Nemzeti Bank Monet\u00e1ris Tan\u00e1csa. Elemz\u0151k nem v\u00e1rnak v\u00e1ltoz\u00e1st az ir\u00e1nyad\u00f3 kamatokban. A jegybanki alapkamat 0,9 sz\u00e1zal\u00e9k 2016. m\u00e1jus 25. \u00f3ta.<br \/>\n    Tavalyi utols\u00f3 \u00fcl\u00e9s\u00e9n nem m\u00f3dos\u00edtotta az alapkamat 0,90 sz\u00e1zal\u00e9kos szintj\u00e9t a monet\u00e1ris tan\u00e1cs, a kamatfolyos\u00f3 sem v\u00e1ltozott. P\u00e9nz\u00fcgyi elemz\u0151k \u00e9rtelmez\u00e9se szerint a test\u00fclet azonban egy\u00e9rtelm\u0171 jelz\u00e9st adott arra, hogy k\u00f6zeleg a monet\u00e1ris politika normaliz\u00e1l\u00e1s\u00e1nak kezdete. A jegybanki k\u00f6zlem\u00e9ny ism\u00e9t hangs\u00falyozta: az MNB felk\u00e9sz\u00fclt a monet\u00e1ris politika \u00f3vatos \u00e9s fokozatos normaliz\u00e1ci\u00f3j\u00e1ra, ennek sor\u00e1n el\u0151sz\u00f6r a nem-konvencion\u00e1lis eszk\u00f6z\u00f6kkel kapcsolatos l\u00e9p\u00e9seket hajtj\u00e1k v\u00e9gre. A normaliz\u00e1ci\u00f3 megkezd\u00e9se pedig az infl\u00e1ci\u00f3s alapfolyamatok f\u00fcggv\u00e9nye lesz.<br \/>\n<div class=\"ads-in-post2\"><script async src=\"https:\/\/pagead2.googlesyndication.com\/pagead\/js\/adsbygoogle.js\"><\/script>\r\n<ins class=\"adsbygoogle\"\r\n     style=\"display:block\"\r\n     data-ad-format=\"fluid\"\r\n     data-ad-layout-key=\"-6t+ed+2i-1n-4w\"\r\n     data-ad-client=\"ca-pub-1959107119989764\"\r\n     data-ad-slot=\"4008251320\"><\/ins>\r\n<script>\r\n     (adsbygoogle = window.adsbygoogle || []).push({});\r\n<\/script><\/div>\n    Szerd\u00e1n a tavaly negyedik negyed\u00e9vi  foglalkoztatotts\u00e1g \u00e9s munkan\u00e9lk\u00fclis\u00e9g statisztik\u00e1it teszi k\u00f6zz\u00e9 a K\u00f6zponti Statisztikai Hivatal (KSH). A tavaly szeptember-novemberi h\u00e1romh\u00f3napos id\u0151szakban a foglalkoztatottak \u00e1tlagos l\u00e9tsz\u00e1ma 4 milli\u00f3 494 ezer volt, 44 ezerrel t\u00f6bb, mint egy \u00e9vvel kor\u00e1bban. Ugyanebben az id\u0151szakban a munkan\u00e9lk\u00fcliek \u00e1tlagos l\u00e9tsz\u00e1ma az egy \u00e9vvel kor\u00e1bbihoz k\u00e9pest 9 ezerrel, 169 ezerre, a munkan\u00e9lk\u00fclis\u00e9gi r\u00e1ta egy \u00e9v alatt 0,2 sz\u00e1zal\u00e9kponttal, 3,6 sz\u00e1zal\u00e9kra cs\u00f6kkent, ami az el\u0151z\u0151 h\u00e1romhavi \u00e1tlagn\u00e1l is 0,1 sz\u00e1zal\u00e9kponttal alacsonyabb \u00e9s megegyezik a ny\u00e1r elej\u00e9n m\u00e9rt eddigi legalacsonyabb \u00e9rt\u00e9kkel.<br \/>\n    Cs\u00fct\u00f6rt\u00f6k\u00f6n az ipari termel\u0151i \u00e1rak tavalyi eg\u00e9sz \u00e9ves alakul\u00e1s\u00e1t teszik k\u00f6zz\u00e9. Tavaly novemberben az ipari termel\u0151i \u00e1rak \u00f6sszess\u00e9g\u00e9ben 5,1 sz\u00e1zal\u00e9kkal haladt\u00e1k meg az egy \u00e9vvel kor\u00e1bbiakat. Az emelked\u00e9s \u00fcteme a j\u00faliusi 8,4 sz\u00e1zal\u00e9kr\u00f3l negyedik h\u00f3napja folyamatosan cs\u00f6kkent.<br \/>\n    P\u00e9nteken a tavaly novemberi k\u00fclkereskedelmi statisztika m\u00e1sodik becsl\u00e9s\u00e9t k\u00f6zli a KSH. A janu\u00e1r 9-\u00e9n k\u00f6zz\u00e9tett els\u0151 becsl\u00e9s szerint tavaly novemberben az export eur\u00f3ban sz\u00e1m\u00edtott \u00e9rt\u00e9ke 4,7, az import\u00e9 7,3 sz\u00e1zal\u00e9kkal n\u0151tt az egy \u00e9vvel kor\u00e1bbihoz viszony\u00edtva. A k\u00fclkereskedelmi t\u00f6bblet 186 milli\u00f3 eur\u00f3val 496 milli\u00f3 eur\u00f3ra cs\u00f6kkent. A m\u00falt \u00e9v els\u0151 11 h\u00f3napj\u00e1ban a kivitel 4,5 sz\u00e1zal\u00e9kkal, a behozatal 7,0 sz\u00e1zal\u00e9kkal haladta meg az el\u0151z\u0151 \u00e9v azonos id\u0151szak\u00e1\u00e9t, az \u00e1ruforgalmi exportt\u00f6bblet 1,846 milli\u00e1rd eur\u00f3val kisebb, 5,660 milli\u00e1rd eur\u00f3 volt.(MTI)<\/p>\n","protected":false},"excerpt":{"rendered":"<p>A j\u00f6v\u0151 h\u00e9t makronapt\u00e1r\u00e1nak legfontosabb esem\u00e9nye a jegybank idei els\u0151 kamatmeghat\u00e1roz\u00f3 \u00fcl\u00e9se lesz, emellett munkaer\u0151piaci, k\u00fclkereskedelmi statisztik\u00e1k is megjelennek.<\/p>\n","protected":false},"author":1001003,"featured_media":0,"comment_status":"closed","ping_status":"open","sticky":false,"template":"","format":"standard","meta":[],"categories":[19],"tags":[],"_links":{"self":[{"href":"https:\/\/gazdasagportal.hu\/index.php\/wp-json\/wp\/v2\/posts\/113094"}],"collection":[{"href":"https:\/\/gazdasagportal.hu\/index.php\/wp-json\/wp\/v2\/posts"}],"about":[{"href":"https:\/\/gazdasagportal.hu\/index.php\/wp-json\/wp\/v2\/types\/post"}],"author":[{"embeddable":true,"href":"https:\/\/gazdasagportal.hu\/index.php\/wp-json\/wp\/v2\/users\/1001003"}],"replies":[{"embeddable":true,"href":"https:\/\/gazdasagportal.hu\/index.php\/wp-json\/wp\/v2\/comments?post=113094"}],"version-history":[{"count":1,"href":"https:\/\/gazdasagportal.hu\/index.php\/wp-json\/wp\/v2\/posts\/113094\/revisions"}],"predecessor-version":[{"id":113095,"href":"https:\/\/gazdasagportal.hu\/index.php\/wp-json\/wp\/v2\/posts\/113094\/revisions\/113095"}],"wp:attachment":[{"href":"https:\/\/gazdasagportal.hu\/index.php\/wp-json\/wp\/v2\/media?parent=113094"}],"wp:term":[{"taxonomy":"category","embeddable":true,"href":"https:\/\/gazdasagportal.hu\/index.php\/wp-json\/wp\/v2\/categories?post=113094"},{"taxonomy":"post_tag","embeddable":true,"href":"https:\/\/gazdasagportal.hu\/index.php\/wp-json\/wp\/v2\/tags?post=113094"}],"curies":[{"name":"wp","href":"https:\/\/api.w.org\/{rel}","templated":true}]}}