{"id":113092,"date":"2019-01-27T08:59:20","date_gmt":"2019-01-27T07:59:20","guid":{"rendered":"http:\/\/gazdasagportal.hu\/?p=113092"},"modified":"2019-01-27T08:59:20","modified_gmt":"2019-01-27T07:59:20","slug":"heti-tozsdei-osszefoglalo-emelkedo-forgalomban-csokkent-a-bux-a-heten-3","status":"publish","type":"post","link":"https:\/\/gazdasagportal.hu\/index.php\/heti-tozsdei-osszefoglalo-emelkedo-forgalomban-csokkent-a-bux-a-heten-3\/","title":{"rendered":"Heti t\u0151zsdei \u00f6sszefoglal\u00f3 &#8211; Emelked\u0151 forgalomban cs\u00f6kkent a BUX a h\u00e9ten"},"content":{"rendered":"<p><strong>Emelked\u0151 forgalomban cs\u00f6kkent a Budapesti \u00c9rt\u00e9kt\u0151zsde (B\u00c9T) r\u00e9szv\u00e9nyindexe a h\u00e9ten, a BUX 40 944,82 ponton z\u00e1rt p\u00e9nteken, 559,09 ponttal, 1,35 sz\u00e1zal\u00e9kkal alacsonyabban el\u0151z\u0151 heti z\u00e1r\u00f3\u00e9rt\u00e9k\u00e9n\u00e9l. <\/strong><!--more--><\/p>\n<div class=\"ads-in-post1\"><div id=\"gazdasagportal.hu_fullbanner_wideboard\"><\/div>\r\n<\/div>\n<p>    A r\u00e9szv\u00e9nypiac heti forgalma t\u00f6bb mint 52,2 milli\u00e1rd forint volt az el\u0151z\u0151 heti t\u00f6bb mint 51,9 milli\u00e1rd forint ut\u00e1n. A vezet\u0151 r\u00e9szv\u00e9nyek \u00e1ra vegyesen v\u00e1ltozott, a Magyar Telekom \u00e9s a Mol er\u0151s\u00f6d\u00f6tt, az OTP \u00e9s a Richter gyeng\u00fclt.<br \/>\n    Az Equilor Befektet\u00e9si Zrt. MTI-hez eljuttatott t\u0151zsdei elemz\u00e9se szerint a h\u00e9ten nem volt l\u00e9nyeges hazai v\u00e1llalati h\u00edr, alapvet\u0151en a kedvez\u0151 nemzetk\u00f6zi befektet\u0151i hangulat, \u00e9s fontos technikai szintek mozgatt\u00e1k a blue chipek \u00e1rfolyamait.<br \/>\n    A vezet\u0151 r\u00e9szv\u00e9nyek mozg\u00e1sa szinte teljesen elv\u00e1lt egym\u00e1st\u00f3l. Az OTP eset\u00e9ben 11 500 forintn\u00e1l tal\u00e1lhat\u00f3 fontos t\u00e1masz, alatta pedig 11 200 forint k\u00f6zel\u00e9ben, m\u00edg fel\u00fcl a 11 850 forintos \u00e9s a 11 970 forintos szintre \u00e9rdemes figyelni. Az Equilor elemz\u0151i egyel\u0151re nem sz\u00e1m\u00edtanak arra, hogy a bankr\u00e9szv\u00e9ny \u00e1rfolyama ki tudna mozdulni a s\u00e1voz\u00f3 mozg\u00e1sb\u00f3l. A Mol \u00e9s a Richter mozg\u00e1sa j\u00f3val izgalmasabb, el\u0151bbi eset\u00e9ben 3300-3340 forint k\u00f6zel\u00e9ben fulladhat ki az emelked\u00e9s, ahonnan negat\u00edv korrekci\u00f3 indulhat, m\u00edg ut\u00f3bbi egy igen \u00e9les negat\u00edv korrekci\u00f3t k\u00f6vet\u0151en 5550 forint k\u00f6zel\u00e9ben lelhet t\u00e1maszra. A Magyar Telekom technikai k\u00e9pe tov\u00e1bbra is kedvez\u0151 r\u00f6vid t\u00e1von, az Equilorn\u00e1l a 475-480 forintos tartom\u00e1ny el\u00e9r\u00e9s\u00e9t v\u00e1rj\u00e1k.<br \/>\n<div class=\"ads-in-post2\"><script async src=\"https:\/\/pagead2.googlesyndication.com\/pagead\/js\/adsbygoogle.js\"><\/script>\r\n<ins class=\"adsbygoogle\"\r\n     style=\"display:block\"\r\n     data-ad-format=\"fluid\"\r\n     data-ad-layout-key=\"-6t+ed+2i-1n-4w\"\r\n     data-ad-client=\"ca-pub-1959107119989764\"\r\n     data-ad-slot=\"4008251320\"><\/ins>\r\n<script>\r\n     (adsbygoogle = window.adsbygoogle || []).push({});\r\n<\/script><\/div>\n    A forint \u00e1rfolyama meglehet\u0151sen nyugodt volt a h\u00e9ten, az eur\u00f3val szemben a 318-320-as s\u00e1vban mozoghat a h\u00e9t elej\u00e9n. Kedden azonban izgalmakat hozhat a Magyar Nemzeti Bank (MNB) kamatd\u00f6nt\u0151 \u00fcl\u00e9se, miut\u00e1n az elm\u00falt hetekben Nagy M\u00e1rton, a jegybank aleln\u00f6ke meger\u0151s\u00edtette, hogy hamarosan elmozdulhatnak a laza monet\u00e1ris politik\u00e1t\u00f3l &#8211; \u00edrj\u00e1k elemz\u00e9s\u00fckben.<br \/>\n    A h\u00e9t esem\u00e9nyei k\u00f6z\u00fcl kiemelt\u00e9k az Eur\u00f3pai K\u00f6zponti Bank (EKB) cs\u00fct\u00f6rt\u00f6k d\u00e9lut\u00e1ni kamatd\u00f6nt\u0151 \u00fcl\u00e9s\u00e9t, amelyen &#8211; a v\u00e1rakoz\u00e1soknak megfelel\u0151en &#8211; nem m\u00f3dos\u00edtott\u00e1k a monet\u00e1ris kond\u00edci\u00f3kat. Az eszk\u00f6zv\u00e1s\u00e1rl\u00e1si program keret\u00e9n bel\u00fcl v\u00e1s\u00e1rolt, lej\u00e1r\u00f3 eszk\u00f6z\u00f6k\u00e9rt kapott t\u0151k\u00e9t az EKB a kamatemel\u00e9s megind\u00edt\u00e1sa ut\u00e1n is be fogja fektetni, teh\u00e1t szinten tartja a jegybanki m\u00e9rleget.<br \/>\n    Mario Draghi, az EKB eln\u00f6ke a sajt\u00f3t\u00e1j\u00e9koztat\u00f3n elmondta, hogy tov\u00e1bbra is jelent\u0151s monet\u00e1ris \u00f6szt\u00f6nz\u00e9sre van sz\u00fcks\u00e9g az infl\u00e1ci\u00f3s c\u00e9lok el\u00e9r\u00e9se \u00e9rdek\u00e9ben. A jegybankeln\u00f6k meglehet\u0151sen pesszimista az eur\u00f3z\u00f3na n\u00f6veked\u00e9si kil\u00e1t\u00e1sait illet\u0151en, a b\u0151v\u00fcl\u00e9s \u00fcteme gyeng\u00e9bb lehet a kor\u00e1bban v\u00e1rtn\u00e1l, \u00e9s az infl\u00e1ci\u00f3 is visszafogott maradhat, els\u0151sorban az olaj vil\u00e1gpiaci \u00e1r\u00e1nak cs\u00f6kken\u00e9se miatt. Ugyanakkor egyel\u0151re nem lehet tudni, hogy a negat\u00edv tendenci\u00e1k \u00e1tmenetiek, vagy tart\u00f3sak.<br \/>\n    Az \u00fcl\u00e9sen sz\u00f3ba ker\u00fclt a TLTRO program, de egyel\u0151re nincs napirenden az \u00fajabb program bevezet\u00e9se. (Az EKB a c\u00e9lzott, hosszabb lej\u00e1rat\u00fa refinansz\u00edroz\u00e1si m\u0171veleteken &#8211; TLTRO-kon kereszt\u00fcl hossz\u00fa lej\u00e1rat\u00fa hitelt ny\u00fajt a bankoknak, ezzel arra \u00f6szt\u00f6n\u00f6zve azokat, hogy \u00e9l\u00e9nk\u00edts\u00e9k hitelez\u00e9si tev\u00e9kenys\u00e9g\u00fcket az eur\u00f3\u00f6vezeti v\u00e1llalatok \u00e9s fogyaszt\u00f3k fel\u00e9.)<br \/>\n    A jegybankeln\u00f6k kit\u00e9rt a Brexitre \u00e9s a kereskedelmi h\u00e1bor\u00fara is, ezekben a k\u00e9rd\u00e9sekben viszont optimist\u00e1n nyilatkozott.<br \/>\n    A k\u00f6vetkez\u0151 \u00fcl\u00e9sek legfontosabb k\u00e9rd\u00e9sk\u00f6re a TLTRO program esetleges \u00fajb\u00f3li bevezet\u00e9se lesz, a befektet\u0151k legink\u00e1bb erre figyelhetnek az Equilor szerint.<br \/>\n    A h\u00e9ten a Richter 4,32 sz\u00e1zal\u00e9kkal gyeng\u00fclt, p\u00e9nteken 5760 forinton z\u00e1rt, heti forgalma megk\u00f6zel\u00edtette a 12,8 milli\u00e1rd forintot.<br \/>\n    A Mol \u00e1ra 0,62 sz\u00e1zal\u00e9kkal emelkedett a h\u00e9ten, 3262 forinton fejezte be a keresked\u00e9st, heti forgalma t\u00f6bb mint 10,9 milli\u00e1rd forint volt.<br \/>\n    Az OTP \u00e1rfolyama 1,69 sz\u00e1zal\u00e9kkal esett a h\u00e9ten, p\u00e9nteki z\u00e1r\u00f3\u00e1ra 11 650 forint volt, heti forgalma meghaladta a 21,4 milli\u00e1rd forintot.<br \/>\n    A Magyar Telekom 1,53 sz\u00e1zal\u00e9kkal er\u0151s\u00f6d\u00f6tt, p\u00e9nteken 464 forinton z\u00e1rt, heti forgalma megk\u00f6zel\u00edtette az 1,6 milli\u00e1rd forintot.<br \/>\n    A kis- \u00e9s k\u00f6zepes r\u00e9szv\u00e9nyek indexe, a BUMIX 3945,54 ponton z\u00e1rt p\u00e9nteken, az el\u0151z\u0151 h\u00e9thez k\u00e9pest 32,88 ponttal, 0,83 sz\u00e1zal\u00e9kkal alacsonyabban.(MTI)<\/p>\n","protected":false},"excerpt":{"rendered":"<p>Emelked\u0151 forgalomban cs\u00f6kkent a Budapesti \u00c9rt\u00e9kt\u0151zsde (B\u00c9T) r\u00e9szv\u00e9nyindexe a h\u00e9ten, a BUX 40 944,82 ponton z\u00e1rt p\u00e9nteken, 559,09 ponttal, 1,35 sz\u00e1zal\u00e9kkal alacsonyabban el\u0151z\u0151 heti z\u00e1r\u00f3\u00e9rt\u00e9k\u00e9n\u00e9l.<\/p>\n","protected":false},"author":1001003,"featured_media":78635,"comment_status":"closed","ping_status":"open","sticky":false,"template":"","format":"standard","meta":[],"categories":[146,7],"tags":[],"_links":{"self":[{"href":"https:\/\/gazdasagportal.hu\/index.php\/wp-json\/wp\/v2\/posts\/113092"}],"collection":[{"href":"https:\/\/gazdasagportal.hu\/index.php\/wp-json\/wp\/v2\/posts"}],"about":[{"href":"https:\/\/gazdasagportal.hu\/index.php\/wp-json\/wp\/v2\/types\/post"}],"author":[{"embeddable":true,"href":"https:\/\/gazdasagportal.hu\/index.php\/wp-json\/wp\/v2\/users\/1001003"}],"replies":[{"embeddable":true,"href":"https:\/\/gazdasagportal.hu\/index.php\/wp-json\/wp\/v2\/comments?post=113092"}],"version-history":[{"count":1,"href":"https:\/\/gazdasagportal.hu\/index.php\/wp-json\/wp\/v2\/posts\/113092\/revisions"}],"predecessor-version":[{"id":113093,"href":"https:\/\/gazdasagportal.hu\/index.php\/wp-json\/wp\/v2\/posts\/113092\/revisions\/113093"}],"wp:featuredmedia":[{"embeddable":true,"href":"https:\/\/gazdasagportal.hu\/index.php\/wp-json\/wp\/v2\/media\/78635"}],"wp:attachment":[{"href":"https:\/\/gazdasagportal.hu\/index.php\/wp-json\/wp\/v2\/media?parent=113092"}],"wp:term":[{"taxonomy":"category","embeddable":true,"href":"https:\/\/gazdasagportal.hu\/index.php\/wp-json\/wp\/v2\/categories?post=113092"},{"taxonomy":"post_tag","embeddable":true,"href":"https:\/\/gazdasagportal.hu\/index.php\/wp-json\/wp\/v2\/tags?post=113092"}],"curies":[{"name":"wp","href":"https:\/\/api.w.org\/{rel}","templated":true}]}}