{"id":113088,"date":"2019-01-26T19:40:22","date_gmt":"2019-01-26T18:40:22","guid":{"rendered":"http:\/\/gazdasagportal.hu\/?p=113088"},"modified":"2019-01-26T19:40:22","modified_gmt":"2019-01-26T18:40:22","slug":"onos-esore-figyelmeztet-a-meteorologiai-szolgalat-3","status":"publish","type":"post","link":"https:\/\/gazdasagportal.hu\/index.php\/onos-esore-figyelmeztet-a-meteorologiai-szolgalat-3\/","title":{"rendered":"\u00d3nos es\u0151re figyelmeztet a meteorol\u00f3giai szolg\u00e1lat"},"content":{"rendered":"<p><strong>Egy megy\u00e9re m\u00e1sodfok\u00fa, h\u00e9t megy\u00e9re \u00e9s a f\u0151v\u00e1rosra els\u0151fok\u00fa figyelmeztet\u00e9st adott ki \u00f3nos es\u0151 vesz\u00e9lye miatt az Orsz\u00e1gos Meteorol\u00f3giai Szolg\u00e1lat szombaton.<\/strong><!--more--><\/p>\n<div class=\"ads-in-post1\"><div id=\"gazdasagportal.hu_fullbanner_wideboard\"><\/div>\r\n<\/div>\n<p>    Az MTI-hez eljuttatott vesz\u00e9lyjelz\u00e9s szerint Gy\u0151r-Moson-Sopron megy\u00e9ben m\u00e1sodfok\u00fa figyelmeztet\u00e9s, Budapesten, Pest, B\u00e1cs-Kiskun, Fej\u00e9r, Kom\u00e1rom-Esztergom, Tolna, Vas \u00e9s Veszpr\u00e9m megy\u00e9ben els\u0151fok\u00fa riaszt\u00e1s van \u00e9rv\u00e9nyben.<br \/>\n    Azt \u00edrt\u00e1k: szombaton \u00e9szaknyugat fel\u0151l melegfront \u00e9ri el az orsz\u00e1got, amelyb\u0151l egyre nagyobb ter\u00fcleten lehet sz\u00e1m\u00edtani kisebb csapad\u00e9kra. Kezdetben t\u00f6bbnyire havaz\u00e1s, majd d\u00e9lut\u00e1n, k\u00e9s\u0151 d\u00e9lut\u00e1n \u00e9szaknyugat fel\u0151l egyre t\u00f6bb helyen lehet \u00f3nos es\u0151, fagyott es\u0151, havas es\u0151, v\u00e9g\u00fcl es\u0151.<br \/>\n<div class=\"ads-in-post2\"><script async src=\"https:\/\/pagead2.googlesyndication.com\/pagead\/js\/adsbygoogle.js\"><\/script>\r\n<ins class=\"adsbygoogle\"\r\n     style=\"display:block\"\r\n     data-ad-format=\"fluid\"\r\n     data-ad-layout-key=\"-6t+ed+2i-1n-4w\"\r\n     data-ad-client=\"ca-pub-1959107119989764\"\r\n     data-ad-slot=\"4008251320\"><\/ins>\r\n<script>\r\n     (adsbygoogle = window.adsbygoogle || []).push({});\r\n<\/script><\/div>\n    A Tisz\u00e1nt\u00falon, valamint az \u00e9szakkeleti megy\u00e9kben ugyanakkor marad a havaz\u00e1s. Jellemz\u0151en 1-2 centim\u00e9ter (lok\u00e1lisan ak\u00e1r 2-4 centim\u00e9ternyi) friss h\u00f3 hullhat. Emellett n\u00e9h\u00e1ny tizedmillim\u00e9ter, Gy\u0151r-Moson-Sopron megy\u00e9ben jelent\u0151sebb mennyis\u00e9g\u0171 \u00f3nos es\u0151re is k\u00e9sz\u00fclni kell.<br \/>\n    \u00c9jjel kezdetben m\u00e9g t\u00f6bbfel\u00e9 hullhat kisebb mennyis\u00e9g\u0171 csapad\u00e9k, a Tisz\u00e1nt\u00falon \u00e9s \u00e9szakkeleten tov\u00e1bbra is h\u00f3, m\u00edg att\u00f3l nyugatra vegyes halmaz\u00e1llapot\u00fa csapad\u00e9k, esetleg es\u0151. Vas\u00e1rnap napk\u00f6zben m\u00e1r ink\u00e1bb csak az orsz\u00e1g keleti fel\u00e9n fordulhat el\u0151 tov\u00e1bbi kisebb havaz\u00e1s, h\u00f3sz\u00e1lling\u00f3z\u00e1s, legtov\u00e1bb a keleti, \u00e9szakkeleti hat\u00e1r ment\u00e9n &#8211; k\u00f6z\u00f6lte a meteorol\u00f3giai szolg\u00e1lat.(MTI)<\/p>\n","protected":false},"excerpt":{"rendered":"<p>Egy megy\u00e9re m\u00e1sodfok\u00fa, h\u00e9t megy\u00e9re \u00e9s a f\u0151v\u00e1rosra els\u0151fok\u00fa figyelmeztet\u00e9st adott ki \u00f3nos es\u0151 vesz\u00e9lye miatt az Orsz\u00e1gos Meteorol\u00f3giai Szolg\u00e1lat szombaton.<\/p>\n","protected":false},"author":1001003,"featured_media":0,"comment_status":"closed","ping_status":"open","sticky":false,"template":"","format":"standard","meta":[],"categories":[4],"tags":[],"_links":{"self":[{"href":"https:\/\/gazdasagportal.hu\/index.php\/wp-json\/wp\/v2\/posts\/113088"}],"collection":[{"href":"https:\/\/gazdasagportal.hu\/index.php\/wp-json\/wp\/v2\/posts"}],"about":[{"href":"https:\/\/gazdasagportal.hu\/index.php\/wp-json\/wp\/v2\/types\/post"}],"author":[{"embeddable":true,"href":"https:\/\/gazdasagportal.hu\/index.php\/wp-json\/wp\/v2\/users\/1001003"}],"replies":[{"embeddable":true,"href":"https:\/\/gazdasagportal.hu\/index.php\/wp-json\/wp\/v2\/comments?post=113088"}],"version-history":[{"count":1,"href":"https:\/\/gazdasagportal.hu\/index.php\/wp-json\/wp\/v2\/posts\/113088\/revisions"}],"predecessor-version":[{"id":113089,"href":"https:\/\/gazdasagportal.hu\/index.php\/wp-json\/wp\/v2\/posts\/113088\/revisions\/113089"}],"wp:attachment":[{"href":"https:\/\/gazdasagportal.hu\/index.php\/wp-json\/wp\/v2\/media?parent=113088"}],"wp:term":[{"taxonomy":"category","embeddable":true,"href":"https:\/\/gazdasagportal.hu\/index.php\/wp-json\/wp\/v2\/categories?post=113088"},{"taxonomy":"post_tag","embeddable":true,"href":"https:\/\/gazdasagportal.hu\/index.php\/wp-json\/wp\/v2\/tags?post=113088"}],"curies":[{"name":"wp","href":"https:\/\/api.w.org\/{rel}","templated":true}]}}