{"id":113086,"date":"2019-01-26T17:13:29","date_gmt":"2019-01-26T16:13:29","guid":{"rendered":"http:\/\/gazdasagportal.hu\/?p=113086"},"modified":"2019-01-26T17:13:29","modified_gmt":"2019-01-26T16:13:29","slug":"brexit-sky-news-keszletezesbe-kezdett-a-brit-hadsereg-a-megallapodas-nelkuli-brexit-esetere","status":"publish","type":"post","link":"https:\/\/gazdasagportal.hu\/index.php\/brexit-sky-news-keszletezesbe-kezdett-a-brit-hadsereg-a-megallapodas-nelkuli-brexit-esetere\/","title":{"rendered":"Brexit &#8211; Sky News: k\u00e9szletez\u00e9sbe kezdett a brit hadsereg a meg\u00e1llapod\u00e1s n\u00e9lk\u00fcli Brexit eset\u00e9re"},"content":{"rendered":"<p><strong>A Sky News brit h\u00edrtelev\u00edzi\u00f3 szombati \u00e9rtes\u00fcl\u00e9se szerint \u00e9lelmiszer, \u00fczemanyag, alkatr\u00e9szek \u00e9s hadianyag el\u0151zetes k\u00e9szletez\u00e9s\u00e9be kezdett a brit hadsereg, arra az esetre, ha a brit EU-tags\u00e1g meg\u00e1llapod\u00e1s n\u00e9lk\u00fcli megsz\u0171n\u00e9se eset\u00e9n fennakad\u00e1sok keletkezn\u00e9nek az importban.<\/strong><!--more--><\/p>\n<div class=\"ads-in-post1\"><div id=\"gazdasagportal.hu_fullbanner_wideboard\"><\/div>\r\n<\/div>\n<p>    A n\u00e9v n\u00e9lk\u00fcl nyilatkoz\u00f3 forr\u00e1sokat id\u00e9z\u0151 besz\u00e1mol\u00f3 szerint a Falkland-szigeteken, Cipruson \u00e9s Gibralt\u00e1ron, illetve Nagy-Britanni\u00e1ban m\u0171k\u00f6d\u0151 t\u00e1maszpontokon gy\u0171jtik a hivatalosan &#8222;el\u0151beszerz\u00e9snek&#8221; nevezett program keret\u00e9ben v\u00e1s\u00e1rolt k\u00e9szleteket.<br \/>\n    Az \u00e9rtes\u00fcl\u00e9s szerint a hadvezet\u00e9s eddig 23 milli\u00f3 fontot (8,5 milli\u00e1rd forintot) ford\u00edtott e beszerz\u00e9sekre.<br \/>\n    A brit v\u00e9delmi miniszt\u00e9rium sz\u00f3viv\u0151je a Sky News \u00e9rdekl\u0151d\u00e9s\u00e9re csak annyit k\u00f6z\u00f6lt, hogy a t\u00e1rca gyakorlatszer\u0171en folytat k\u00e9szenl\u00e9ti tervez\u00e9st, \u00e9s teljesen hely\u00e9nval\u00f3, hogy a korm\u00e1ny sz\u00e1mos forgat\u00f3k\u00f6nyv figyelembe v\u00e9tel\u00e9vel biztos\u00edtja a fegyveres er\u0151k felk\u00e9sz\u00fclts\u00e9g\u00e9t \u00e9s ell\u00e1totts\u00e1g\u00e1t az EU-tags\u00e1g megsz\u0171n\u00e9se ut\u00e1ni id\u0151szakra.<br \/>\n<div class=\"ads-in-post2\"><script async src=\"https:\/\/pagead2.googlesyndication.com\/pagead\/js\/adsbygoogle.js\"><\/script>\r\n<ins class=\"adsbygoogle\"\r\n     style=\"display:block\"\r\n     data-ad-format=\"fluid\"\r\n     data-ad-layout-key=\"-6t+ed+2i-1n-4w\"\r\n     data-ad-client=\"ca-pub-1959107119989764\"\r\n     data-ad-slot=\"4008251320\"><\/ins>\r\n<script>\r\n     (adsbygoogle = window.adsbygoogle || []).push({});\r\n<\/script><\/div>\n    A sz\u00f3viv\u0151 annyit elismert, hogy az &#8222;el\u0151beszerz\u00e9si program&#8221; keret\u00e9ben a miniszt\u00e9rium &#8222;korl\u00e1tozott mennyis\u00e9g\u0171 \u00e1ltal\u00e1nos ell\u00e1tm\u00e1nyt&#8221; v\u00e1s\u00e1rolt a m\u0171k\u00f6d\u0151k\u00e9pess\u00e9g fenntart\u00e1sa \u00e9rdek\u00e9ben arra az esetre, ha fennakad\u00e1sok t\u00e1madn\u00e1nak a beszerz\u00e9si l\u00e1ncolatban.<br \/>\n    A brit korm\u00e1ny m\u00e1r n\u00e9h\u00e1ny h\u00e9ttel ezel\u0151tt bejelentette, hogy kompkapacit\u00e1sokat b\u00e9relt arra az esetre, ha nem l\u00e9pne \u00e9rv\u00e9nybe a brit EU-tags\u00e1g megsz\u0171n\u00e9s\u00e9nek (Brexit) felt\u00e9telrendszer\u00e9r\u0151l sz\u00f3l\u00f3 meg\u00e1llapod\u00e1s, \u00e9s emiatt fennakad\u00e1sok keletkezn\u00e9nek az \u00e1ltal\u00e1nos nagy-britanniai \u00e1ruell\u00e1t\u00e1sban.<br \/>\n    A k\u00f6zleked\u00e9si miniszt\u00e9rium 107,7 milli\u00f3 font (39 milli\u00e1rd forint) \u00e9rt\u00e9kben a francia Brittany Ferries, a d\u00e1n DFDS \u00e9s a brit Seaborne Freight haj\u00f3z\u00e1si t\u00e1rsas\u00e1gokkal k\u00f6t\u00f6tt szerz\u0151d\u00e9st havi f\u00e9lmilli\u00f3 tonna p\u00f3tl\u00f3lagos kapacit\u00e1s biztos\u00edt\u00e1s\u00e1ra. Ez heti n\u00e9gyezer kamion sz\u00e1ll\u00edt\u00e1s\u00e1ra elegend\u0151 p\u00f3tkapacit\u00e1st jelent.<br \/>\n    A c\u00e9l az, hogy ha a meg\u00e1llapod\u00e1s n\u00e9lk\u00fcli Brexit miatt a legnagyobb brit kompkik\u00f6t\u0151ben, a d\u00e9lkelet-angliai Doverben fennakad\u00e1sok t\u00e1madn\u00e1nak, legyen k\u00e9szenl\u00e9tben elegend\u0151 kapacit\u00e1s a forgalom \u00e1tir\u00e1ny\u00edt\u00e1s\u00e1ra m\u00e1s nagy-britanniai kik\u00f6t\u0151kbe.<br \/>\n    A patin\u00e1s University College London (UCL) egyetem \u00e1ltal a brit k\u00f6zleked\u00e9si miniszt\u00e9rium sz\u00e1m\u00e1ra \u00f6ssze\u00e1ll\u00edtott bizalmas hat\u00e1svizsg\u00e1lati jelent\u00e9s szerint &#8211; amely a minap eljutott a Financial Times c\u00edm\u0171 londoni \u00fczleti napilaphoz &#8211; j\u00e1rm\u0171venk\u00e9nt mind\u00f6ssze 70 m\u00e1sodpercnyi \u00e1tlagos v\u00e1mvizsg\u00e1lati id\u0151 is akkora torl\u00f3d\u00e1st okozna a Doverbe, illetve a szemk\u00f6zti Calais kik\u00f6t\u0151j\u00e9be vezet\u0151 utakon, hogy egy-egy kamion ak\u00e1r hat napot is v\u00e1rhat az \u00e1tjut\u00e1sra.<br \/>\n    Doverben \u00e9vente 2,5 milli\u00f3 kamion fordul meg.(MTI)<\/p>\n","protected":false},"excerpt":{"rendered":"<p>A Sky News brit h\u00edrtelev\u00edzi\u00f3 szombati \u00e9rtes\u00fcl\u00e9se szerint \u00e9lelmiszer, \u00fczemanyag, alkatr\u00e9szek \u00e9s hadianyag el\u0151zetes k\u00e9szletez\u00e9s\u00e9be kezdett a brit hadsereg, arra az esetre, ha a brit EU-tags\u00e1g meg\u00e1llapod\u00e1s n\u00e9lk\u00fcli megsz\u0171n\u00e9se eset\u00e9n fennakad\u00e1sok keletkezn\u00e9nek az importban.<\/p>\n","protected":false},"author":1001003,"featured_media":0,"comment_status":"closed","ping_status":"open","sticky":false,"template":"","format":"standard","meta":[],"categories":[246],"tags":[],"_links":{"self":[{"href":"https:\/\/gazdasagportal.hu\/index.php\/wp-json\/wp\/v2\/posts\/113086"}],"collection":[{"href":"https:\/\/gazdasagportal.hu\/index.php\/wp-json\/wp\/v2\/posts"}],"about":[{"href":"https:\/\/gazdasagportal.hu\/index.php\/wp-json\/wp\/v2\/types\/post"}],"author":[{"embeddable":true,"href":"https:\/\/gazdasagportal.hu\/index.php\/wp-json\/wp\/v2\/users\/1001003"}],"replies":[{"embeddable":true,"href":"https:\/\/gazdasagportal.hu\/index.php\/wp-json\/wp\/v2\/comments?post=113086"}],"version-history":[{"count":1,"href":"https:\/\/gazdasagportal.hu\/index.php\/wp-json\/wp\/v2\/posts\/113086\/revisions"}],"predecessor-version":[{"id":113087,"href":"https:\/\/gazdasagportal.hu\/index.php\/wp-json\/wp\/v2\/posts\/113086\/revisions\/113087"}],"wp:attachment":[{"href":"https:\/\/gazdasagportal.hu\/index.php\/wp-json\/wp\/v2\/media?parent=113086"}],"wp:term":[{"taxonomy":"category","embeddable":true,"href":"https:\/\/gazdasagportal.hu\/index.php\/wp-json\/wp\/v2\/categories?post=113086"},{"taxonomy":"post_tag","embeddable":true,"href":"https:\/\/gazdasagportal.hu\/index.php\/wp-json\/wp\/v2\/tags?post=113086"}],"curies":[{"name":"wp","href":"https:\/\/api.w.org\/{rel}","templated":true}]}}