{"id":113084,"date":"2019-01-26T15:01:32","date_gmt":"2019-01-26T14:01:32","guid":{"rendered":"http:\/\/gazdasagportal.hu\/?p=113084"},"modified":"2019-01-26T12:02:47","modified_gmt":"2019-01-26T11:02:47","slug":"egyeves-a-mol-limo","status":"publish","type":"post","link":"https:\/\/gazdasagportal.hu\/index.php\/egyeves-a-mol-limo\/","title":{"rendered":"Egy\u00e9ves a Mol Limo"},"content":{"rendered":"<p><strong>A tavaly janu\u00e1ri indul\u00e1s \u00f3ta m\u00e1r h\u00e1rommilli\u00f3 kilom\u00e9tert tettek meg a Mol Limo aut\u00f3i, egy \u00e9v alatt t\u00f6bb mint 40 ezer felhaszn\u00e1l\u00f3 regisztr\u00e1lt a budapesti aut\u00f3megoszt\u00f3 szolg\u00e1ltat\u00e1sra &#8211; k\u00f6z\u00f6lte a Mol.<\/strong><!--more--><\/p>\n<div class=\"ads-in-post1\"><div id=\"gazdasagportal.hu_fullbanner_wideboard\"><\/div>\r\n<\/div>\n<p>    A k\u00f6z\u00f6ss\u00e9gi aut\u00f3megoszt\u00f3 szolg\u00e1ltat\u00e1s flott\u00e1ja kezdetben 300 aut\u00f3b\u00f3l \u00e1llt, jelenleg m\u00e1r 450 aut\u00f3b\u00f3l a felhaszn\u00e1l\u00f3k 100 elektromos, valamint 300 benzin\u00fczem\u0171 Volkswagen up! \u00e9s 50 \u00fajgener\u00e1ci\u00f3s Mercedes-Benz A-oszt\u00e1ly j\u00e1rm\u0171vet vehetnek ig\u00e9nybe. A t\u00e1j\u00e9koztat\u00e1s szerint a tavaly szeptembert\u0151l el\u00e9rhet\u0151 pr\u00e9mium kateg\u00f3ri\u00e1s Mercedes j\u00e1rm\u0171vek k\u00fcl\u00f6n\u00f6sen kedveltek a f\u0151v\u00e1rosiak k\u00f6r\u00e9ben, kevesebb mint 4 h\u00f3nap alatt t\u00f6bb mint 200 ezer kilom\u00e9tert tettek meg vel\u00fck.<br \/>\n    A Mol Limo nem csak a fiatalok k\u00f6r\u00e9ben n\u00e9pszer\u0171, a legid\u0151sebb regisztr\u00e1lt felhaszn\u00e1l\u00f3 89 \u00e9ves. A k\u00f6z\u00f6ss\u00e9g tagjai t\u00f6bb mint 10 milli\u00f3 percet t\u00f6lt\u00f6ttek a vol\u00e1n m\u00f6g\u00f6tt, ami 19 teljes \u00e9vet tesz ki.<br \/>\n<div class=\"ads-in-post2\"><script async src=\"https:\/\/pagead2.googlesyndication.com\/pagead\/js\/adsbygoogle.js\"><\/script>\r\n<ins class=\"adsbygoogle\"\r\n     style=\"display:block\"\r\n     data-ad-format=\"fluid\"\r\n     data-ad-layout-key=\"-6t+ed+2i-1n-4w\"\r\n     data-ad-client=\"ca-pub-1959107119989764\"\r\n     data-ad-slot=\"4008251320\"><\/ins>\r\n<script>\r\n     (adsbygoogle = window.adsbygoogle || []).push({});\r\n<\/script><\/div>\n    A szolg\u00e1ltat\u00e1s indul\u00e1sa \u00f3ta folyamatosan b\u0151v\u00fclt a Limo-z\u00f3na is, a kezdeti 60 n\u00e9gyzetkilom\u00e9teres ter\u00fclet m\u00e1ra 77,5 n\u00e9gyzetkilom\u00e9terre n\u0151tt. Egy n\u00e9gyzetkilom\u00e9teren bel\u00fcl \u00e1tlagosan hat aut\u00f3t tal\u00e1lhatnak a felhaszn\u00e1l\u00f3k, ami azt jelenti, hogy s\u00e9tat\u00e1vols\u00e1gban \u00e1tlagosan 5 percen bel\u00fcl el\u00e9rhet\u0151k az aut\u00f3k.<br \/>\n    A Mol folyamatosan n\u00f6velni k\u00edv\u00e1nja a flott\u00e1t, azon bel\u00fcl pedig az elektromos aut\u00f3k ar\u00e1ny\u00e1t. A szolg\u00e1ltat\u00e1si ter\u00fclet folyamatos b\u0151v\u00edt\u00e9s\u00e9vel pedig szeretn\u00e9k el\u00e9rni, hogy m\u00e9g t\u00f6bb ember sz\u00e1m\u00e1ra legyen a Mol Limo el\u00e9rhet\u0151 k\u00f6zleked\u00e9si alternat\u00edva, ezzel cs\u00f6kkenthet\u0151 Budapest g\u00e9pj\u00e1rm\u0171-terhelts\u00e9ge \u00e9s el\u0151seg\u00edthet\u0151 a v\u00e1ros \u00e9lhet\u0151bb\u00e9 t\u00e9tele &#8211; \u00e1ll a k\u00f6zlem\u00e9nyben.(MTI)<\/p>\n","protected":false},"excerpt":{"rendered":"<p>A tavaly janu\u00e1ri indul\u00e1s \u00f3ta m\u00e1r h\u00e1rommilli\u00f3 kilom\u00e9tert tettek meg a Mol Limo aut\u00f3i, egy \u00e9v alatt t\u00f6bb mint 40 ezer felhaszn\u00e1l\u00f3 regisztr\u00e1lt a budapesti aut\u00f3megoszt\u00f3 szolg\u00e1ltat\u00e1sra &#8211; k\u00f6z\u00f6lte a Mol.<\/p>\n","protected":false},"author":1001003,"featured_media":0,"comment_status":"closed","ping_status":"open","sticky":false,"template":"","format":"standard","meta":[],"categories":[4,19],"tags":[],"_links":{"self":[{"href":"https:\/\/gazdasagportal.hu\/index.php\/wp-json\/wp\/v2\/posts\/113084"}],"collection":[{"href":"https:\/\/gazdasagportal.hu\/index.php\/wp-json\/wp\/v2\/posts"}],"about":[{"href":"https:\/\/gazdasagportal.hu\/index.php\/wp-json\/wp\/v2\/types\/post"}],"author":[{"embeddable":true,"href":"https:\/\/gazdasagportal.hu\/index.php\/wp-json\/wp\/v2\/users\/1001003"}],"replies":[{"embeddable":true,"href":"https:\/\/gazdasagportal.hu\/index.php\/wp-json\/wp\/v2\/comments?post=113084"}],"version-history":[{"count":1,"href":"https:\/\/gazdasagportal.hu\/index.php\/wp-json\/wp\/v2\/posts\/113084\/revisions"}],"predecessor-version":[{"id":113085,"href":"https:\/\/gazdasagportal.hu\/index.php\/wp-json\/wp\/v2\/posts\/113084\/revisions\/113085"}],"wp:attachment":[{"href":"https:\/\/gazdasagportal.hu\/index.php\/wp-json\/wp\/v2\/media?parent=113084"}],"wp:term":[{"taxonomy":"category","embeddable":true,"href":"https:\/\/gazdasagportal.hu\/index.php\/wp-json\/wp\/v2\/categories?post=113084"},{"taxonomy":"post_tag","embeddable":true,"href":"https:\/\/gazdasagportal.hu\/index.php\/wp-json\/wp\/v2\/tags?post=113084"}],"curies":[{"name":"wp","href":"https:\/\/api.w.org\/{rel}","templated":true}]}}