{"id":112901,"date":"2019-01-20T09:46:01","date_gmt":"2019-01-20T08:46:01","guid":{"rendered":"http:\/\/gazdasagportal.hu\/?p=112901"},"modified":"2019-01-20T09:46:01","modified_gmt":"2019-01-20T08:46:01","slug":"heti-tozsdei-osszefoglalo-jo-hangulatban-emelkedett-a-bux-a-heten","status":"publish","type":"post","link":"https:\/\/gazdasagportal.hu\/index.php\/heti-tozsdei-osszefoglalo-jo-hangulatban-emelkedett-a-bux-a-heten\/","title":{"rendered":"Heti t\u0151zsdei \u00f6sszefoglal\u00f3: J\u00f3 hangulatban emelkedett a BUX a h\u00e9ten"},"content":{"rendered":"<p><strong>Kiss\u00e9 cs\u00f6kken\u0151 forgalomban emelkedett a Budapesti \u00c9rt\u00e9kt\u0151zsde (B\u00c9T) r\u00e9szv\u00e9nyindexe a h\u00e9ten, a BUX 41 503,91 ponton z\u00e1rt p\u00e9nteken, 617,85 ponttal, 1,51 sz\u00e1zal\u00e9kkal er\u0151s\u00f6d\u00f6tt az el\u0151z\u0151 heti z\u00e1r\u00f3\u00e9rt\u00e9k\u00e9hez k\u00e9pest.<\/strong><!--more--><\/p>\n<div class=\"ads-in-post1\"><div id=\"gazdasagportal.hu_fullbanner_wideboard\"><\/div>\r\n<\/div>\n<p>    A r\u00e9szv\u00e9nypiac heti forgalma 51,92 milli\u00e1rd forint volt, szemben az el\u0151z\u0151 heti 55,62 milli\u00e1rd forinttal. A vezet\u0151 r\u00e9szv\u00e9nyek er\u0151s\u00f6dtek a h\u00e9ten.<br \/>\n    Az Equilor Befektet\u00e9si Zrt. MTI-hez eljuttatott t\u0151zsdei elemz\u00e9se szerint a h\u00e9ten is pozit\u00edv hangulatban zajlott a keresked\u00e9s a Budapesti \u00c9rt\u00e9kt\u0151zsd\u00e9n. Az OTP a cs\u00fct\u00f6rt\u00f6ki keresked\u00e9s sor\u00e1n \u00e1tt\u00f6rte a t\u00f6rt\u00e9nelmi maximumot, b\u00e1r p\u00e9ntekre enyh\u00e9n visszakorrig\u00e1lt. A t\u0151zsdei hangulathoz hozz\u00e1j\u00e1rultak az amerikai bankok j\u00f3 negyed\u00e9ves jelent\u00e9sei, \u00e9s az amerikai-k\u00ednai kereskedelmi h\u00e1bor\u00faval kapcsolatos pozit\u00edv h\u00edrek. A Brexit k\u00f6r\u00fcli h\u00edrek nem okoztak jelent\u0151s felfordul\u00e1st a piacokon &#8211; \u00edrt\u00e1k.<br \/>\n    Az OTP c\u00e9l\u00e1r\u00e1t 14 500-r\u00f3l 14 700 forintra emelte a J.P. Morgan, tov\u00e1bbra is tartja fel\u00fcls\u00falyoz\u00e1si aj\u00e1nl\u00e1s\u00e1t.<br \/>\n<div class=\"ads-in-post2\"><script async src=\"https:\/\/pagead2.googlesyndication.com\/pagead\/js\/adsbygoogle.js\"><\/script>\r\n<ins class=\"adsbygoogle\"\r\n     style=\"display:block\"\r\n     data-ad-format=\"fluid\"\r\n     data-ad-layout-key=\"-6t+ed+2i-1n-4w\"\r\n     data-ad-client=\"ca-pub-1959107119989764\"\r\n     data-ad-slot=\"4008251320\"><\/ins>\r\n<script>\r\n     (adsbygoogle = window.adsbygoogle || []).push({});\r\n<\/script><\/div>\n    Szerd\u00e1n Cs\u00e1nyi S\u00e1ndor \u00e9s Bencsik L\u00e1szl\u00f3 vettek r\u00e9szt az OTP Bank sz\u00f3fiai sajt\u00f3t\u00e1j\u00e9koztat\u00f3j\u00e1n, az Expressbank megv\u00e1s\u00e1rl\u00e1s\u00e1nak lez\u00e1r\u00e1s\u00e1r\u00f3l. A vez\u00e9rigazgat\u00f3 megeml\u00edtette, hogy a k\u00f6nyv szerinti \u00e9rt\u00e9k 1-1,5-sz\u00f6r\u00f6s\u00e9t fizett\u00e9k a bank\u00e9rt. Jelz\u00e9se szerint id\u00e9n 2-3 \u00faj orsz\u00e1gba terveznek bel\u00e9pni, Szlov\u00e9ni\u00e1t n\u00e9v szerint is eml\u00edtette. Az elemz\u0151k szerint a SocGen maked\u00f3n le\u00e1nya egy\u00e9rtelm\u0171 c\u00e9lpont, \u00e9s a bosny\u00e1k piacon is \u00e9rdekl\u0151dik az OTP.<br \/>\n    Nagy M\u00e1rton, az MNB aleln\u00f6ke szerd\u00e1n, a b\u00e9csi Euromoney konferenci\u00e1n tartott besz\u00e9d\u00e9ben elmondta, hogy a jegybank az ad\u00f3hat\u00e1sokt\u00f3l megtiszt\u00edtott maginfl\u00e1ci\u00f3s mutat\u00f3t k\u00f6veti figyelemmel, \u00e9s amennyiben az el\u00e9ri a 3 sz\u00e1zal\u00e9kos szintet, megkezd\u0151dhet a monet\u00e1ris politika normaliz\u00e1l\u00e1sa. Az aleln\u00f6k szerint ez ak\u00e1r m\u00e1r 2019 els\u0151 negyed\u00e9v\u00e9ben bek\u00f6vetkezhet. Term\u00e9szetesen els\u0151k\u00e9nt nem kamatemel\u00e9st vet\u00edtett el\u0151re, hanem a nem konvencion\u00e1lis int\u00e9zked\u00e9sek visszavon\u00e1s\u00e1t. Az Equilor v\u00e1rakoz\u00e1sa szerint az els\u0151 kamatemel\u00e9st legkor\u00e1bban id\u00e9n az utols\u00f3 negyed\u00e9vben fogja megtenni az MNB. A besz\u00e9det k\u00f6vet\u0151en jelent\u0151sen er\u0151s\u00f6d\u00f6tt a forint, mivel a befektet\u0151k szerint els\u0151sorban nem az Eur\u00f3pai K\u00f6zponti Bank l\u00e9p\u00e9seit veszi figyelembe az MNB, hanem az infl\u00e1ci\u00f3s folyamatokat &#8211; k\u00f6z\u00f6lte az Equilor.(MTI)<\/p>\n","protected":false},"excerpt":{"rendered":"<p>Kiss\u00e9 cs\u00f6kken\u0151 forgalomban emelkedett a Budapesti \u00c9rt\u00e9kt\u0151zsde (B\u00c9T) r\u00e9szv\u00e9nyindexe a h\u00e9ten, a BUX 41 503,91 ponton z\u00e1rt p\u00e9nteken, 617,85 ponttal, 1,51 sz\u00e1zal\u00e9kkal er\u0151s\u00f6d\u00f6tt az el\u0151z\u0151 heti z\u00e1r\u00f3\u00e9rt\u00e9k\u00e9hez k\u00e9pest.<\/p>\n","protected":false},"author":1001003,"featured_media":84207,"comment_status":"closed","ping_status":"open","sticky":false,"template":"","format":"standard","meta":[],"categories":[146,7],"tags":[],"_links":{"self":[{"href":"https:\/\/gazdasagportal.hu\/index.php\/wp-json\/wp\/v2\/posts\/112901"}],"collection":[{"href":"https:\/\/gazdasagportal.hu\/index.php\/wp-json\/wp\/v2\/posts"}],"about":[{"href":"https:\/\/gazdasagportal.hu\/index.php\/wp-json\/wp\/v2\/types\/post"}],"author":[{"embeddable":true,"href":"https:\/\/gazdasagportal.hu\/index.php\/wp-json\/wp\/v2\/users\/1001003"}],"replies":[{"embeddable":true,"href":"https:\/\/gazdasagportal.hu\/index.php\/wp-json\/wp\/v2\/comments?post=112901"}],"version-history":[{"count":1,"href":"https:\/\/gazdasagportal.hu\/index.php\/wp-json\/wp\/v2\/posts\/112901\/revisions"}],"predecessor-version":[{"id":112902,"href":"https:\/\/gazdasagportal.hu\/index.php\/wp-json\/wp\/v2\/posts\/112901\/revisions\/112902"}],"wp:featuredmedia":[{"embeddable":true,"href":"https:\/\/gazdasagportal.hu\/index.php\/wp-json\/wp\/v2\/media\/84207"}],"wp:attachment":[{"href":"https:\/\/gazdasagportal.hu\/index.php\/wp-json\/wp\/v2\/media?parent=112901"}],"wp:term":[{"taxonomy":"category","embeddable":true,"href":"https:\/\/gazdasagportal.hu\/index.php\/wp-json\/wp\/v2\/categories?post=112901"},{"taxonomy":"post_tag","embeddable":true,"href":"https:\/\/gazdasagportal.hu\/index.php\/wp-json\/wp\/v2\/tags?post=112901"}],"curies":[{"name":"wp","href":"https:\/\/api.w.org\/{rel}","templated":true}]}}