{"id":112890,"date":"2019-01-19T10:12:28","date_gmt":"2019-01-19T09:12:28","guid":{"rendered":"http:\/\/gazdasagportal.hu\/?p=112890"},"modified":"2019-01-19T11:42:21","modified_gmt":"2019-01-19T10:42:21","slug":"z-amerikai-hazelnok-lemondta-kulfoldi-utjat-a-trumppal-tamadt-vita-utan","status":"publish","type":"post","link":"https:\/\/gazdasagportal.hu\/index.php\/z-amerikai-hazelnok-lemondta-kulfoldi-utjat-a-trumppal-tamadt-vita-utan\/","title":{"rendered":"Az amerikai h\u00e1zeln\u00f6k lemondta k\u00fclf\u00f6ldi \u00fatj\u00e1t a Trumppal t\u00e1madt vita ut\u00e1n"},"content":{"rendered":"<p><strong>Nancy Pelosi amerikai h\u00e1zeln\u00f6k p\u00e9nteken lemondta a Br\u00fcsszelbe, Egyiptomba \u00e9s Afganiszt\u00e1nba tervezett \u00fatj\u00e1t, miut\u00e1n el\u0151z\u0151 nap Donald Trump eln\u00f6k lev\u00e9lben k\u00f6z\u00f6lte, hogy \u0151 \u00e9s a deleg\u00e1ci\u00f3 nem veheti ig\u00e9nybe a Pentagon (v\u00e9delmi miniszt\u00e9rium) katonai k\u00fcl\u00f6n rep\u00fcl\u0151g\u00e9p\u00e9t.<\/strong><!--more--><\/p>\n<div class=\"ads-in-post1\"><div id=\"gazdasagportal.hu_fullbanner_wideboard\"><\/div>\r\n<\/div>\n<p>    A Feh\u00e9r H\u00e1z k\u00f6lts\u00e9gvet\u00e9si hivatala p\u00e9nteken tudatta, hogy a korm\u00e1ny megtiltotta a kongresszusi politikusoknak, hogy a r\u00e9szleges korm\u00e1nyzati le\u00e1ll\u00e1s idej\u00e9n a korm\u00e1ny, vagy a korm\u00e1ny \u00e1ltal m\u0171k\u00f6dtetett rep\u00fcl\u0151g\u00e9peket vegyenek ig\u00e9nybe utaz\u00e1saikhoz, a Feh\u00e9r H\u00e1z k\u00fcl\u00f6n enged\u00e9lye n\u00e9lk\u00fcl.<br \/>\n    Pelosi \u00fajs\u00e1g\u00edr\u00f3knak azt mondta: megfogadva az eln\u00f6k tan\u00e1cs\u00e1t, menetrendszer\u0171 j\u00e1rattal tervezte volna az utaz\u00e1st, de az eln\u00f6k vesz\u00e9lybe sodorta az \u0151 \u00e9s a k\u00fcld\u00f6tts\u00e9g biztons\u00e1g\u00e1t azzal, hogy nyilv\u00e1noss\u00e1gra hozta ezt a t\u00e9nyt. Rendk\u00edv\u00fcl felel\u0151tlen l\u00e9p\u00e9snek min\u0151s\u00edtette Donald Trump l\u00e9p\u00e9s\u00e9t.<br \/>\n    A h\u00e1zeln\u00f6k azt \u00e1ll\u00edtotta, hogy ezt a tervet szerinte a Feh\u00e9r H\u00e1z sziv\u00e1rogtatta ki.<br \/>\n    Arra az \u00fajs\u00e1g\u00edr\u00f3i k\u00e9rd\u00e9sre, hogy honnan tudja, hogy az inform\u00e1ci\u00f3t a Feh\u00e9r H\u00e1z sziv\u00e1rogtatta ki, Pelosi nem v\u00e1laszolt.<br \/>\n<div class=\"ads-in-post2\"><script async src=\"https:\/\/pagead2.googlesyndication.com\/pagead\/js\/adsbygoogle.js\"><\/script>\r\n<ins class=\"adsbygoogle\"\r\n     style=\"display:block\"\r\n     data-ad-format=\"fluid\"\r\n     data-ad-layout-key=\"-6t+ed+2i-1n-4w\"\r\n     data-ad-client=\"ca-pub-1959107119989764\"\r\n     data-ad-slot=\"4008251320\"><\/ins>\r\n<script>\r\n     (adsbygoogle = window.adsbygoogle || []).push({});\r\n<\/script><\/div>\n    A h\u00e1zeln\u00f6k helyettes kabinetf\u0151n\u00f6ke, Drew Hammill k\u00f6zlem\u00e9nyt adott ki, amelyben tudatta, hogy a k\u00fcl\u00fcgyminiszt\u00e9riumnak a diplomat\u00e1k biztons\u00e1g\u00e1val foglalkoz\u00f3 r\u00e9szlege arr\u00f3l t\u00e1j\u00e9koztatta Pelosit \u00e9s a deleg\u00e1ci\u00f3 tagjait, hogy a katonai g\u00e9p megtagad\u00e1sa \u00e9s az utaz\u00e1s nyilv\u00e1noss\u00e1gra ker\u00fcl\u00e9se miatt j\u00f3csk\u00e1n megn\u00f6vekedett mind a deleg\u00e1ci\u00f3, mind az Afganiszt\u00e1nban l\u00e9v\u0151 amerikai katon\u00e1k fenyegetetts\u00e9ge \u00e9s biztons\u00e1gi kock\u00e1zata. &#8222;Ma reggel megtudtuk, hogy a korm\u00e1nyzat kisziv\u00e1rogtatta a menetrendszer\u0171 j\u00e1rattal tervezett utaz\u00e1st is&#8221; &#8211; olvashat\u00f3 Hammill k\u00f6zlem\u00e9ny\u00e9ben.<br \/>\n    A The New York Times c\u00edm\u0171 lap id\u00e9zett egy neve elhallgat\u00e1s\u00e1t k\u00e9r\u0151 feh\u00e9r h\u00e1zi tiszts\u00e9gvisel\u0151t, aki c\u00e1folta a korm\u00e1nyzati kisziv\u00e1rogtat\u00e1st. &#8222;Egyszer\u0171en hazugs\u00e1g&#8221; &#8211; fogalmazott a tiszts\u00e9gvisel\u0151. Hangs\u00falyozta azt is, hogy am\u00fagy sem maradt volna titokban, ha a h\u00e1zeln\u00f6k \u00e9s a mintegy h\u00fasztag\u00fa deleg\u00e1ci\u00f3 Afganiszt\u00e1nba indul\u00f3 menetrendszer\u0171 j\u00e1ratra v\u00e1s\u00e1rol jegyet.<br \/>\n    A Feh\u00e9r H\u00e1z hivatalosan nem reag\u00e1lt a demokrata p\u00e1rti h\u00e1zeln\u00f6k \u00e1ltal elmondottakra.<br \/>\n    Donald Trump p\u00e9nteken lev\u00e9lben fejezte ki el\u00e9gedetlens\u00e9g\u00e9t, hogy Nancy Pelosi a r\u00e9szleges korm\u00e1nyzati le\u00e1ll\u00e1s idej\u00e9n utazni akar Washingtonb\u00f3l. Egy\u00fattal arr\u00f3l t\u00e1j\u00e9koztatta \u0151t, hogy a tervezet utaz\u00e1shoz nem veheti ig\u00e9nybe a Pentagon \u00e1ltal ilyen esetekben mindig biztos\u00edtott katonai k\u00fcl\u00f6ng\u00e9pet. Helyette azt javasolta, hogy a h\u00e1zeln\u00f6k &#8211; ha akar &#8211; utazzon menetrendszer\u0171 j\u00e1rattal.<br \/>\n    Az eln\u00f6knek, mint a hadsereg f\u0151parancsnok\u00e1nak, jog\u00e1ban \u00e1ll megvonni a Pentagon \u00e1ltal biztos\u00edtott katonai rep\u00fcl\u0151g\u00e9p haszn\u00e1lat\u00e1t.(MTI)<\/p>\n","protected":false},"excerpt":{"rendered":"<p>Nancy Pelosi amerikai h\u00e1zeln\u00f6k p\u00e9nteken lemondta a Br\u00fcsszelbe, Egyiptomba \u00e9s Afganiszt\u00e1nba tervezett \u00fatj\u00e1t, miut\u00e1n el\u0151z\u0151 nap Donald Trump eln\u00f6k lev\u00e9lben k\u00f6z\u00f6lte, hogy \u0151 \u00e9s a deleg\u00e1ci\u00f3 nem veheti ig\u00e9nybe a Pentagon (v\u00e9delmi miniszt\u00e9rium) katonai k\u00fcl\u00f6n rep\u00fcl\u0151g\u00e9p\u00e9t.<\/p>\n","protected":false},"author":1001003,"featured_media":0,"comment_status":"closed","ping_status":"open","sticky":false,"template":"","format":"standard","meta":[],"categories":[13,5],"tags":[],"_links":{"self":[{"href":"https:\/\/gazdasagportal.hu\/index.php\/wp-json\/wp\/v2\/posts\/112890"}],"collection":[{"href":"https:\/\/gazdasagportal.hu\/index.php\/wp-json\/wp\/v2\/posts"}],"about":[{"href":"https:\/\/gazdasagportal.hu\/index.php\/wp-json\/wp\/v2\/types\/post"}],"author":[{"embeddable":true,"href":"https:\/\/gazdasagportal.hu\/index.php\/wp-json\/wp\/v2\/users\/1001003"}],"replies":[{"embeddable":true,"href":"https:\/\/gazdasagportal.hu\/index.php\/wp-json\/wp\/v2\/comments?post=112890"}],"version-history":[{"count":2,"href":"https:\/\/gazdasagportal.hu\/index.php\/wp-json\/wp\/v2\/posts\/112890\/revisions"}],"predecessor-version":[{"id":112892,"href":"https:\/\/gazdasagportal.hu\/index.php\/wp-json\/wp\/v2\/posts\/112890\/revisions\/112892"}],"wp:attachment":[{"href":"https:\/\/gazdasagportal.hu\/index.php\/wp-json\/wp\/v2\/media?parent=112890"}],"wp:term":[{"taxonomy":"category","embeddable":true,"href":"https:\/\/gazdasagportal.hu\/index.php\/wp-json\/wp\/v2\/categories?post=112890"},{"taxonomy":"post_tag","embeddable":true,"href":"https:\/\/gazdasagportal.hu\/index.php\/wp-json\/wp\/v2\/tags?post=112890"}],"curies":[{"name":"wp","href":"https:\/\/api.w.org\/{rel}","templated":true}]}}