{"id":112873,"date":"2019-01-18T15:15:07","date_gmt":"2019-01-18T14:15:07","guid":{"rendered":"http:\/\/gazdasagportal.hu\/?p=112873"},"modified":"2019-01-18T15:15:07","modified_gmt":"2019-01-18T14:15:07","slug":"brexit-nemet-partok-vezetoi-es-uzletemberek-maradasra-kerik-nagy-britanniat","status":"publish","type":"post","link":"https:\/\/gazdasagportal.hu\/index.php\/brexit-nemet-partok-vezetoi-es-uzletemberek-maradasra-kerik-nagy-britanniat\/","title":{"rendered":"Brexit &#8211; N\u00e9met p\u00e1rtok vezet\u0151i \u00e9s \u00fczletemberek marad\u00e1sra k\u00e9rik Nagy-Britanni\u00e1t"},"content":{"rendered":"<p><strong>A legnagyobb n\u00e9met p\u00e1rtok \u00e9s \u00fczleti szervezetek vezet\u0151i k\u00f6z\u00f6s lev\u00e9lben k\u00e9rt\u00e9k Nagy-Britanni\u00e1t arra, hogy maradjon az Eur\u00f3pai Uni\u00f3 tagja.<\/strong><!--more--><\/p>\n<div class=\"ads-in-post1\"><div id=\"gazdasagportal.hu_fullbanner_wideboard\"><\/div>\r\n<\/div>\n<p>    A The Times c\u00edm\u0171 konzervat\u00edv brit napilap p\u00e9nteki kiad\u00e1s\u00e1ban megjelent levelet al\u00e1\u00edrta m\u00e1sok mellett Annegret Kramp-Karrenbauer, a korm\u00e1nyz\u00f3 Kereszt\u00e9nydemokrata Uni\u00f3 (CDU) eln\u00f6ke, Andrea Nahles, a koal\u00edci\u00f3s partner N\u00e9met Szoci\u00e1ldemokrata P\u00e1rt (SPD) vezet\u0151je, Norbert R\u00f6ttgen, a sz\u00f6vets\u00e9gi parlament (Bundestag) k\u00fcl\u00fcgyi bizotts\u00e1g\u00e1nak eln\u00f6ke, Reiner Hoffmann, a N\u00e9met Szakszervezeti Sz\u00f6vets\u00e9g (DGB) eln\u00f6ke, Dieter Kempf, a N\u00e9met Iparsz\u00f6vets\u00e9g (BDI) vezet\u0151je \u00e9s Thomas Enders, az Airbus eur\u00f3pai rep\u00fcl\u0151g\u00e9pgy\u00e1rt\u00f3 konglomer\u00e1tum vez\u00e9rigazgat\u00f3ja.<br \/>\n<div class=\"ads-in-post2\"><script async src=\"https:\/\/pagead2.googlesyndication.com\/pagead\/js\/adsbygoogle.js\"><\/script>\r\n<ins class=\"adsbygoogle\"\r\n     style=\"display:block\"\r\n     data-ad-format=\"fluid\"\r\n     data-ad-layout-key=\"-6t+ed+2i-1n-4w\"\r\n     data-ad-client=\"ca-pub-1959107119989764\"\r\n     data-ad-slot=\"4008251320\"><\/ins>\r\n<script>\r\n     (adsbygoogle = window.adsbygoogle || []).push({});\r\n<\/script><\/div>\n    A lev\u00e9l szerint ha Nagy-Britannia mindenk\u00e9ppen ki akar l\u00e9pni az EU-b\u00f3l, tudnia kell, hogy N\u00e9metorsz\u00e1gban \u00e9s Eur\u00f3p\u00e1ban mindig lesznek bar\u00e1tai. A briteknek tudniuk kell azonban azt is, hogy nincs visszaford\u00edthatatlan d\u00f6nt\u00e9s, Eur\u00f3pa ajtaja mindig nyitva marad el\u0151tt\u00fck. Az al\u00e1\u00edr\u00f3k szerint Nagy-Britannia n\u00e9lk\u00fcl az eur\u00f3pai kontinens nem lenne a mai, szabads\u00e1gban \u00e9s j\u00f3l\u00e9tben \u00e9l\u0151 k\u00f6z\u00f6ss\u00e9g, \u00e9s a n\u00e9metek nem felejtett\u00e9k el, s\u0151t nagyon h\u00e1l\u00e1sak az\u00e9rt, hogy a m\u00e1sodik vil\u00e1gh\u00e1bor\u00fa borzalmai ut\u00e1n Nagy-Britannia nem ford\u00edtott h\u00e1tat N\u00e9metorsz\u00e1gnak, hanem visszafogadta szuver\u00e9n nemzetk\u00e9nt \u00e9s eur\u00f3pai hatalomk\u00e9nt.<br \/>\n    &#8222;Hi\u00e1nyozna nek\u00fcnk Nagy-Britannia, hi\u00e1nyozna a legend\u00e1s brit feketehumor, a pubokban munka ut\u00e1n eliszogatott angol s\u00f6r, a tejes tea, \u00e9s az is, hogy az \u00fat baloldal\u00e1n kell vezetni, de legink\u00e1bb a brit n\u00e9p hi\u00e1nyozna, \u00e9s Nagy-Britannia az Eur\u00f3pai Uni\u00f3 tagjak\u00e9nt, k\u00fcl\u00f6n\u00f6sen a jelenlegi z\u0171r\u00f6s id\u0151szakban&#8221; &#8211; fogalmaznak a k\u00f6z\u00f6s lev\u00e9l szerz\u0151i.<br \/>\n    &#8222;A briteknek mindezek miatt tudniuk kell, hogy tiszta sz\u00edv\u00fcnkb\u0151l szeretn\u00e9nk, ha maradn\u00e1nak&#8221; &#8211; \u00e1ll a lev\u00e9lben.<br \/>\n    A legfrissebb felm\u00e9r\u00e9sek szerint Nagy-Britanni\u00e1ban is t\u00f6bbs\u00e9gben vannak azok, akik a marad\u00e1st p\u00e1rtoln\u00e1k.<br \/>\n    A legnagyobb brit k\u00f6zv\u00e9lem\u00e9ny-kutat\u00f3 csoport, a YouGov 1070 f\u0151s v\u00e1laszt\u00f3i minta bevon\u00e1s\u00e1val elv\u00e9gzett \u00faj felm\u00e9r\u00e9se szerint ha \u00fajabb n\u00e9pszavaz\u00e1st \u00edrn\u00e1nak ki az EU-tags\u00e1gr\u00f3l, orsz\u00e1gos \u00e1tlagban a v\u00e1laszt\u00f3k 56 sz\u00e1zal\u00e9ka szavazna arra, hogy az Egyes\u00fclt Kir\u00e1lys\u00e1g maradjon az Eur\u00f3pai Uni\u00f3 tagja.<br \/>\n    A brit EU-tags\u00e1gr\u00f3l 2016 j\u00fanius\u00e1ban tartott n\u00e9pszavaz\u00e1son a kil\u00e9p\u00e9sre voksol\u00f3k ker\u00fcltek sz\u0171k, 51,89 sz\u00e1zal\u00e9kos t\u00f6bbs\u00e9gbe, de az ut\u00f3bbi h\u00f3napokban egyre er\u0151teljesebb kamp\u00e1ny folyik az \u00fajabb n\u00e9pszavaz\u00e1s ki\u00edr\u00e1s\u00e1\u00e9rt, olyan k\u00f6z\u00e9leti szem\u00e9lyis\u00e9gek vezet\u00e9s\u00e9vel, mint Tony Blair volt munk\u00e1sp\u00e1rti \u00e9s Sir John Major volt konzervat\u00edv p\u00e1rti minisztereln\u00f6k.<br \/>\n    Az \u00fajabb referendum lehet\u0151s\u00e9g\u00e9t azonban Theresa May jelenlegi konzervat\u00edv p\u00e1rti minisztereln\u00f6k rendre \u00e9s hat\u00e1rozottan elutas\u00edtja.<br \/>\n    A kil\u00e9p\u00e9s felt\u00e9telrendszer\u00e9r\u0151l az EU-val novemberben el\u00e9rt meg\u00e1llapod\u00e1st az als\u00f3h\u00e1z a h\u00e9ten a modern brit parlamentarizmus t\u00f6rt\u00e9net\u00e9ben p\u00e9ld\u00e1tlan, 230 f\u0151s t\u00f6bbs\u00e9ggel elvetette: az egyezm\u00e9nyre 202, a meg\u00e1llapod\u00e1s ellen 432 k\u00e9pvisel\u0151 szavazott. A korm\u00e1nyz\u00f3 Konzervat\u00edv P\u00e1rt 118 k\u00e9pvisel\u0151je is az ellenz\u00e9kkel voksolt az 585 oldalas Brexit-meg\u00e1llapod\u00e1s ellen.<br \/>\n    Ezut\u00e1n ellenz\u00e9ki \u00e9s konzervat\u00edv k\u00e9pvisel\u0151k egyar\u00e1nt annak a v\u00e9lem\u00e9ny\u00fcknek adtak hangot, hogy el kellene halasztani a m\u00e1rcius 29-\u00e9n esed\u00e9kes kil\u00e9p\u00e9st, annak \u00e9rdek\u00e9ben, hogy legyen id\u0151 a Brexit-folyamat tov\u00e1bbi ir\u00e1ny\u00e1nak kijel\u00f6l\u00e9s\u00e9re.<br \/>\n    Theresa May azonban a meg\u00e1llapod\u00e1s elutas\u00edt\u00e1sa ut\u00e1ni parlamenti vit\u00e1ban kijelentette: a korm\u00e1ny politik\u00e1ja v\u00e1ltozatlanul az, hogy az Egyes\u00fclt Kir\u00e1lys\u00e1g m\u00e1rcius 29-\u00e9n kil\u00e9p az Eur\u00f3pai Uni\u00f3b\u00f3l.(MTI)<\/p>\n","protected":false},"excerpt":{"rendered":"<p>A legnagyobb n\u00e9met p\u00e1rtok \u00e9s \u00fczleti szervezetek vezet\u0151i k\u00f6z\u00f6s lev\u00e9lben k\u00e9rt\u00e9k Nagy-Britanni\u00e1t arra, hogy maradjon az Eur\u00f3pai Uni\u00f3 tagja.<\/p>\n","protected":false},"author":1,"featured_media":0,"comment_status":"closed","ping_status":"open","sticky":false,"template":"","format":"standard","meta":[],"categories":[12,246],"tags":[],"_links":{"self":[{"href":"https:\/\/gazdasagportal.hu\/index.php\/wp-json\/wp\/v2\/posts\/112873"}],"collection":[{"href":"https:\/\/gazdasagportal.hu\/index.php\/wp-json\/wp\/v2\/posts"}],"about":[{"href":"https:\/\/gazdasagportal.hu\/index.php\/wp-json\/wp\/v2\/types\/post"}],"author":[{"embeddable":true,"href":"https:\/\/gazdasagportal.hu\/index.php\/wp-json\/wp\/v2\/users\/1"}],"replies":[{"embeddable":true,"href":"https:\/\/gazdasagportal.hu\/index.php\/wp-json\/wp\/v2\/comments?post=112873"}],"version-history":[{"count":1,"href":"https:\/\/gazdasagportal.hu\/index.php\/wp-json\/wp\/v2\/posts\/112873\/revisions"}],"predecessor-version":[{"id":112874,"href":"https:\/\/gazdasagportal.hu\/index.php\/wp-json\/wp\/v2\/posts\/112873\/revisions\/112874"}],"wp:attachment":[{"href":"https:\/\/gazdasagportal.hu\/index.php\/wp-json\/wp\/v2\/media?parent=112873"}],"wp:term":[{"taxonomy":"category","embeddable":true,"href":"https:\/\/gazdasagportal.hu\/index.php\/wp-json\/wp\/v2\/categories?post=112873"},{"taxonomy":"post_tag","embeddable":true,"href":"https:\/\/gazdasagportal.hu\/index.php\/wp-json\/wp\/v2\/tags?post=112873"}],"curies":[{"name":"wp","href":"https:\/\/api.w.org\/{rel}","templated":true}]}}