{"id":112871,"date":"2019-01-18T14:33:36","date_gmt":"2019-01-18T13:33:36","guid":{"rendered":"http:\/\/gazdasagportal.hu\/?p=112871"},"modified":"2019-01-18T14:33:36","modified_gmt":"2019-01-18T13:33:36","slug":"mi-lesz-a-nemet-nyugdijasokkal","status":"publish","type":"post","link":"https:\/\/gazdasagportal.hu\/index.php\/mi-lesz-a-nemet-nyugdijasokkal\/","title":{"rendered":"Mi lesz a n\u00e9met nyugd\u00edjasokkal?"},"content":{"rendered":"<p><strong>N\u00e9metorsz\u00e1gban a jelenleg 55-65 \u00e9ves gener\u00e1ci\u00f3nak megy a legjobban a sora. A k\u00f6vetkez\u0151 \u00e9vekben viszont nyugd\u00edjba vonulnak a baby boomerek, \u00e9s ezzel nem kis fejt\u00f6r\u00e9st okoznak majd az \u00e1llami nyugd\u00edjrendszernek. \u00a0A Fidelity International megvizsg\u00e1lta, milyen lehet\u0151s\u00e9geket k\u00edn\u00e1l a demogr\u00e1fiai lavina a befektet\u0151k sz\u00e1m\u00e1ra \u00e9s hogyan k\u00e9sz\u00fclhet\u00fcnk fel r\u00e1juk okosan. <\/strong><!--more--><\/p>\n<div class=\"ads-in-post1\"><div id=\"gazdasagportal.hu_fullbanner_wideboard\"><\/div>\r\n<\/div>\n<p>1964 j\u00f3 \u00e9v volt a n\u00e9met nyugd\u00edjrendszer sz\u00e1m\u00e1ra. A gazdas\u00e1gi csoda k\u00f6zep\u00e9n j\u00e1rtunk, d\u00falt a politikai \u00e9s gazdas\u00e1gi optimizmus, \u00e9s a kett\u00e9osztott N\u00e9metorsz\u00e1g k\u00e9t fel\u00e9ben 1 357 304 gyerek<a href=\"#_ftn1\" name=\"_ftnref1\">[1]<\/a> j\u00f6tt vil\u00e1gra. Ez volt az 1954-ben kezd\u0151d\u00f6tt \u00e9s 1965-ig tartott demogr\u00e1fiai hull\u00e1m cs\u00facspontja. Az \u00fagynevezett baby boomerek megk\u00f3stolhatt\u00e1k a gazdas\u00e1gi csoda gy\u00fcm\u00f6lcseit, \u00e9s \u00e9lvezhett\u00e9k a t\u00f6bb \u00e9vtizeden \u00e1t tart\u00f3 fellend\u00fcl\u00e9s el\u0151nyeit, melyhez v\u00e9gs\u0151 soron k\u00e9s\u0151bb maguk is er\u0151sen hozz\u00e1j\u00e1rultak. Soha nem volt m\u00e9g olyan magas a nyugd\u00edjj\u00e1rul\u00e9kot fizet\u0151 munkav\u00e1llal\u00f3k sz\u00e1ma, mint az elm\u00falt \u00e9vtizedekben \u2013 \u00e9s v\u00e9lhet\u0151en m\u00e1r soha nem is lesz t\u00f6bb\u00e9.<\/p>\n<p><strong>N\u0151ni fog a szakemberhi\u00e1ny<\/strong><\/p><div id=\"gazda-2633472830\" class=\"gazda-tartalomban gazda-entity-placement\"><script async src=\"https:\/\/pagead2.googlesyndication.com\/pagead\/js\/adsbygoogle.js\"><\/script>\r\n<ins class=\"adsbygoogle\"\r\n     style=\"display:block\"\r\n     data-ad-format=\"fluid\"\r\n     data-ad-layout-key=\"-6t+ed+2i-1n-4w\"\r\n     data-ad-client=\"ca-pub-1959107119989764\"\r\n     data-ad-slot=\"4008251320\"><\/ins>\r\n<script>\r\n     (adsbygoogle = window.adsbygoogle || []).push({});\r\n<\/script><\/div>\n<p>A demogr\u00e1fiai hull\u00e1m tagjai viszont most m\u00e1r k\u00f6zelednek a nyugd\u00edj-korhat\u00e1rhoz. Amikor a k\u00f6vetkez\u0151 \u00e9vekben t\u00f6bb milli\u00f3nyi baby boomer kil\u00e9p az akt\u00edv munkav\u00e1llal\u00f3k k\u00f6r\u00e9b\u0151l, nem csak az \u00e9let\u00fck fog v\u00e9gleg megv\u00e1ltozni, hanem az eg\u00e9sz t\u00e1rsadalom, \u00e9s a belf\u00f6ldi gazdas\u00e1g is. F\u0151leg vid\u00e9ken ritk\u00edtja majd meg a c\u00e9gek szem\u00e9lyi \u00e1llom\u00e1ny\u00e1t a baby boomerek b\u00facs\u00faja, \u00e9s ez sz\u00e1mos k\u00f6z\u00e9pv\u00e1llalatot komoly pr\u00f3bat\u00e9tel el\u00e9 fog \u00e1ll\u00edtani. Ezek sz\u00e9khelye sokszor vid\u00e9ken van, \u00e9s egyel\u0151re m\u00e9g sikerrel m\u0171k\u00f6dnek, viszont sz\u00e9d\u00edt\u0151 szakemberhi\u00e1ny fenyegeti \u0151ket \u2013 ann\u00e1l is ink\u00e1bb, mivel egyes \u00e1gazatokban m\u00e1r ma is egyre kevesebb a szakk\u00e9pzett munkaer\u0151.<\/p>\n<p><strong>A baby boomerek nyugd\u00edja sokba fog ker\u00fclni<\/strong><\/p>\n<p>Tudvalev\u0151, hogy az \u00e1llami nyugd\u00edjrendszer is bele fog \u00fctk\u00f6zni a saj\u00e1t korl\u00e1taiba, amikor a baby boom gener\u00e1ci\u00f3 nyugd\u00edjba vonul. Mir\u0151l is van sz\u00f3? A t\u00e1rsadalom a m\u00faltban a tud\u00f3sok \u00e1ltal \u201edemogr\u00e1fiai osztal\u00e9knak\u201d nevezett jelens\u00e9gb\u0151l profit\u00e1lt: a h\u00e1bor\u00fa ut\u00e1ni gener\u00e1ci\u00f3 nem csup\u00e1n \u00fajj\u00e1\u00e9p\u00edtette a n\u00e9met gazdas\u00e1got, hanem sok gyermeket is nemzett, akik \u00e9vtizedeken \u00e1t a befizet\u00e9seikkel gyarap\u00edtott\u00e1k a nyugd\u00edjkassz\u00e1t. A baby boom ereknek azonban m\u00e1r j\u00f3val kevesebb gyermek\u00fck sz\u00fcletett ann\u00e1l, mint amennyire a hossz\u00fa t\u00e1von fenntarthat\u00f3 nyugd\u00edjrendszerhez sz\u00fcks\u00e9g lett volna. R\u00e1ad\u00e1sul az orvostudom\u00e1ny fejl\u0151d\u00e9s\u00e9nek \u00e9s a nagyobb j\u00f3l\u00e9tnek k\u00f6sz\u00f6nhet\u0151en az ut\u00f3bbi \u00e9vekben a v\u00e1rhat\u00f3 \u00e9lettartamuk is jelent\u0151sen megn\u0151tt. A nyugd\u00edjasok sz\u00e1ma n\u00e9h\u00e1ny \u00e9ven bel\u00fcl sokszorosa lesz az akt\u00edv munkav\u00e1llal\u00f3k\u00e9nak. A k\u00f6vetkezm\u00e9ny: a j\u00f6v\u0151 gener\u00e1ci\u00f3i alig fogj\u00e1k tudni finansz\u00edrozni a baby boomerek nyugd\u00edj\u00e1t.<\/p>\n<div class=\"ads-in-post2\"><script async src=\"https:\/\/pagead2.googlesyndication.com\/pagead\/js\/adsbygoogle.js\"><\/script>\r\n<ins class=\"adsbygoogle\"\r\n     style=\"display:block\"\r\n     data-ad-format=\"fluid\"\r\n     data-ad-layout-key=\"-6t+ed+2i-1n-4w\"\r\n     data-ad-client=\"ca-pub-1959107119989764\"\r\n     data-ad-slot=\"4008251320\"><\/ins>\r\n<script>\r\n     (adsbygoogle = window.adsbygoogle || []).push({});\r\n<\/script><\/div>\n<strong>Fontos az el\u0151gondoskod\u00e1s<\/strong><\/p>\n<p>Az el\u0151rejelz\u00e9sek m\u00e1r ma is az jelzik, hogy a ma m\u00e9g akt\u00edv munkav\u00e1llal\u00f3k sz\u00e1m\u00e1ra az \u00e1llami nyugd\u00edj m\u00e9g az aktu\u00e1lis \u00e9letsz\u00ednvonaluk szinten tart\u00e1s\u00e1ra sem lesz el\u00e9g, nem hogy egy olyan \u00e9letm\u00f3dra, amilyet a leend\u0151 nyugd\u00edjasok elv\u00e1rnak. Ugyanis aki ma 65 \u00e9vesen nyugd\u00edjba megy, \u00e1ltal\u00e1ban m\u00e9g fittnek mondhatja mag\u00e1t, \u00e9s egy\u00e1ltal\u00e1n nem arra k\u00e9sz\u00fcl, hogy utols\u00f3 napjait pokr\u00f3ccal a t\u00e9rd\u00e9n, egy hintasz\u00e9kben t\u00f6ltse el. Az \u00faj nyugd\u00edjas-gener\u00e1ci\u00f3 alaposan ki akarja majd \u00e9lvezni \u00e9let\u00e9nek alkony\u00e1t: bev\u00e1s\u00e1rl\u00e1s Madridban, vacsora egy j\u00f3 \u00e9tteremben, nyaral\u00e1s egy f\u00f6ldk\u00f6zi-tengeri s\u00e9tahaj\u00f3n. Mindez persze alaposan ig\u00e9nybe veszi a megtakar\u00edt\u00e1sokat, teh\u00e1t ahhoz, hogy a p\u00e9nz id\u0151sebb korban is el\u00e9g legyen, elengedhetetlen\u00fcl sz\u00fcks\u00e9g van a gondos p\u00e9nz\u00fcgyi tervez\u00e9sre.<\/p>\n<p><strong>A n\u00e9meteket hidegen hagyj\u00e1k a r\u00e9szv\u00e9nyek<\/strong><\/p>\n<p>Ha tehetik, ink\u00e1bb nem is foglalkoznak vel\u00fck. Pedig t\u00edzb\u0151l h\u00e9t megk\u00e9rdezett arra sz\u00e1m\u00edt, hogy a nyugd\u00edjak \u00f6sszege tov\u00e1bb fog cs\u00f6kkenni, minden negyedik v\u00e1laszad\u00f3 pedig egyenesen att\u00f3l f\u00e9l, hogy \u00f6reg kor\u00e1ban szeg\u00e9ny lesz. A n\u00e9metek 40%-a ennek ellen\u00e9re m\u00e9gis \u00e9vi 50 eur\u00f3n\u00e1l is kevesebbet tesz f\u00e9lre nyugd\u00edj c\u00e9lj\u00e1ra \u2013 ez der\u00fclt ki az Ergo-Risiko c\u00edm\u0171 jelent\u00e9sb\u0151l, melyet a Max Planck Int\u00e9zet az Ergo biztos\u00edt\u00f3t\u00e1rsas\u00e1g-csoport megb\u00edz\u00e1s\u00e1b\u00f3l k\u00e9sz\u00edtett<a href=\"#_ftn2\" name=\"_ftnref2\">[2]<\/a>. A felm\u00e9r\u00e9sb\u0151l az is kider\u00fclt, hogy a n\u00e9metek \u00f3dzkodnak a r\u00e9szv\u00e9nyekt\u0151l. B\u00e1r a r\u00e9sztvev\u0151k k\u00e9tharmada azt gondolja, hogy r\u00e9szv\u00e9nyekkel \u00e9s befektet\u00e9si alapokkal \u00e9rheti el a legnagyobb hozamot, a megtakar\u00edt\u00e1suk \u00e1ltal\u00e1ban m\u00e9gis egy takar\u00e9kk\u00f6nyvben landol, pedig ott alig kamatozik valamit. Az id\u0151skori el\u0151gondoskod\u00e1s szempontj\u00e1b\u00f3l mindez v\u00e9gzetes k\u00f6vetkezm\u00e9nyekkel j\u00e1r: egy az Union Investment \u00e1ltal \u00f6ssze\u00e1ll\u00edtott tanulm\u00e1ny szerint a n\u00e9metek havonta 700 eur\u00f3s<a href=\"#_ftn3\" name=\"_ftnref3\">[3]<\/a> el\u0151gondoskod\u00e1si m\u00ednuszt termelnek.<\/p>\n<p><strong>Egy milli\u00e1rd eur\u00f3 az eg\u00e9szs\u00e9gre \u2013 naponta<\/strong><\/p>\n<p>A demogr\u00e1fiai lavina azonban lehet\u0151s\u00e9geket is tartogat az el\u0151gondoskod\u00e1si c\u00e9llal megtakar\u00edt\u00f3k sz\u00e1m\u00e1ra, ha a megfelel\u0151 \u00e1gazatokba fektetnek. A demogr\u00e1fiai fordulat egyik legnagyobb nyertese az eg\u00e9szs\u00e9g\u00fcgyi piac. A j\u00f3l ismert mott\u00f3, mely \u00edgy sz\u00f3l: \u201eAz eg\u00e9szs\u00e9g nem minden \u2013 de eg\u00e9szs\u00e9g n\u00e9lk\u00fcl minden semmi\u201d val\u00f3s\u00e1ggal sz\u00e1rnyakat adott az \u00e1gazatnak. A n\u00e9metek kereken egymilli\u00e1rd eur\u00f3t k\u00f6ltenek eg\u00e9szs\u00e9g\u00fcgyi term\u00e9kekre, m\u00e9ghozz\u00e1 naponta<a href=\"#_ftn4\" name=\"_ftnref4\">[4]<\/a>, \u00e9s ez az \u00f6sszeg a j\u00f6v\u0151ben minden bizonnyal n\u00f6vekedni fog, mivel min\u00e9l id\u0151sebbek az emberek, ann\u00e1l nagyobb sz\u00e1zal\u00e9kuk szenved \u00e9letkor-f\u00fcgg\u0151 betegs\u00e9gekben, mint a r\u00e1k vagy a diab\u00e9tesz. A hall\u00f3k\u00e9sz\u00fcl\u00e9kek \u00e9s az \u00edz\u00fclet-prot\u00e9zisek ir\u00e1nti kereslet is egyre n\u0151.<\/p>\n<p><strong>\u00d3ri\u00e1si eg\u00e9szs\u00e9g\u00fcgyi beruh\u00e1z\u00e1sok <\/strong><\/p>\n<p>A befektet\u0151k sz\u00e1m\u00e1ra els\u0151sorban a digit\u00e1lis eg\u00e9szs\u00e9g\u00fcgyi v\u00e1llalatok sz\u00e1m\u00edtanak \u00e9rdekesnek. Ezek olyan technol\u00f3gi\u00e1k fejleszt\u00e9s\u00e9vel foglalkoznak, melyek c\u00e9lja az orvosi ell\u00e1t\u00e1s megk\u00f6nny\u00edt\u00e9se. A CB Insights piackutat\u00f3 c\u00e9g szerint a befektet\u0151k az elm\u00falt \u00e9vben kb. h\u00e9tmilli\u00e1rd USA doll\u00e1rnyi p\u00e9nzt \u00e1ramoltattak vil\u00e1gszerte a digit\u00e1lis eg\u00e9szs\u00e9g\u00fcgybe<a href=\"#_ftn5\" name=\"_ftnref5\">[5]<\/a>. A Roland Berger v\u00e1llalati tan\u00e1csad\u00f3 c\u00e9g tanulm\u00e1ny\u00e1b\u00f3l pedig az der\u00fclt ki, hogy a fejl\u0151d\u00e9s m\u00e9g csup\u00e1n az elej\u00e9n j\u00e1r: szakemberei szerint ennek a piacnak a glob\u00e1lis volumene 2020-ig t\u00f6bb mint 200 milli\u00e1rd doll\u00e1rra b\u0151v\u00fcl majd<a href=\"#_ftn6\" name=\"_ftnref6\">[6]<\/a>.<\/p>\n<p><strong>A t\u00e1vk\u00f6zl\u00e9s \u00e9len j\u00e1r<\/strong><\/p>\n<p>A szegmensen bel\u00fcl a Deutsche Telekom AG a z\u00e1szl\u00f3viv\u0151. A neussi Medisana v\u00e1llalattal kar\u00f6ltve a Telekom m\u00e1r 2013-ban piacra dobott egy olyan, h\u00e1l\u00f3zati kapcsolattal rendelkez\u0151 gipszk\u00f6t\u00e9st, mely k\u00e9pes arra, hogy a betegek fontos \u00e9lettani adatait digit\u00e1lis form\u00e1tumban tov\u00e1bb\u00edtsa a kezel\u0151orvos fel\u00e9. A Google, a Dell, az IBM \u00e9s a Samsung is sokat fektet eg\u00e9szs\u00e9g\u00fcgyi alkalmaz\u00e1sokba.<\/p>\n<p><strong>Minden harmadik eur\u00f3t a nyugd\u00edjasok k\u00f6ltik kel <\/strong><\/p>\n<p>A fogyaszt\u00e1si cikkeket gy\u00e1rt\u00f3 ipar szint\u00e9n sokat profit\u00e1l a t\u00e1rsadalom el\u00f6reged\u00e9s\u00e9b\u0151l. 1993 \u00e9s 2013 k\u00f6z\u00f6tt a hatvan \u00e9v felettiek \u00e1ltal fogyaszt\u00e1si cikkekre elk\u00f6lt\u00f6tt \u00f6sszeg csaknem megdupl\u00e1z\u00f3dott, der\u00fcl ki a Max Planck Int\u00e9zet egyik tanulm\u00e1ny\u00e1b\u00f3l<a href=\"#_ftn7\" name=\"_ftnref7\">[7]<\/a>. Ma m\u00e1r a ruh\u00e1zkod\u00e1sra, elektronikai cikkekre vagy kozmetikai cikkekre elk\u00f6lt\u00f6tt minden harmadik eur\u00f3 a nyugd\u00edjasok zseb\u00e9b\u0151l v\u00e1ndorol a kassz\u00e1ba. D\u00fcb\u00f6r\u00f6g a biznisz a fizet\u0151k\u00e9pes, \u00f6r\u00f6kifj\u00fa hatvanasokkal a kozmetikumok ter\u00e9n is (s\u0151t, f\u0151leg ott). B\u00e1rmib\u0151l, amit\u0151l az el\u00f6regedett b\u0151r fiatalnak \u00e9s feszesnek t\u0171nik, azonnal sikerterm\u00e9k lesz, \u00edgy nem meglep\u0151, hogy egyre t\u00f6bb gy\u00e1rt\u00f3 \u00e1ll r\u00e1 az id\u0151skori b\u0151rhib\u00e1k, t\u00f6k\u00e9letlens\u00e9gek elt\u00fcntet\u00e9s\u00e9re kifejlesztett kr\u00e9mek \u00e9s sminkterm\u00e9kek el\u0151\u00e1ll\u00edt\u00e1s\u00e1ra. Az amerikai Est\u00e9e Lauder 2017\/18-ban rekordforgalmat k\u00f6nyvelhetett el: \u00e1rbev\u00e9tele 16%-kal, 13,7 milli\u00e1rd USA-doll\u00e1rra n\u0151tt, \u00fczemi eredm\u00e9nye 2,05 milli\u00e1rd doll\u00e1r volt, szemben az egy \u00e9vvel kor\u00e1bbi \u201ecsup\u00e1n\u201d 1,67 milli\u00e1rd doll\u00e1rral.<\/p>\n<p><strong>A nyugd\u00edjas utazni v\u00e1gyik<\/strong><\/p>\n<p>\u00c9rdemes m\u00e9g megeml\u00edteni az idegenforgalmi ipart is, mint a demogr\u00e1fiai v\u00e1ltoz\u00e1s haszon\u00e9lvez\u0151j\u00e9t. H\u00e1rom n\u00e9met nyugd\u00edjasb\u00f3l kett\u0151 legal\u00e1bb \u00e9vente egyszer elutazik valahov\u00e1 nyaralni \u2013 ez der\u00fcl ki az Forschungsgemeinschaft Urlaub und Reisen (FUR) nev\u0171 elemz\u0151i t\u00e1rsul\u00e1s kutat\u00e1s\u00e1b\u00f3l<a href=\"#_ftn8\" name=\"_ftnref8\">[8]<\/a>. A nyugd\u00edjasok sokkal t\u00f6bbet utaznak, mint a lakoss\u00e1g t\u00f6bbi r\u00e9sze, \u00e9s nyaral\u00e1s k\u00f6zben sokkal b\u0151kez\u0171bben b\u00e1nnak a p\u00e9nzzel is: \u00e1tlagosan fejenk\u00e9nt 970 eur\u00f3t k\u00f6ltenek utaz\u00e1sonk\u00e9nt. Ez\u00e9rt ma m\u00e1r szinte minden nagyobb utaz\u00e1sszervez\u0151 k\u00edn\u00e1lat\u00e1ban szerepelnek kimondottan az id\u0151seknek sz\u00e1nt egyedi aj\u00e1nlatok, \u00e9s az utakat gyakran speci\u00e1lis szolg\u00e1ltat\u00e1sokkal, p\u00e9ld\u00e1ul orvosi ell\u00e1t\u00e1ssal vagy k\u00eds\u00e9r\u0151k\u00e9nt utaz\u00f3 gondoz\u00f3 szem\u00e9lyzettel igyekeznek m\u00e9g vonz\u00f3bb\u00e1 tenni. N\u00e9h\u00e1ny iroda pedig kimondottan az id\u0151sek utaztat\u00e1s\u00e1ra specializ\u00e1l\u00f3dott.<\/p>\n<p><strong>Pezseg a tengeri k\u00f6rutaz\u00e1sok biznisze<\/strong><\/p>\n<p>Az elm\u00falt t\u00edz \u00e9vben el\u00e9rt, \u00e9vente \u00e1tlagosan 4,5%-os n\u00f6veked\u00e9s\u00e9vel a tengeri k\u00f6rutaz\u00e1sok az idegenforgalom leggyorsabb \u00fctemben b\u0151v\u00fcl\u0151 szegmens\u00e9t alkott\u00e1k<a href=\"#_ftn9\" name=\"_ftnref9\">[9]<\/a>. Az utaz\u00f3k naponta \u00e1tlagosan 170 eur\u00f3t fizetnek ez\u00e9rt az \u00e9lm\u00e9ny\u00e9rt. Ennek megfelel\u0151en a haj\u00f3utak szervez\u00e9se \u00e9s bonyol\u00edt\u00e1sa is igen j\u00f3 \u00fczletnek sz\u00e1m\u00edt: a piacvezet\u0151 Carnival Corporation nyeres\u00e9ge 2015-r\u0151l 2016-ra t\u00f6bb mint 40%-kal n\u0151tt<a href=\"#_ftn10\" name=\"_ftnref10\">[10]<\/a>. A v\u00e1llalat r\u00e9szv\u00e9nyeinek \u00e1rfolyama jelenleg 44,29 eur\u00f3, ami \u00f6t \u00e9vre visszatekintve 170%-os n\u00f6veked\u00e9snek felel meg.<\/p>\n<p><strong>Fektess\u00fcnk m\u00e9g ma a holnap \u00e1gazataiba<\/strong><\/p>\n<p>H\u00e1tra van m\u00e9g n\u00e9h\u00e1ny \u00e9v, am\u00edg a baby boomer gener\u00e1ci\u00f3 v\u00e9gleg kil\u00e9p a munkaer\u0151-piacr\u00f3l, \u00e9s bez\u00e1rul a \u201edemogr\u00e1fiai osztal\u00e9k\u201d ablaka. \u201eA n\u00e9met korm\u00e1nynak legk\u00e9s\u0151bb addig megold\u00e1st kell tal\u00e1lnia az \u00e1llami nyugd\u00edjak probl\u00e9m\u00e1j\u00e1ra, ha nem akarja, hogy a rendszer \u00f6sszeomoljon. A befektet\u0151k azonban m\u00e1r most megkezdhetik az el\u0151gondoskod\u00e1st: ha m\u00e1r ma a holnap \u00e1gazataiba fektetnek, semmi sem \u00e1llhat a mallorcai f\u00f6venyen t\u00f6ltend\u0151 nyugd\u00edjas \u00e9vek \u00fatj\u00e1ba\u201d \u2013 teszi hozz\u00e1 Al-Hilal Istv\u00e1n, a Fidelity International magyarorsz\u00e1gi \u00e9s rom\u00e1niai \u00e9rt\u00e9kes\u00edt\u00e9si vezet\u0151je.<\/p>\n<p>&nbsp;<\/p>\n<table width=\"718\">\n<tbody>\n<tr>\n<td width=\"491\"><strong>Fontos inform\u00e1ci\u00f3<\/strong><\/p>\n<p>A jelen anyagot a Fidelity International \u00e1ll\u00edtotta \u00f6ssze, \u00e9s a Fidelity el\u0151zetes hozz\u00e1j\u00e1rul\u00e1sa n\u00e9lk\u00fcl nem sokszoros\u00edthat\u00f3 vagy tov\u00e1bb\u00edthat\u00f3 m\u00e1s term\u00e9szetes vagy jogi szem\u00e9lyek fel\u00e9.<\/p>\n<p>A jelen k\u00f6zlem\u00e9ny nem az Egyes\u00fclt \u00c1llamokban tart\u00f3zkod\u00f3 szem\u00e9lyeknek sz\u00f3l (akik nem is cselekedhetnek a jelen k\u00f6zlem\u00e9nyben foglaltak alapj\u00e1n), \u00e9s csak az olyan joghat\u00f3s\u00e1gok ter\u00fclet\u00e9n bel\u00fcl tart\u00f3zkod\u00f3 szem\u00e9lyeknek sz\u00e1ntuk, amelyekben az \u00e9rintett alapok forgalmaz\u00e1si enged\u00e9llyel rendelkeznek, vagy ahol ilyen enged\u00e9lyre nincs sz\u00fcks\u00e9g. A Fidelity nem kezelhet vagy forgalmazhat befektet\u00e9si alapokat \u00e9s term\u00e9keket, vagy ny\u00fajthat befektet\u00e9skezel\u00e9si vagy tan\u00e1csad\u00e1si szolg\u00e1ltat\u00e1sokat K\u00edna kontinent\u00e1lis ter\u00fclet\u00e9n lak\u00f3 szem\u00e9lyek sz\u00e1m\u00e1ra. A jelen inform\u00e1ci\u00f3khoz mind a term\u00e9szetes, mind a jogi szem\u00e9lyek saj\u00e1t \u00f6nsz\u00e1ntukb\u00f3l szereznek hozz\u00e1f\u00e9r\u00e9st, \u00e9s maguk felel\u0151sek az\u00e9rt, hogy betarts\u00e1k a helyi t\u00f6rv\u00e9nyeket \u00e9s jogszab\u00e1lyokat, de c\u00e9lszer\u0171 kik\u00e9rni\u00fck tan\u00e1csad\u00f3juk v\u00e9lem\u00e9ny\u00e9t is.<\/p>\n<p>A jelen dokumentum tartalmazhat a Fidelityvel kapcsolatban nem \u00e1ll\u00f3, harmadik felekt\u0151l sz\u00e1rmaz\u00f3 anyagokat (\u201ek\u00fcls\u0151 felekt\u0151l sz\u00e1rmaz\u00f3 tartalom\u201d). A Fidelity nem vett r\u00e9szt e k\u00fcls\u0151 felekt\u0151l sz\u00e1rmaz\u00f3 tartalom el\u0151k\u00e9sz\u00edt\u00e9s\u00e9ben, \u00e1tdolgoz\u00e1s\u00e1ban vagy szerkeszt\u00e9s\u00e9ben, \u00e9s sem kimondva, sem kimondatlanul nem t\u00e1mogatja \u00e9s nem is helyesli e tartalmakat.<\/p>\n<p>A Fidelity International annak a v\u00e1llalatcsoportnak a neve, mely az \u00c9szak-Amerik\u00e1n k\u00edv\u00fcli, meghat\u00e1rozott joghat\u00f3s\u00e1gok ter\u00fclet\u00e9n term\u00e9keket k\u00edn\u00e1l\u00f3 \u00e9s szolg\u00e1ltat\u00e1sokat ny\u00fajt\u00f3 glob\u00e1lis befektet\u00e9skezel\u00e9si szervezetet alkotja. A Fidelity \u00e9s a Fidelity International n\u00e9v, a Fidelity International logo \u00e9s az F embl\u00e9ma a FIL Limited bejegyzett v\u00e9djegyei. A Fidelity csup\u00e1n t\u00e1j\u00e9koztat\u00e1st ny\u00fajt k\u00fcl\u00f6nb\u00f6z\u0151 term\u00e9kekkel \u00e9s szolg\u00e1ltat\u00e1sokkal kapcsolatban, de nem ad befektet\u00e9si tan\u00e1csokat, \u00e9s nem tesz az egy\u00e9ni k\u00f6r\u00fclm\u00e9nyeken alapul\u00f3, szem\u00e9lyre sz\u00f3l\u00f3 javaslatokat.<\/p>\n<p>Kiad\u00e1s helye: Eur\u00f3pa. Kiad\u00f3: FIL Investments Internatonal (FCA regisztr\u00e1ci\u00f3s sz\u00e1m: 122170), egy a Financial Conduct Authority \u00e1ltal j\u00f3v\u00e1hagyott \u00e9s szab\u00e1lyozott v\u00e1llalat; FIL (Luxembourg) S.A., egy a CSSF (Commission de Surveillance du Secteur Financier) \u00e1ltal j\u00f3v\u00e1hagyott \u00e9s fel\u00fcgyelt v\u00e1llalat; valamint FIL Investment Switzerland AG, a Sv\u00e1jci P\u00e9nzpiaci Fel\u00fcgyeleti Hat\u00f3s\u00e1g, a FINMA \u00e1ltal j\u00f3v\u00e1hagyott \u00e9s fel\u00fcgyelt v\u00e1llalat. A n\u00e9met nagykeresked\u0151 \u00fcgyfelek sz\u00e1m\u00e1ra kiadja a FIL Investment Services GmbH, Kastanienh\u00f6he 1, 61476 Kronberg im Taunus. A n\u00e9met int\u00e9zm\u00e9nyi befektet\u0151k sz\u00e1m\u00e1ra kiadja FIL Investments International \u2013 Niederlassung Frankfurt.<\/p>\n<p>Hongkongban ezt a kiadv\u00e1nyt a FIL Investment Management (Hong Kong) Limited adja ki, an\u00e9lk\u00fcl, hogy azt a Securities and Future Commission \u00e1ttekintette volna. A FIL Investment Management (Singapore) Limited (Co. Reg. No: 199006300E) a Fidelity International szingap\u00fari k\u00e9pviselete. A FIL Asset Management (Korea) Limited a Fidelity International koreai jogi k\u00e9pvisel\u0151je. A kiadv\u00e1nyt Tajvanban FIL Securities (Taiwan ) Limited, 11F, 68 Zhongxiao East Road, Section 5, Xinyi Dist., Taipei City, Taiwan 11065, R.O.C. (Customer Service Number: 0800-00-9911#2) \u00f6n\u00e1ll\u00f3an m\u0171k\u00f6dteti.<\/td>\n<td width=\"18\">&nbsp;<\/td>\n<td width=\"209\"><strong>\u00a0<\/strong><\/td>\n<\/tr>\n<\/tbody>\n<\/table>\n<p>&nbsp;<\/p>\n<p>&nbsp;<\/p>\n<p><a href=\"#_ftnref1\" name=\"_ftn1\">[1]<\/a>\u00a0\u00a0 Ld. https:\/\/www.destatis.de\/DE\/ZahlenFakten\/ImFokus\/Bevoelkerung\/BabyboomerGeburten.html<\/p>\n<p><a href=\"#_ftnref2\" name=\"_ftn2\">[2]<\/a> \u00a0Ld. https:\/\/www.risikoreport.de\/assets\/files\/ergo-risiko-report.pdf<\/p>\n<p><a href=\"#_ftnref3\" name=\"_ftn3\">[3]<\/a> Ld. https:\/\/unternehmen.union-investment.de\/startseite-unternehmen\/presseservice\/pressemitteilungen\/alle-pressemitteilungen\/2017\/Vorsorgeatlas-Deutschland&#8211;Keine-Angst-vor-der-Rente.html<\/p>\n<p><a href=\"#_ftnref4\" name=\"_ftn4\">[4]<\/a> Ld. https:\/\/www.destatis.de\/DE\/ZahlenFakten\/GesellschaftStaat\/Gesundheit\/Gesundheitsausgaben\/Gesundheitsausgaben.html<\/p>\n<p><a href=\"#_ftnref5\" name=\"_ftn5\">[5]<\/a> Ld. https:\/\/www.cbinsights.com\/research\/briefing\/trends-in-digital-health-2018\/<\/p>\n<p><a href=\"#_ftnref6\" name=\"_ftn6\">[6]<\/a> Ld. https:\/\/www.kma-online.de\/aktuelles\/it-digital-health\/detail\/digitaler-gesundheitsmarkt-wird-bis-2020-stark-wachsen-a-36034<\/p>\n<p><a href=\"#_ftnref7\" name=\"_ftn7\">[7]<\/a> Ld. https:\/\/www.dia-vorsorge.de\/einkommen-vermoegen\/alterskonsum-jeder-dritte-euro-stammt-von-senioren\/<\/p>\n<p>&nbsp;<\/p>\n<p><a href=\"#_ftnref8\" name=\"_ftn8\">[8]<\/a> Ld. Reiseanalyse 2017, FUR Forschungsgemeinschaft Urlaub und Reisen, Link: http:\/\/www.fur.de\/fileadmin\/user_upload\/RA_2017\/RA2017_Erste_Ergebnisse_DE.pdf<\/p>\n<p><a href=\"#_ftnref9\" name=\"_ftn9\">[9]<\/a> Vgl. https:\/\/www.cliadeutschland.de\/presse\/Kreuzfahrtbranche-steigert-Wirtschaftsbeitrag-in-Europa-auf-48-M-126<\/p>\n<p><a href=\"#_ftnref10\" name=\"_ftn10\">[10]<\/a> Vgl. <a href=\"http:\/\/www.dasinvestment.com\/aktien-investments-gigantischer-wachstumsmarkt-so-erzielen-anleger-rendite-auf-hoher-see\/\" target=\"_blank\" rel=\"noopener\">http:\/\/www.dasinvestment.com\/aktien-investments-gigantischer-wachstumsmarkt-so-erzielen-anleger-rendite-auf-hoher-see\/<\/a> oder vgl. Chart: https:\/\/www.finanzen.net\/aktien\/Carnival_paired-Aktie<\/p>\n","protected":false},"excerpt":{"rendered":"<p>N\u00e9metorsz\u00e1gban a jelenleg 55-65 \u00e9ves gener\u00e1ci\u00f3nak megy a legjobban a sora. A k\u00f6vetkez\u0151 \u00e9vekben viszont nyugd\u00edjba vonulnak a baby boomerek, \u00e9s ezzel nem kis fejt\u00f6r\u00e9st okoznak majd az \u00e1llami nyugd\u00edjrendszernek. \u00a0A Fidelity International megvizsg\u00e1lta, milyen lehet\u0151s\u00e9geket k\u00edn\u00e1l a demogr\u00e1fiai lavina a befektet\u0151k sz\u00e1m\u00e1ra \u00e9s hogyan k\u00e9sz\u00fclhet\u00fcnk fel r\u00e1juk okosan.<\/p>\n","protected":false},"author":1,"featured_media":98358,"comment_status":"closed","ping_status":"open","sticky":false,"template":"","format":"standard","meta":[],"categories":[146,12,246],"tags":[],"_links":{"self":[{"href":"https:\/\/gazdasagportal.hu\/index.php\/wp-json\/wp\/v2\/posts\/112871"}],"collection":[{"href":"https:\/\/gazdasagportal.hu\/index.php\/wp-json\/wp\/v2\/posts"}],"about":[{"href":"https:\/\/gazdasagportal.hu\/index.php\/wp-json\/wp\/v2\/types\/post"}],"author":[{"embeddable":true,"href":"https:\/\/gazdasagportal.hu\/index.php\/wp-json\/wp\/v2\/users\/1"}],"replies":[{"embeddable":true,"href":"https:\/\/gazdasagportal.hu\/index.php\/wp-json\/wp\/v2\/comments?post=112871"}],"version-history":[{"count":1,"href":"https:\/\/gazdasagportal.hu\/index.php\/wp-json\/wp\/v2\/posts\/112871\/revisions"}],"predecessor-version":[{"id":112872,"href":"https:\/\/gazdasagportal.hu\/index.php\/wp-json\/wp\/v2\/posts\/112871\/revisions\/112872"}],"wp:featuredmedia":[{"embeddable":true,"href":"https:\/\/gazdasagportal.hu\/index.php\/wp-json\/wp\/v2\/media\/98358"}],"wp:attachment":[{"href":"https:\/\/gazdasagportal.hu\/index.php\/wp-json\/wp\/v2\/media?parent=112871"}],"wp:term":[{"taxonomy":"category","embeddable":true,"href":"https:\/\/gazdasagportal.hu\/index.php\/wp-json\/wp\/v2\/categories?post=112871"},{"taxonomy":"post_tag","embeddable":true,"href":"https:\/\/gazdasagportal.hu\/index.php\/wp-json\/wp\/v2\/tags?post=112871"}],"curies":[{"name":"wp","href":"https:\/\/api.w.org\/{rel}","templated":true}]}}