{"id":112806,"date":"2019-01-16T17:09:47","date_gmt":"2019-01-16T16:09:47","guid":{"rendered":"http:\/\/gazdasagportal.hu\/?p=112806"},"modified":"2019-01-16T16:10:55","modified_gmt":"2019-01-16T15:10:55","slug":"brexit-theresa-may-a-brit-kormany-nem-allitja-le-a-brexit-folyamatot","status":"publish","type":"post","link":"https:\/\/gazdasagportal.hu\/index.php\/brexit-theresa-may-a-brit-kormany-nem-allitja-le-a-brexit-folyamatot\/","title":{"rendered":"Brexit &#8211; Theresa May: a brit korm\u00e1ny nem \u00e1ll\u00edtja le a Brexit-folyamatot"},"content":{"rendered":"<p><strong>Theresa May brit minisztereln\u00f6k egyenes utal\u00e1st tett szerd\u00e1n arra, hogy korm\u00e1nya a brit EU-tags\u00e1g megsz\u0171n\u00e9s\u00e9nek (Brexit) felt\u00e9teleit tartalmaz\u00f3 meg\u00e1llapod\u00e1s el\u0151z\u0151 esti parlamenti elutas\u00edt\u00e1sa ellen\u00e9re sem k\u00edv\u00e1nja le\u00e1ll\u00edtani a Brexit-folyamatot.<\/strong><!--more--><\/p>\n<div class=\"ads-in-post1\"><div id=\"gazdasagportal.hu_fullbanner_wideboard\"><\/div>\r\n<\/div>\n<p>    A konzervat\u00edv p\u00e1rti korm\u00e1nyf\u0151 a k\u00e9pvisel\u0151i k\u00e9rd\u00e9sek \u00e9s azonnali minisztereln\u00f6ki v\u00e1laszok szok\u00e1sos szerda d\u00e9lut\u00e1ni als\u00f3h\u00e1zi f\u00e9l\u00f3r\u00e1j\u00e1ban &#8211; az ellenz\u00e9ki Munk\u00e1sp\u00e1rt vezet\u0151je, Jeremy Corbyn k\u00e9rd\u00e9s\u00e9re, hogy garant\u00e1lja-e a meg\u00e1llapod\u00e1s n\u00e9lk\u00fcli Brexit elker\u00fcl\u00e9s\u00e9t &#8211; kijelentette, hogy a meg\u00e1llapod\u00e1s n\u00e9lk\u00fcli kil\u00e9p\u00e9s elker\u00fcl\u00e9s\u00e9nek k\u00e9t m\u00f3dja van: vagy az, hogy a parlament j\u00f3v\u00e1hagy &#8222;egy&#8221; meg\u00e1llapod\u00e1st, vagy az, hogy a korm\u00e1ny visszavonja a Lisszaboni Szerz\u0151d\u00e9s 50. cikkely\u00e9nek aktiv\u00e1l\u00e1s\u00e1r\u00f3l sz\u00f3l\u00f3 bejelent\u00e9st.<br \/>\n    E cikkely szab\u00e1lyozza &#8211; \u00e9s aktiv\u00e1l\u00e1s\u00e1nak csaknem k\u00e9t \u00e9vvel ezel\u0151tti bejelent\u00e9se el is ind\u00edtotta &#8211; a Brexit-folyamatot.<br \/>\n    Theresa May szerint az aktiv\u00e1l\u00e1sr\u00f3l sz\u00f3l\u00f3 bejelent\u00e9s visszavon\u00e1sa azt jelenten\u00e9, hogy az Egyes\u00fclt Kir\u00e1lys\u00e1g az EU tagja marad, figyelmen k\u00edv\u00fcl hagyva a kil\u00e9p\u00e9sr\u0151l hozott n\u00e9pszavaz\u00e1si d\u00f6nt\u00e9st, a brit korm\u00e1ny azonban erre nem hajland\u00f3.<br \/>\n<div class=\"ads-in-post2\"><script async src=\"https:\/\/pagead2.googlesyndication.com\/pagead\/js\/adsbygoogle.js\"><\/script>\r\n<ins class=\"adsbygoogle\"\r\n     style=\"display:block\"\r\n     data-ad-format=\"fluid\"\r\n     data-ad-layout-key=\"-6t+ed+2i-1n-4w\"\r\n     data-ad-client=\"ca-pub-1959107119989764\"\r\n     data-ad-slot=\"4008251320\"><\/ins>\r\n<script>\r\n     (adsbygoogle = window.adsbygoogle || []).push({});\r\n<\/script><\/div>\n    A brit EU-tags\u00e1gr\u00f3l 2016 j\u00fanius\u00e1ban tartott referendumon a r\u00e9sztvev\u0151k sz\u0171k, 51,89 sz\u00e1zal\u00e9ka a kil\u00e9p\u00e9sre voksolt.<br \/>\n    A kil\u00e9p\u00e9s felt\u00e9telrendszer\u00e9r\u0151l az EU-val novemberben el\u00e9rt meg\u00e1llapod\u00e1st azonban az als\u00f3h\u00e1z kedd este a modern brit parlamentarizmus t\u00f6rt\u00e9net\u00e9ben p\u00e9ld\u00e1tlan, 230 f\u0151s t\u00f6bbs\u00e9ggel elutas\u00edtotta: az egyezm\u00e9nyre 202, a meg\u00e1llapod\u00e1s ellen 432 k\u00e9pvisel\u0151 szavazott. A korm\u00e1nyz\u00f3 Konzervat\u00edv P\u00e1rt 118 k\u00e9pvisel\u0151je is az ellenz\u00e9kkel voksolt az 585 oldalas Brexit-meg\u00e1llapod\u00e1s ellen.<br \/>\n    A szerdai parlamenti \u00fcl\u00e9sen a konzervat\u00edv frakci\u00f3 \u00e9s az eg\u00e9sz als\u00f3h\u00e1z rangid\u0151s tagja, Kenneth Clarke &#8211; aki 49 \u00e9ve k\u00e9pvisel\u0151, \u00e9s EU-p\u00e1rti n\u00e9zeteir\u0151l k\u00f6zismert &#8211; felvetette, hogy a s\u00falyos veres\u00e9g ut\u00e1n kialakult helyzetben ki kellene terjeszteni az 50. cikkely \u00e1ltal megszabott, alapesetben k\u00e9t\u00e9vi t\u00e1rgyal\u00e1si hat\u00e1rid\u0151t, annak \u00e9rdek\u00e9ben, hogy legyen id\u0151 a Brexit-folyamat lehets\u00e9ges \u00faj ir\u00e1nyainak kijel\u00f6l\u00e9s\u00e9re.<br \/>\n    V\u00e1lasz\u00e1ban Theresa May kijelentette: a korm\u00e1ny politik\u00e1ja v\u00e1ltozatlanul az, hogy az Egyes\u00fclt Kir\u00e1lys\u00e1g m\u00e1rcius 29-\u00e9n &#8211; vagyis pontosan k\u00e9t \u00e9vvel az 50. cikkely aktiv\u00e1l\u00e1s\u00e1nak bejelent\u00e9se ut\u00e1n &#8211; kil\u00e9p az Eur\u00f3pai Uni\u00f3b\u00f3l.<br \/>\n    A brit minisztereln\u00f6k hozz\u00e1tette: a hat\u00e1rid\u0151 kiterjeszt\u00e9s\u00e9r\u0151l az Egyes\u00fclt Kir\u00e1lys\u00e1g egy\u00e9bk\u00e9nt sem tud \u00f6n\u00e1ll\u00f3an d\u00f6nteni, ahhoz konzult\u00e1ci\u00f3kra lenne sz\u00fcks\u00e9g az EU-val. May szerint az EU csak akkor lenne hajland\u00f3 a t\u00e1rgyal\u00e1si folyamat kiterjeszt\u00e9s\u00e9re, ha egy\u00e9rtelm\u0171v\u00e9 v\u00e1lik, hogy van olyan terv, amely a meg\u00e1llapod\u00e1sos kil\u00e9p\u00e9s fel\u00e9 tereli a Brexit-folyamatot.<br \/>\n    Az 50. cikkely aktiv\u00e1l\u00e1s\u00e1r\u00f3l sz\u00f3l\u00f3 bejelent\u00e9s visszavon\u00e1sa London szuver\u00e9n joga, ez azonban a Brexit-folyamat le\u00e1ll\u00edt\u00e1s\u00e1t jelenten\u00e9.<br \/>\n    A meghosszabb\u00edt\u00e1sra akkor van m\u00f3d, ha ehhez az EU-ban marad\u00f3 27 tagorsz\u00e1g egys\u00e9gesen hozz\u00e1j\u00e1rul. Ebben az esetben a Brexit-folyamat nem felt\u00e9tlen\u00fcl \u00e1llna le, az Egyes\u00fclt Kir\u00e1lys\u00e1g viszont nem l\u00e9pne ki az EU-b\u00f3l a m\u00e1rciusi 29-i hat\u00e1rnapon.<br \/>\n    Nicola Sturgeon sk\u00f3t minisztereln\u00f6k szerd\u00e1n szint\u00e9n arra sz\u00f3l\u00edtotta fel Theresa Mayt, hogy a brit korm\u00e1ny &#8222;\u00e1ll\u00edtsa meg az \u00f3r\u00e1t&#8221;, annak \u00e9rdek\u00e9ben, hogy legyen id\u0151 a Brexit-folyamat legut\u00f3bbi fejlem\u00e9nyeinek \u00e9rt\u00e9kel\u00e9s\u00e9re.<br \/>\n    Sturgeon nyilatkozat\u00e1ban meger\u0151s\u00edtette: Sk\u00f3cia azt szeretn\u00e9, ha az Egyes\u00fclt Kir\u00e1lys\u00e1g az EU-ban maradna, de egyre vil\u00e1gosabb\u00e1 v\u00e1lik, hogy Sk\u00f3cia csak akkor tudja megv\u00e9deni \u00e9rdekeit, ha f\u00fcggetlenn\u00e9 v\u00e1lik.<br \/>\n    A brit EU-tags\u00e1gr\u00f3l rendezett n\u00e9pszavaz\u00e1son a sk\u00f3tok 62 sz\u00e1zal\u00e9ka a bennmarad\u00e1sra voksolt. Nicola Sturgeon az\u00f3ta t\u00f6bbsz\u00f6r is kil\u00e1t\u00e1sba helyezte, hogy Sk\u00f3ci\u00e1ban \u00fajabb n\u00e9pszavaz\u00e1st tartanak a f\u00fcggetlens\u00e9gr\u0151l, mert Sk\u00f3cia nem engedheti meg, hogy akarata ellen\u00e9re &#8222;kir\u00e1ngass\u00e1k&#8221; az Eur\u00f3pai Uni\u00f3b\u00f3l.<br \/>\n    A sk\u00f3t f\u00fcggetlens\u00e9gr\u0151l 2014 szeptember\u00e9ben m\u00e1r tartottak egy n\u00e9pszavaz\u00e1st, de akkor az elszakad\u00e1st ellenz\u0151k gy\u0151ztek 55 sz\u00e1zal\u00e9kos t\u00f6bbs\u00e9ggel.(MTI)<\/p>\n","protected":false},"excerpt":{"rendered":"<p>Theresa May brit minisztereln\u00f6k egyenes utal\u00e1st tett szerd\u00e1n arra, hogy korm\u00e1nya a brit EU-tags\u00e1g megsz\u0171n\u00e9s\u00e9nek (Brexit) felt\u00e9teleit tartalmaz\u00f3 meg\u00e1llapod\u00e1s el\u0151z\u0151 esti parlamenti elutas\u00edt\u00e1sa ellen\u00e9re sem k\u00edv\u00e1nja le\u00e1ll\u00edtani a Brexit-folyamatot.<\/p>\n","protected":false},"author":1,"featured_media":0,"comment_status":"closed","ping_status":"open","sticky":false,"template":"","format":"standard","meta":[],"categories":[12,246],"tags":[],"_links":{"self":[{"href":"https:\/\/gazdasagportal.hu\/index.php\/wp-json\/wp\/v2\/posts\/112806"}],"collection":[{"href":"https:\/\/gazdasagportal.hu\/index.php\/wp-json\/wp\/v2\/posts"}],"about":[{"href":"https:\/\/gazdasagportal.hu\/index.php\/wp-json\/wp\/v2\/types\/post"}],"author":[{"embeddable":true,"href":"https:\/\/gazdasagportal.hu\/index.php\/wp-json\/wp\/v2\/users\/1"}],"replies":[{"embeddable":true,"href":"https:\/\/gazdasagportal.hu\/index.php\/wp-json\/wp\/v2\/comments?post=112806"}],"version-history":[{"count":1,"href":"https:\/\/gazdasagportal.hu\/index.php\/wp-json\/wp\/v2\/posts\/112806\/revisions"}],"predecessor-version":[{"id":112807,"href":"https:\/\/gazdasagportal.hu\/index.php\/wp-json\/wp\/v2\/posts\/112806\/revisions\/112807"}],"wp:attachment":[{"href":"https:\/\/gazdasagportal.hu\/index.php\/wp-json\/wp\/v2\/media?parent=112806"}],"wp:term":[{"taxonomy":"category","embeddable":true,"href":"https:\/\/gazdasagportal.hu\/index.php\/wp-json\/wp\/v2\/categories?post=112806"},{"taxonomy":"post_tag","embeddable":true,"href":"https:\/\/gazdasagportal.hu\/index.php\/wp-json\/wp\/v2\/tags?post=112806"}],"curies":[{"name":"wp","href":"https:\/\/api.w.org\/{rel}","templated":true}]}}