{"id":112796,"date":"2019-01-16T12:29:13","date_gmt":"2019-01-16T11:29:13","guid":{"rendered":"http:\/\/gazdasagportal.hu\/?p=112796"},"modified":"2019-01-16T12:29:13","modified_gmt":"2019-01-16T11:29:13","slug":"brexit-nemet-kulugyminiszter-vege-a-jatszadozasnak","status":"publish","type":"post","link":"https:\/\/gazdasagportal.hu\/index.php\/brexit-nemet-kulugyminiszter-vege-a-jatszadozasnak\/","title":{"rendered":"Brexit &#8211; N\u00e9met k\u00fcl\u00fcgyminiszter: v\u00e9ge a j\u00e1tszadoz\u00e1snak"},"content":{"rendered":"<p><strong>Nincs m\u00e1r sok id\u0151 arra, hogy megold\u00e1st megtal\u00e1ljanak Nagy-Britannia kil\u00e9p\u00e9s\u00e9re az Eur\u00f3pai Uni\u00f3b\u00f3l &#8211; jelentette ki szerd\u00e1n Heiko Maas n\u00e9met k\u00fcl\u00fcgyminiszter, \u00e9s figyelmeztet\u00e9s\u00e9t megtoldotta azzal a megjegyz\u00e9ssel, hogy &#8222;a j\u00e1tszadoz\u00e1sok ideje most m\u00e1r lej\u00e1rt&#8221;.<\/strong><!--more--><\/p>\n<div class=\"ads-in-post1\"><div id=\"gazdasagportal.hu_fullbanner_wideboard\"><\/div>\r\n<\/div>\n<p>    Maas a Deutschlandfunk n\u00e9met k\u00f6zszolg\u00e1lati r\u00e1di\u00f3nak nyilatkozva mondta ezt, miut\u00e1n el\u0151z\u0151 nap a londoni als\u00f3h\u00e1z hatalmas ar\u00e1nyban elutas\u00edtotta a brit EU-tags\u00e1g megsz\u0171n\u00e9s\u00e9nek (Brexit) felt\u00e9telrendszer\u00e9t tartalmaz\u00f3 meg\u00e1llapod\u00e1st.<br \/>\n    Szerinte \u00faj t\u00e1rgyal\u00e1sokra van sz\u00fcks\u00e9g Nagy-Britannia \u00e9s az EU k\u00f6z\u00f6tt, \u00e9s v\u00e9g\u00fcl megbesz\u00e9l\u00e9st kell folytatni az \u00fagynevezett tartal\u00e9kmegold\u00e1sr\u00f3l, amelynek \u00e9rtelm\u00e9ben sz\u00fcks\u00e9g eset\u00e9n egys\u00e9ges v\u00e1m\u00fcgyi szab\u00e1lyoz\u00e1s l\u00e9phet \u00e9letbe az uni\u00f3 \u00e9s az Egyes\u00fclt Kir\u00e1lys\u00e1g k\u00f6z\u00f6tt az \u00edr-\u00e9szak\u00edr hat\u00e1rellen\u0151rz\u00e9s \u00fajb\u00f3li bevezet\u00e9s\u00e9nek elker\u00fcl\u00e9s\u00e9re.<br \/>\n<div class=\"ads-in-post2\"><script async src=\"https:\/\/pagead2.googlesyndication.com\/pagead\/js\/adsbygoogle.js\"><\/script>\r\n<ins class=\"adsbygoogle\"\r\n     style=\"display:block\"\r\n     data-ad-format=\"fluid\"\r\n     data-ad-layout-key=\"-6t+ed+2i-1n-4w\"\r\n     data-ad-client=\"ca-pub-1959107119989764\"\r\n     data-ad-slot=\"4008251320\"><\/ins>\r\n<script>\r\n     (adsbygoogle = window.adsbygoogle || []).push({});\r\n<\/script><\/div>\n    &#8222;Minden k\u00f6r\u00fclm\u00e9nyek k\u00f6z\u00f6tt el akarjuk ker\u00fclni egy v\u00e1mhat\u00e1r bevezet\u00e9s\u00e9t&#8221; &#8211; mondta Maas. K\u00e9rd\u00e9sre v\u00e1laszolva hozz\u00e1tette, hogy amennyiben London k\u00e9rni fogja Br\u00fcsszelt\u0151l a Brexit elhalaszt\u00e1s\u00e1t, akkor az EU konstrukt\u00edvan fog t\u00e1rgyalnia r\u00f3la.<br \/>\n    Azonban el\u0151sz\u00f6r a brit als\u00f3h\u00e1z k\u00e9pvisel\u0151inek el kell d\u00f6nteni\u00fck, hogy mit akarnak. Mostan\u00e1ig &#8222;csup\u00e1n az v\u00e1lt vil\u00e1goss\u00e1, hogy mit nem akarnak, \u00e9s ez nem el\u00e9g&#8221; &#8211; mondta a n\u00e9met diplom\u00e1cia vezet\u0151je.<br \/>\n    Az als\u00f3h\u00e1zban szerd\u00e1n napirendre ker\u00fcl\u0151 bizalmatlans\u00e1gi ind\u00edtv\u00e1nyr\u00f3l sz\u00f3lva hangs\u00falyozta, hogy meg kell \u0151rizni a londoni vezet\u00e9s cselekv\u0151k\u00e9pess\u00e9g\u00e9t. A korm\u00e1ny buk\u00e1sa &#8222;nagyon megbonyol\u00edtan\u00e1&#8221; a helyzetet &#8211; mondta a N\u00e9met Szoci\u00e1ldemokrata P\u00e1rt (SPD) politikusa.<br \/>\n    A koal\u00edci\u00f3s t\u00e1rs Kereszt\u00e9nydemokrata Uni\u00f3 (CDU) r\u00e9sz\u00e9r\u0151l Peter Altmaier gazdas\u00e1gi miniszter a ZDF orsz\u00e1gos k\u00f6ztelev\u00edzi\u00f3ban azt mondta, lehet\u0151s\u00e9get kell adni a briteknek arra, hogy &#8222;tiszt\u00e1zz\u00e1k \u00e1ll\u00e1spontjukat&#8221;.<br \/>\n    A Brexit felt\u00e9telrendszer\u00e9r\u0151l sz\u00f3l\u00f3 meg\u00e1llapod\u00e1st ugyan &#8222;alapvet\u0151en&#8221; nem lehet m\u00f3dos\u00edtani, de van m\u00e9g n\u00e9h\u00e1ny h\u00e9t a kil\u00e9p\u00e9s tervezett id\u0151pontj\u00e1ig &#8211; mondta a miniszter.<br \/>\n    A meg\u00e1llapod\u00e1s n\u00e9lk\u00fcli, &#8222;kem\u00e9ny&#8221; Brexitet mindenk\u00e9ppen el kell ker\u00fclni, mert s\u00falyos k\u00f6vetkezm\u00e9nyekkel j\u00e1rna, \u00e9s nem csak Nagy-Britanni\u00e1ban. &#8222;Mindenki vesz\u00edtene Eur\u00f3p\u00e1ban, \u00e9s senki sem nyerne&#8221; a brit EU-tags\u00e1g rendezetlen felsz\u00e1mol\u00e1s\u00e1val &#8211; mondta Peter Altmaier.<br \/>\n    A rendezetlen Brexit vesz\u00e9lyeire h\u00edvta fel a figyelmet m\u00e1sok mellett Olaf Scholz SPD-s alkancell\u00e1r, p\u00e9nz\u00fcgyminiszter \u00e9s Annegret Kramp-Karrenbauer, a CDU eln\u00f6ke is, \u00e9s t\u00f6bb gazdas\u00e1gi \u00e9rdekk\u00e9pviselet.<br \/>\n    Angela Merkel kancell\u00e1r egyel\u0151re nem foglalt \u00e1ll\u00e1st nyilv\u00e1nosan a Brexit-meg\u00e1llapod\u00e1s londoni parlamenti elutas\u00edt\u00e1s\u00e1r\u00f3l. Az ellenz\u00e9ki Baloldal (Die Linke) szerint ez tarthatatlan \u00e1llapot, Dietmar Bartsch, a p\u00e1rt sz\u00f6vets\u00e9gi parlamenti (Bundestag-) frakci\u00f3j\u00e1nak t\u00e1rseln\u00f6ke szerd\u00e1n s\u00fcrgette, hogy a kancell\u00e1r miel\u0151bb ismertesse a Bundestagban korm\u00e1nya \u00e1ll\u00e1spontj\u00e1t, \u00e9s fejtse ki, hogy mik\u00e9nt akarja elh\u00e1r\u00edtani a &#8222;Brexit-k\u00e1osz&#8221; N\u00e9metorsz\u00e1got fenyeget\u0151 vesz\u00e9lyeit.(MTI)<\/p>\n","protected":false},"excerpt":{"rendered":"<p>Nincs m\u00e1r sok id\u0151 arra, hogy megold\u00e1st megtal\u00e1ljanak Nagy-Britannia kil\u00e9p\u00e9s\u00e9re az Eur\u00f3pai Uni\u00f3b\u00f3l &#8211; jelentette ki szerd\u00e1n Heiko Maas n\u00e9met k\u00fcl\u00fcgyminiszter, \u00e9s figyelmeztet\u00e9s\u00e9t megtoldotta azzal a megjegyz\u00e9ssel, hogy &#8222;a j\u00e1tszadoz\u00e1sok ideje most m\u00e1r lej\u00e1rt&#8221;.<\/p>\n","protected":false},"author":1,"featured_media":0,"comment_status":"closed","ping_status":"open","sticky":false,"template":"","format":"standard","meta":[],"categories":[12,246],"tags":[],"_links":{"self":[{"href":"https:\/\/gazdasagportal.hu\/index.php\/wp-json\/wp\/v2\/posts\/112796"}],"collection":[{"href":"https:\/\/gazdasagportal.hu\/index.php\/wp-json\/wp\/v2\/posts"}],"about":[{"href":"https:\/\/gazdasagportal.hu\/index.php\/wp-json\/wp\/v2\/types\/post"}],"author":[{"embeddable":true,"href":"https:\/\/gazdasagportal.hu\/index.php\/wp-json\/wp\/v2\/users\/1"}],"replies":[{"embeddable":true,"href":"https:\/\/gazdasagportal.hu\/index.php\/wp-json\/wp\/v2\/comments?post=112796"}],"version-history":[{"count":1,"href":"https:\/\/gazdasagportal.hu\/index.php\/wp-json\/wp\/v2\/posts\/112796\/revisions"}],"predecessor-version":[{"id":112797,"href":"https:\/\/gazdasagportal.hu\/index.php\/wp-json\/wp\/v2\/posts\/112796\/revisions\/112797"}],"wp:attachment":[{"href":"https:\/\/gazdasagportal.hu\/index.php\/wp-json\/wp\/v2\/media?parent=112796"}],"wp:term":[{"taxonomy":"category","embeddable":true,"href":"https:\/\/gazdasagportal.hu\/index.php\/wp-json\/wp\/v2\/categories?post=112796"},{"taxonomy":"post_tag","embeddable":true,"href":"https:\/\/gazdasagportal.hu\/index.php\/wp-json\/wp\/v2\/tags?post=112796"}],"curies":[{"name":"wp","href":"https:\/\/api.w.org\/{rel}","templated":true}]}}