{"id":112794,"date":"2019-01-16T12:01:39","date_gmt":"2019-01-16T11:01:39","guid":{"rendered":"http:\/\/gazdasagportal.hu\/?p=112794"},"modified":"2019-01-16T12:01:39","modified_gmt":"2019-01-16T11:01:39","slug":"mnb-az-uzemanyagarak-jelentosen-mersekeltek-az-inflaciot-decemberben","status":"publish","type":"post","link":"https:\/\/gazdasagportal.hu\/index.php\/mnb-az-uzemanyagarak-jelentosen-mersekeltek-az-inflaciot-decemberben\/","title":{"rendered":"MNB: az \u00fczemanyag\u00e1rak jelent\u0151sen m\u00e9rs\u00e9kelt\u00e9k az infl\u00e1ci\u00f3t decemberben"},"content":{"rendered":"<p><strong>Az \u00fczemanyag\u00e1rak cs\u00f6kken\u00e9se jelent\u0151sen m\u00e9rs\u00e9kelte az \u00e1tlagos fogyaszt\u00f3i \u00e1rakat decemberben &#8211; mondta V\u00e1rhegyi Judit, a Magyar Nemzeti Bank (MNB) f\u0151oszt\u00e1lyvezet\u0151je az M1 aktu\u00e1lis csatorn\u00e1n szerd\u00e1n. <\/strong><!--more--><\/p>\n<div class=\"ads-in-post1\"><div id=\"gazdasagportal.hu_fullbanner_wideboard\"><\/div>\r\n<\/div>\n<p>    A K\u00f6zponti Statisztikai Hivatal (KSH) keddi jelent\u00e9se szerint 2018. decemberben \u00e1tlagosan 2,7 sz\u00e1zal\u00e9kkal emelkedtek az \u00e1rak az egy \u00e9vvel kor\u00e1bbihoz k\u00e9pest, azaz tov\u00e1bb lassult az infl\u00e1ci\u00f3 az okt\u00f3beri 3,8 \u00e9s a novemberi 3,1 sz\u00e1zal\u00e9kos \u00fctemr\u0151l. Ez d\u00f6nt\u0151en annak k\u00f6sz\u00f6nhet\u0151, hogy decemberben novemberhez k\u00e9pest 6,9 sz\u00e1zal\u00e9kkal cs\u00f6kkentek az \u00fczemanyag\u00e1rak, amivel a 12-havi \u00fczemanyag\u00e1r-emelked\u00e9s \u00fcteme a novemberi 7,2 sz\u00e1zal\u00e9kosr\u00f3l 1,0 sz\u00e1zal\u00e9kosra lassult.<br \/>\n<div class=\"ads-in-post2\"><script async src=\"https:\/\/pagead2.googlesyndication.com\/pagead\/js\/adsbygoogle.js\"><\/script>\r\n<ins class=\"adsbygoogle\"\r\n     style=\"display:block\"\r\n     data-ad-format=\"fluid\"\r\n     data-ad-layout-key=\"-6t+ed+2i-1n-4w\"\r\n     data-ad-client=\"ca-pub-1959107119989764\"\r\n     data-ad-slot=\"4008251320\"><\/ins>\r\n<script>\r\n     (adsbygoogle = window.adsbygoogle || []).push({});\r\n<\/script><\/div>\n    A f\u0151oszt\u00e1lyvezet\u0151 elmondta: tavaly a fogyaszt\u00f3i \u00e1rak 2,8 sz\u00e1zal\u00e9kkal voltak magasabbak az egy \u00e9vvel kor\u00e1bbin\u00e1l, ezzel hossz\u00fa id\u0151 ut\u00e1n el\u0151sz\u00f6r 2018-ban az \u00e1tlagos fogyaszt\u00f3i \u00e1rak el\u00e9rt\u00e9k a jegybank infl\u00e1ci\u00f3s c\u00e9lja k\u00f6zeli 3 sz\u00e1zal\u00e9kot. Tavaly t\u00f6bb h\u00f3napon kereszt\u00fcl 3 sz\u00e1zal\u00e9k k\u00f6zeli volt az infl\u00e1ci\u00f3, erre pedig az elm\u00falt \u00e9vtizedekben nem volt p\u00e9lda &#8211; f\u0171zte hozz\u00e1.<br \/>\n     Az \u00fczemanyag\u00e1rak mellett, a m\u0171szaki term\u00e9kek \u00e9s a cukor \u00e1ra is m\u00e9rs\u00e9kl\u0151d\u00f6tt decemberben, ezzel szemben a doh\u00e1nyterm\u00e9kek \u00e1ra tov\u00e1bb n\u0151tt novemberhez k\u00e9pest &#8211; mutatott r\u00e1 V\u00e1rhegyi Judit.(MTI)<\/p>\n","protected":false},"excerpt":{"rendered":"<p>Az \u00fczemanyag\u00e1rak cs\u00f6kken\u00e9se jelent\u0151sen m\u00e9rs\u00e9kelte az \u00e1tlagos fogyaszt\u00f3i \u00e1rakat decemberben &#8211; mondta V\u00e1rhegyi Judit, a Magyar Nemzeti Bank (MNB) f\u0151oszt\u00e1lyvezet\u0151je az M1 aktu\u00e1lis csatorn\u00e1n szerd\u00e1n.<\/p>\n","protected":false},"author":1,"featured_media":0,"comment_status":"closed","ping_status":"open","sticky":false,"template":"","format":"standard","meta":[],"categories":[4,19],"tags":[],"_links":{"self":[{"href":"https:\/\/gazdasagportal.hu\/index.php\/wp-json\/wp\/v2\/posts\/112794"}],"collection":[{"href":"https:\/\/gazdasagportal.hu\/index.php\/wp-json\/wp\/v2\/posts"}],"about":[{"href":"https:\/\/gazdasagportal.hu\/index.php\/wp-json\/wp\/v2\/types\/post"}],"author":[{"embeddable":true,"href":"https:\/\/gazdasagportal.hu\/index.php\/wp-json\/wp\/v2\/users\/1"}],"replies":[{"embeddable":true,"href":"https:\/\/gazdasagportal.hu\/index.php\/wp-json\/wp\/v2\/comments?post=112794"}],"version-history":[{"count":1,"href":"https:\/\/gazdasagportal.hu\/index.php\/wp-json\/wp\/v2\/posts\/112794\/revisions"}],"predecessor-version":[{"id":112795,"href":"https:\/\/gazdasagportal.hu\/index.php\/wp-json\/wp\/v2\/posts\/112794\/revisions\/112795"}],"wp:attachment":[{"href":"https:\/\/gazdasagportal.hu\/index.php\/wp-json\/wp\/v2\/media?parent=112794"}],"wp:term":[{"taxonomy":"category","embeddable":true,"href":"https:\/\/gazdasagportal.hu\/index.php\/wp-json\/wp\/v2\/categories?post=112794"},{"taxonomy":"post_tag","embeddable":true,"href":"https:\/\/gazdasagportal.hu\/index.php\/wp-json\/wp\/v2\/tags?post=112794"}],"curies":[{"name":"wp","href":"https:\/\/api.w.org\/{rel}","templated":true}]}}